{"id":8053,"date":"2024-09-04T19:13:29","date_gmt":"2024-09-04T17:13:29","guid":{"rendered":"https:\/\/serbenidorm.daliisolutions.com\/index.php\/2024\/09\/04\/todos-los-partidos-horarios-y-resultados-del-sporting-futbol-sala-la-nucia\/"},"modified":"2024-09-04T19:13:29","modified_gmt":"2024-09-04T17:13:29","slug":"todos-los-partidos-horarios-y-resultados-del-sporting-futbol-sala-la-nucia","status":"publish","type":"post","link":"https:\/\/serbenidorm.daliisolutions.com\/index.php\/2024\/09\/04\/todos-los-partidos-horarios-y-resultados-del-sporting-futbol-sala-la-nucia\/","title":{"rendered":"Todos los partidos, horarios y resultados del Sporting F\u00fatbol Sala La Nuc\u00eda"},"content":{"rendered":"  <p>Benidorm<\/p>   <p>Despu\u00e9s de haber encadenado dos ascensos consecutivos, el Sporting La Nuc\u00eda afronta en la temporada 2024-2025 su debut en la Segunda Divisi\u00f3n del f\u00fatbol sala nacional. De nuevo con David \u2018Dada\u2019 Valverde en el banquillo, los rojillos tratar\u00e1n de asentarse en la categor\u00eda de plata del \u2018futsal\u2019.<\/p>   <p><b>Pretemporada<\/b><\/p>   <p>Sporting La Nuc\u00eda \u2013 UD Levante <b>3-6<\/b><\/p>   <p>Picassent \u2013 Sporting La Nuc\u00eda <b>1-4<\/b><\/p>   <p>Sporting La Nuc\u00eda \u2013 Alzira | 4\/09\/24 Pabell\u00f3n Camilo Cano (20:30 hrs)<\/p>   <p>Yefaky \u2013 Sporting La Nuc\u00eda | 7\/09\/24<\/p>   <p>     .c-w{         max-width:444px;         width:100%;         margin:16px auto;      background:#00755E;         border-radius:4px;         display:flex;         align-items:center;         justify-content:center;     }     .c-w a{         display:flex;         align-items:center;         justify-content:center;         padding:4px 24px;     }     .c-w img{         width:24px;         margin-right:12px;     }     .c-w p{         font:18px\/25px Poppins;         text-align:center;         color:#fff;         margin:0;     }     @media (max-width:444px){         .c-w a{             padding:4px 12px;         }         .c-w img{             width:24px;             margin-right:8px;         }         .c-w p{             font:14px\/25px Poppins;         }     }     @media (max-width:335px){         .c-w p{             font:13px\/25px Poppins;         }     }  <div class=\"c-w\">     <a href=\"https:\/\/www.whatsapp.com\/channel\/0029Va633PF9WtC4l7XUzh1e\" target=\"_blank\" rel=\"noopener\">         <img decoding=\"async\" src=\"https:\/\/cadenaser.com\/estaticos\/recursosgraficos\/responsive\/img\/ico-whatsapp.svg\" alt=\"Whatsapp\">         <p>\u00danete al <b>canal de WhatsApp<\/b> de la SER<\/p>     <\/a> <\/div><\/p>   <p>Jumilla \u2013 Sporting La Nuc\u00eda | 13\/09\/24<\/p>   <p>Cartagena \u2013 Sporting La Nuc\u00eda | 13\/09\/24<\/p>   <p><b>Campeonato de Liga<\/b><\/p>   <p><b>J.1 <\/b>Sporting La Nuc\u00eda \u2013 Melistar | 21\/09\/24 18:00 hrs<\/p>   <p><b>J.2 <\/b>Alzira \u2013 Sporting La Nuc\u00eda | 28\/09\/24 Horario por determinar<\/p>   <p><b>J.3 <\/b>Sporting La Nuc\u00eda \u2013 M\u00e1laga | 5\/10\/24<\/p>   <p><b>J.4 <\/b>Pinatar \u2013 Sporting La Nuc\u00eda | 12\/10\/24<\/p>   <p><b>J.5 <\/b>Sporting La Nuc\u00eda \u2013 Levante UD | 19\/10\/24<\/p>   <p><b>J.6 <\/b>Ibiza \u2013 Sporting La Nuc\u00eda | 26\/10\/24<\/p>   <p><b>J.7 <\/b>Sporting La Nuc\u00eda \u2013 Betis | 2\/11\/24<\/p>   <p><b>J.8 <\/b>El Ejido \u2013 Sporting La Nuc\u00eda | 9\/11\/24<\/p>   <p><b>J.9 <\/b>Sporting La Nuc\u00eda \u2013 Martorell | 16\/11\/24<\/p>   <p><b>J.10 <\/b>Ferrol \u2013 Sporting La Nuc\u00eda | 23\/11\/24<\/p>   <p><b>J.11 <\/b>Sporting La Nuc\u00eda \u2013 Legan\u00e9s | 30\/11\/24<\/p>   <p><b>J.12 <\/b>Lugo \u2013 Sporting La Nuc\u00eda | 7\/12\/24<\/p>   <p><b>J.13 <\/b>Sporting La Nuc\u00eda \u2013 Uni\u00f3n \u00c1frica Ceut\u00ed | 14\/12\/24<\/p>   <p><b>J.14 <\/b>Sporting La Nuc\u00eda \u2013 Bar\u00e7a | 21\/12\/24<\/p>   <p><b>J.15 <\/b>Entrerr\u00edos Zaragoza \u2013 Sporting La Nuc\u00eda | 11\/01\/25<\/p>   <p><b>J.16 <\/b>Sporting La Nuc\u00eda \u2013 Alzira | 25\/01\/25<\/p>   <p><b>J.17 <\/b>Betis \u2013 Sporting La Nuc\u00eda | 1\/02\/25<\/p>   <p><b>J.18 <\/b>Sporting La Nuc\u00eda \u2013 Pinatar | 8\/02\/25<\/p>   <p><b>J.19 <\/b>Levante UD \u2013 Sporting La Nuc\u00eda | 15\/02\/25<\/p>   <p><b>J.20 <\/b>Sporting La Nuc\u00eda \u2013 Ibiza | 22\/02\/25<\/p>   <p><b>J.21 <\/b>Martorell \u2013 Sporting La Nuc\u00eda | 1\/03\/25<\/p>   <p><b>J.22 <\/b>Sporting La Nuc\u00eda \u2013 Ferrol | 8\/03\/25<\/p>   <p><b>J.23 <\/b>Uni\u00f3n \u00c1frica Ceut\u00ed \u2013 Sporting La Nuc\u00eda | 15\/03\/25<\/p>   <p><b>J.24 <\/b>Sporting La Nuc\u00eda \u2013 El Ejido | 22\/03\/25<\/p>   <p><b>J.25 <\/b>M\u00e1laga \u2013 Sporting La Nuc\u00eda | 5\/04\/25<\/p>   <p><b>J.26 <\/b>Bar\u00e7a \u2013 Sporting La Nuc\u00eda | 12\/04\/25<\/p>   <p><b>J.27 <\/b>Sporting La Nuc\u00eda \u2013 Lugo | 19\/04\/25<\/p>   <p><b>J.28 <\/b>Legan\u00e9s \u2013 Sporting La Nuc\u00eda | 26\/04\/25<\/p>   <p><b>J.29 <\/b>Sporting La Nuc\u00eda \u2013 Entrerr\u00edos Zaragoza | 03\/05\/25<\/p>   <p><b>J.30 <\/b>Melistar \u2013 Sporting La Nuc\u00eda | 10\/05\/25<\/p> ","protected":false},"excerpt":{"rendered":"<p>El equipo del Camilo Cano debuta esta temporada en Segunda Divisi\u00f3n<\/p>\n","protected":false},"author":0,"featured_media":8054,"comment_status":"open","ping_status":"open","sticky":false,"template":"","format":"standard","meta":{"_acf_changed":false,"footnotes":""},"categories":[16],"tags":[],"class_list":["post-8053","post","type-post","status-publish","format-standard","has-post-thumbnail","hentry","category-deportes"],"acf":{"ser_id":"TPKI52AIFNDW5DANWN73IBHS3A","ser_url":"https:\/\/cadenaser.com\/comunitat-valenciana\/2024\/09\/04\/todos-los-partidos-horarios-y-resultados-del-sporting-futbol-sala-la-nucia-radio-benidorm\/"},"_links":{"self":[{"href":"https:\/\/serbenidorm.daliisolutions.com\/index.php\/wp-json\/wp\/v2\/posts\/8053","targetHints":{"allow":["GET"]}}],"collection":[{"href":"https:\/\/serbenidorm.daliisolutions.com\/index.php\/wp-json\/wp\/v2\/posts"}],"about":[{"href":"https:\/\/serbenidorm.daliisolutions.com\/index.php\/wp-json\/wp\/v2\/types\/post"}],"replies":[{"embeddable":true,"href":"https:\/\/serbenidorm.daliisolutions.com\/index.php\/wp-json\/wp\/v2\/comments?post=8053"}],"version-history":[{"count":0,"href":"https:\/\/serbenidorm.daliisolutions.com\/index.php\/wp-json\/wp\/v2\/posts\/8053\/revisions"}],"wp:featuredmedia":[{"embeddable":true,"href":"https:\/\/serbenidorm.daliisolutions.com\/index.php\/wp-json\/wp\/v2\/media\/8054"}],"wp:attachment":[{"href":"https:\/\/serbenidorm.daliisolutions.com\/index.php\/wp-json\/wp\/v2\/media?parent=8053"}],"wp:term":[{"taxonomy":"category","embeddable":true,"href":"https:\/\/serbenidorm.daliisolutions.com\/index.php\/wp-json\/wp\/v2\/categories?post=8053"},{"taxonomy":"post_tag","embeddable":true,"href":"https:\/\/serbenidorm.daliisolutions.com\/index.php\/wp-json\/wp\/v2\/tags?post=8053"}],"curies":[{"name":"wp","href":"https:\/\/api.w.org\/{rel}","templated":true}]}}