{"id":8081,"date":"2024-09-05T16:24:09","date_gmt":"2024-09-05T14:24:09","guid":{"rendered":"https:\/\/serbenidorm.daliisolutions.com\/index.php\/2024\/09\/05\/las-ultimas-lluvias-arrastran-las-cenizas-del-incendio-de-tarbena-hasta-altea\/"},"modified":"2024-09-05T16:24:09","modified_gmt":"2024-09-05T14:24:09","slug":"las-ultimas-lluvias-arrastran-las-cenizas-del-incendio-de-tarbena-hasta-altea","status":"publish","type":"post","link":"https:\/\/serbenidorm.daliisolutions.com\/index.php\/2024\/09\/05\/las-ultimas-lluvias-arrastran-las-cenizas-del-incendio-de-tarbena-hasta-altea\/","title":{"rendered":"Las \u00faltimas lluvias arrastran las cenizas del incendio de T\u00e1rbena hasta Altea"},"content":{"rendered":"  <p>T\u00e1rbena &#8211; Altea<\/p>   <p>Las lluvias de este mi\u00e9rcoles, puntualmente intensas en algunos puntos de la Marina Baixa, han provocado el arrastre de una considerable cantidad de ceniza a trav\u00e9s del r\u00edo Algar a consecuencia del <a href=\"https:\/\/cadenaser.com\/comunitat-valenciana\/2024\/04\/16\/la-evolucion-del-incendio-de-tarbena-es-favorable-radio-benidorm\/\" target=\"_blank\" rel=\"noopener\">incendio que sufri\u00f3 la localidad de T\u00e1rbena el pasado mes de abril<\/a>.<\/p>   <p>Un arrastre que se traduce en la turbidez y el color oscuro que presentan las aguas r\u00edo abajo, <a href=\"https:\/\/cadenaser.com\/tag\/altea\/a\/\" target=\"_blank\" rel=\"noopener\">en puntos como las fuentes del Algar o incluso la playa de l&#8217;Espig\u00f3 de Altea<\/a> que en las horas posteriores a las precipitaciones tuvo que ser cerrada a los ba\u00f1istas.<\/p>   <p>Otra consecuencia de este fen\u00f3meno la sufren los agricultores, porque mientras algunos s\u00ed han visto incrementada la capacidad de sus balsas de riego en plena situaci\u00f3n de emergencia por sequ\u00eda como la que la comarca tiene decretada desde el principio de verano, los que trabajan esta zona han visto paralizada la captaci\u00f3n de abastecimiento al rebasar el agua los dep\u00f3sitos.<\/p>  <p><p class=\"tit\"><span>Hora 14 Benidorm (05\/09\/2024)<\/span><\/p> <p class=\"emb\"><iframe loading=\"lazy\" src=\"https:\/\/cadenaser.com\/embed\/audio\/460\/cadenaser_benidorm_hora14benidorm_20240905_141700_143000\/\" width=\"100%\" height=\"360\" frameborder=\"0\" allowfullscreen><\/iframe><\/p><\/p>   <p>Una circunstancia que el director del <a href=\"https:\/\/cadenaser.com\/tag\/comarca_la_marina_baixa\/a\/\" target=\"_blank\" rel=\"noopener\">Consorcio de Aguas de la Marina Baixa, Jaime Berenguer<\/a>, ha asegurado a <a href=\"https:\/\/cadenaser.com\/tag\/benidorm\/a\/\" target=\"_blank\" rel=\"noopener\">Radio Benidorm<\/a> que no hab\u00eda presenciado en d\u00e9cadas y que atribuye al abandono del cultivo en las tierras altas: \u00abAl final lo que produce es unas escorrent\u00edas muy r\u00e1pidas\u00bb.<\/p>   <p>La mezcla de la ceniza y la resina, ha explicado, produce un residuo que se adhiere a las piedras del r\u00edo y que lluvias como las experimentadas esta semana no consiguen deshacer; ser\u00eda necesaria una precipitaci\u00f3n muy contundente para poder borrar los restos del fuego que calcin\u00f3 en primavera m\u00e1s de 800 hect\u00e1reas.<\/p>   <p>     .c-w{         max-width:444px;         width:100%;         margin:16px auto;      background:#00755E;         border-radius:4px;         display:flex;         align-items:center;         justify-content:center;     }     .c-w a{         display:flex;         align-items:center;         justify-content:center;         padding:4px 24px;     }     .c-w img{         width:24px;         margin-right:12px;     }     .c-w p{         font:18px\/25px Poppins;         text-align:center;         color:#fff;         margin:0;     }     @media (max-width:444px){         .c-w a{             padding:4px 12px;         }         .c-w img{             width:24px;             margin-right:8px;         }         .c-w p{             font:14px\/25px Poppins;         }     }     @media (max-width:335px){         .c-w p{             font:13px\/25px Poppins;         }     }  <div class=\"c-w\">     <a href=\"https:\/\/www.whatsapp.com\/channel\/0029Va633PF9WtC4l7XUzh1e\" target=\"_blank\" rel=\"noopener\">         <img decoding=\"async\" src=\"https:\/\/cadenaser.com\/estaticos\/recursosgraficos\/responsive\/img\/ico-whatsapp.svg\" alt=\"Whatsapp\">         <p>\u00danete al <b>canal de WhatsApp<\/b> de la SER<\/p>     <\/a> <\/div><\/p>   <p>Es por esto que el director del Consorcio considera necesarias pol\u00edticas medioambientales p\u00fablicas que fomenten la agricultura en un territorio cada vez m\u00e1s abandonado y dejado a los pinos, un \u00e1rbol que arde con facilidad. <\/p>  <p><p>M\u00e1s informaci\u00f3n<\/p><figure><img loading=\"lazy\" decoding=\"async\" src=\"https:\/\/cadenaser.com\/resizer\/v2\/NZN6Y4OCTRARNKJIRRUOFZVJ7E.jpg?auth=76d1a038db51772c0530ce4c32aaa5f4429fbb369f47ed1ad780e8c20fbaeb85&amp;quality=70&amp;width=360&amp;height=202&amp;smart=true\" width=\"820\" height=\"621\" \/><\/figure><ul><li><a href=\"https:\/\/cadenaser.com\/comunitat-valenciana\/2024\/09\/02\/septiembre-empieza-revuelto-con-tormentas-pero-sera-en-general-calido-y-seco-mientras-avanza-la-sequia-radio-valencia\/\"><span>Septiembre empieza \u00abrevuelto\u00bb con tormentas en la Comunitat Valenciana, pero ser\u00e1 en general c\u00e1lido y seco mientras avanza la sequ\u00eda<\/span><\/a><\/li><\/ul><\/p>   <p>En opini\u00f3n de Berenguer resulta fundamental as\u00ed la roturaci\u00f3n, la acci\u00f3n agr\u00edcola de arar o labrar la superficie por primera vez oxigenando el suelo y permitiendo la entrada de otros agentes introducidos por la acci\u00f3n humana o natural.<\/p>   <p>Lluvias insuficientes para luchar contra la sequ\u00eda<\/p>   <p>Hoy por hoy las precipitaciones en la Marina Baixa se sit\u00faan en torno a 120 litros por metro cuadrado cuando la media de un a\u00f1o de normalidad ronda los 600. A lo largo del periodo estival ha sido necesario introducir en el sistema 3,2 hect\u00f3metros c\u00fabicos de agua desde la planta desaladora de Mutxamel, un 50 % de la demanda total de este valioso recurso.<\/p>   <p>El responsable del Consorcio de Aguas conf\u00eda ahora en haber superado el periodo m\u00e1s cr\u00edtico y ha subrayado el agradecimiento a los trabajadores del sector primario por haber restringido el regad\u00edo durante los \u00faltimos meses garantizando el suministro.<\/p> ","protected":false},"excerpt":{"rendered":"<p>El abandono de los cultivos en el interior de la Marina Baixa impide la limpieza del terreno provocando vertidos y turbidez del agua r\u00edo abajo<\/p>\n","protected":false},"author":0,"featured_media":8082,"comment_status":"open","ping_status":"open","sticky":false,"template":"","format":"standard","meta":{"_acf_changed":false,"footnotes":""},"categories":[1],"tags":[],"class_list":["post-8081","post","type-post","status-publish","format-standard","has-post-thumbnail","hentry","category-sin-categoria"],"acf":{"ser_id":"LT56SIOK2FDXFFBOTE6LZL2NFM","ser_url":"https:\/\/cadenaser.com\/comunitat-valenciana\/2024\/09\/05\/las-ultimas-lluvias-arrastran-las-cenizas-del-incendio-de-tarbena-hasta-altea-radio-benidorm\/"},"_links":{"self":[{"href":"https:\/\/serbenidorm.daliisolutions.com\/index.php\/wp-json\/wp\/v2\/posts\/8081","targetHints":{"allow":["GET"]}}],"collection":[{"href":"https:\/\/serbenidorm.daliisolutions.com\/index.php\/wp-json\/wp\/v2\/posts"}],"about":[{"href":"https:\/\/serbenidorm.daliisolutions.com\/index.php\/wp-json\/wp\/v2\/types\/post"}],"replies":[{"embeddable":true,"href":"https:\/\/serbenidorm.daliisolutions.com\/index.php\/wp-json\/wp\/v2\/comments?post=8081"}],"version-history":[{"count":0,"href":"https:\/\/serbenidorm.daliisolutions.com\/index.php\/wp-json\/wp\/v2\/posts\/8081\/revisions"}],"wp:featuredmedia":[{"embeddable":true,"href":"https:\/\/serbenidorm.daliisolutions.com\/index.php\/wp-json\/wp\/v2\/media\/8082"}],"wp:attachment":[{"href":"https:\/\/serbenidorm.daliisolutions.com\/index.php\/wp-json\/wp\/v2\/media?parent=8081"}],"wp:term":[{"taxonomy":"category","embeddable":true,"href":"https:\/\/serbenidorm.daliisolutions.com\/index.php\/wp-json\/wp\/v2\/categories?post=8081"},{"taxonomy":"post_tag","embeddable":true,"href":"https:\/\/serbenidorm.daliisolutions.com\/index.php\/wp-json\/wp\/v2\/tags?post=8081"}],"curies":[{"name":"wp","href":"https:\/\/api.w.org\/{rel}","templated":true}]}}