{"id":8083,"date":"2024-09-05T16:24:10","date_gmt":"2024-09-05T14:24:10","guid":{"rendered":"https:\/\/serbenidorm.daliisolutions.com\/index.php\/2024\/09\/05\/novedad-en-un-parking-de-benidorm-asi-son-los-pases-para-aparcar-mas-barato-durante-un-ano\/"},"modified":"2024-09-05T16:24:10","modified_gmt":"2024-09-05T14:24:10","slug":"novedad-en-un-parking-de-benidorm-asi-son-los-pases-para-aparcar-mas-barato-durante-un-ano","status":"publish","type":"post","link":"https:\/\/serbenidorm.daliisolutions.com\/index.php\/2024\/09\/05\/novedad-en-un-parking-de-benidorm-asi-son-los-pases-para-aparcar-mas-barato-durante-un-ano\/","title":{"rendered":"Novedad en un parking de Benidorm: as\u00ed son los pases para aparcar m\u00e1s barato durante un a\u00f1o"},"content":{"rendered":"  <p>Benidorm<\/p>   <p>Despu\u00e9s del incremento del precio en los tres aparcamientos que la multinacional Telpark gestiona en Benidorm, el del mercado municipal, Ametlla del Mar y Tom\u00e1s Ortu\u00f1o, el Ayuntamiento de Benidorm va a poner en marcha una nueva campa\u00f1a de descuentos en este \u00faltimo. <\/p>   <p>As\u00ed lo ha trasladado este jueves el concejal de Movilidad, Francis Mu\u00f1oz, que ha destacado que esta iniciativa permitir\u00e1 <a href=\"https:\/\/cadenaser.com\/tag\/benidorm\/a\/\" target=\"_blank\" rel=\"noopener\">aparcar hasta un m\u00e1ximo de 12 horas en el estacionamiento de Tom\u00e1s Ortu\u00f1o con una tarifa fija de 2,99 euros<\/a>. La comercializaci\u00f3n arranca el pr\u00f3ximo lunes, 9 de septiembre, y se prolongar\u00e1 \u201chasta el d\u00eda 30 de este mes o hasta agotar el cupo de existencias\u201d, ha explicado.<\/p>   <p>De este modo, los usuarios podr\u00e1n comprar a trav\u00e9s de la aplicaci\u00f3n de Telpark un abono de 5, 10 o 20 pases, cada uno de los cuales tendr\u00e1 un precio de 2,99 euros y con el que podr\u00e1n acceder al parking y aparcar durante 12 horas sin necesidad de pasar por caja o realizar ninguna otra gesti\u00f3n, dado que \u201cel propio sistema reconocer\u00e1 la matr\u00edcula y abrir\u00e1 la barrera al veh\u00edculo al que est\u00e9n vinculado estos pases\u201d, ha explicado el portavoz de la concesionaria Cristian M\u00fa\u00f1oz. En el caso de superar las 12 horas de estacionamiento, \u201cse deber\u00e1 abonar la diferencia antes de salir del parking\u201d, ha indicado, mientras que \u201cla \u00fanica limitaci\u00f3n es que cada usuario solo podr\u00e1 comprar un m\u00e1ximo de 40 pases\u201d.<\/p>  <p><figure><img loading=\"lazy\" decoding=\"async\" src=\"https:\/\/cadenaser.com\/resizer\/v2\/M26UZO6MYVBK5ED6L4EHB5MN7Q.jpg?auth=c772c9b5d30d3c6b8b198fe9c9b282c5be949655d204285f0bab8adfac59cea0&amp;quality=70&amp;width=360&amp;height=202&amp;smart=true\" alt=\"\u00bfQu\u00e9 hay de la segunda fase de la avenida Mediterr\u00e1neo de Benidorm? El PSOE pide al gobierno que licite el proyecto\" width=\"240\" height=\"135\" \/><\/figure><div><a href=\"https:\/\/cadenaser.com\/comunitat-valenciana\/2024\/09\/04\/que-hay-de-la-segunda-fase-de-la-avenida-mediterraneo-de-benidorm-el-psoe-pide-al-gobierno-que-licite-el-proyecto-radio-benidorm\/\">\u00bfQu\u00e9 hay de la segunda fase de la avenida Mediterr\u00e1neo de Benidorm? El PSOE pide al gobierno que licite el proyecto<\/a><p><\/p><\/div><\/p>   <p>La campa\u00f1a de venta se desarrollar\u00e1 durante el mes de septiembre, aunque \u201cel uso de los pases tendr\u00e1 una vigencia de un a\u00f1o\u201d, ha matizado el concejal de Movilidad. \u201cLos usuarios podr\u00e1n utilizarlos hasta septiembre de 2025\u201d, seg\u00fan Francis Mu\u00f1oz, que tambi\u00e9n ha destacado que \u201cmientras el estacionamiento regulado de la zona azul tiene un coste por hora de 0,50 c\u00e9ntimos, esta tarifa permitir\u00e1 aparcar en un parking cerrado, vigilado y con asistencia las 24 horas por 0,25 c\u00e9ntimos la hora\u201d. <\/p>  <p><p class=\"tit\"><span>Hora 14 Benidorm (05\/09\/2024)<\/span><\/p> <p class=\"emb\"><iframe loading=\"lazy\" src=\"https:\/\/cadenaser.com\/embed\/audio\/460\/cadenaser_benidorm_hora14benidorm_20240905_141700_143000\/\" width=\"100%\" height=\"360\" frameborder=\"0\" allowfullscreen><\/iframe><\/p><\/p>   <p>Actualizaci\u00f3n del IPC<\/p>   <p>Sobre el incremento de precios que experimentan los tres aparcamientos mencionados el edil ha explicado que se debe a una actualizaci\u00f3n conforme el \u00edndice de Precios al Consumo (IPC): \u00abLos precios estaban sin actualizar desde 2010, nosotros hemos cumplido al amparo de los pliegos y los t\u00e9cnicos municipales\u00bb, ha asegurado Mu\u00f1oz.<br \/> <\/p>   <p>     .c-w{         max-width:444px;         width:100%;         margin:16px auto;      background:#00755E;         border-radius:4px;         display:flex;         align-items:center;         justify-content:center;     }     .c-w a{         display:flex;         align-items:center;         justify-content:center;         padding:4px 24px;     }     .c-w img{         width:24px;         margin-right:12px;     }     .c-w p{         font:18px\/25px Poppins;         text-align:center;         color:#fff;         margin:0;     }     @media (max-width:444px){         .c-w a{             padding:4px 12px;         }         .c-w img{             width:24px;             margin-right:8px;         }         .c-w p{             font:14px\/25px Poppins;         }     }     @media (max-width:335px){         .c-w p{             font:13px\/25px Poppins;         }     }  <div class=\"c-w\">     <a href=\"https:\/\/www.whatsapp.com\/channel\/0029Va633PF9WtC4l7XUzh1e\" target=\"_blank\" rel=\"noopener\">         <img decoding=\"async\" src=\"https:\/\/cadenaser.com\/estaticos\/recursosgraficos\/responsive\/img\/ico-whatsapp.svg\" alt=\"Whatsapp\">         <p>\u00danete al <b>canal de WhatsApp<\/b> de la SER<\/p>     <\/a> <\/div><\/p> ","protected":false},"excerpt":{"rendered":"<p>Despu\u00e9s de la subida de tarifas por la actualizaci\u00f3n del IPC <\/p>\n","protected":false},"author":0,"featured_media":8084,"comment_status":"open","ping_status":"open","sticky":false,"template":"","format":"standard","meta":{"_acf_changed":false,"footnotes":""},"categories":[1],"tags":[],"class_list":["post-8083","post","type-post","status-publish","format-standard","has-post-thumbnail","hentry","category-sin-categoria"],"acf":{"ser_id":"C6GJ357PVVDX7CBMJIASZS4S5U","ser_url":"https:\/\/cadenaser.com\/comunitat-valenciana\/2024\/09\/05\/novedad-en-un-parking-de-benidorm-asi-son-los-pases-para-aparcar-mas-barato-durante-un-ano-radio-benidorm\/"},"_links":{"self":[{"href":"https:\/\/serbenidorm.daliisolutions.com\/index.php\/wp-json\/wp\/v2\/posts\/8083","targetHints":{"allow":["GET"]}}],"collection":[{"href":"https:\/\/serbenidorm.daliisolutions.com\/index.php\/wp-json\/wp\/v2\/posts"}],"about":[{"href":"https:\/\/serbenidorm.daliisolutions.com\/index.php\/wp-json\/wp\/v2\/types\/post"}],"replies":[{"embeddable":true,"href":"https:\/\/serbenidorm.daliisolutions.com\/index.php\/wp-json\/wp\/v2\/comments?post=8083"}],"version-history":[{"count":0,"href":"https:\/\/serbenidorm.daliisolutions.com\/index.php\/wp-json\/wp\/v2\/posts\/8083\/revisions"}],"wp:featuredmedia":[{"embeddable":true,"href":"https:\/\/serbenidorm.daliisolutions.com\/index.php\/wp-json\/wp\/v2\/media\/8084"}],"wp:attachment":[{"href":"https:\/\/serbenidorm.daliisolutions.com\/index.php\/wp-json\/wp\/v2\/media?parent=8083"}],"wp:term":[{"taxonomy":"category","embeddable":true,"href":"https:\/\/serbenidorm.daliisolutions.com\/index.php\/wp-json\/wp\/v2\/categories?post=8083"},{"taxonomy":"post_tag","embeddable":true,"href":"https:\/\/serbenidorm.daliisolutions.com\/index.php\/wp-json\/wp\/v2\/tags?post=8083"}],"curies":[{"name":"wp","href":"https:\/\/api.w.org\/{rel}","templated":true}]}}