{"id":8103,"date":"2024-09-06T14:04:31","date_gmt":"2024-09-06T12:04:31","guid":{"rendered":"https:\/\/serbenidorm.daliisolutions.com\/index.php\/2024\/09\/06\/benidorm-cierra-el-calendario-europeo-del-orgullo-gay-con-mas-de-20-000-personas\/"},"modified":"2024-09-06T14:04:31","modified_gmt":"2024-09-06T12:04:31","slug":"benidorm-cierra-el-calendario-europeo-del-orgullo-gay-con-mas-de-20-000-personas","status":"publish","type":"post","link":"https:\/\/serbenidorm.daliisolutions.com\/index.php\/2024\/09\/06\/benidorm-cierra-el-calendario-europeo-del-orgullo-gay-con-mas-de-20-000-personas\/","title":{"rendered":"Benidorm cierra el calendario europeo del Orgullo Gay con m\u00e1s de 20.000 personas"},"content":{"rendered":"  <p>Benidorm<\/p>   <p>El Benidorm Pride se prepara para reunir este fin de semana en la ciudad a unas 20.000 personas en los que ser\u00e1n los d\u00edas centrales de este orgullo LGTB que cierra el calendario europeo y <a href=\"https:\/\/cadenaser.com\/tag\/benidorm\/a\/\" target=\"_blank\" rel=\"noopener\">el Benidorm Fest tambi\u00e9n volver\u00e1 a estar presente con una carroza en el desfile del Parade<\/a> y actuaciones de algunos de los artistas que han pasado por el certamen como Jorge Gonz\u00e1lez.<\/p>   <p>M\u00e1s de 20 carrozas y una amplia variedad de veh\u00edculos partir\u00e1n este s\u00e1bado a las 17.00 horas del Rinc\u00f3n de Loix recorriendo el Paseo de Levante y las avenidas Mediterr\u00e1neo y l\u2019Aig\u00fcera hasta alcanzar el auditorio Julio Iglesias. Tras el Parade, y en el mismo auditorio, ser\u00e1 el turno de la fiesta del \u2018Main Stage\u2019.<\/p>   <p>La organizaci\u00f3n espera que la presencia de m\u00e1s artistas espa\u00f1oles favorezca el aumento de p\u00fablico nacional en un Pride que en anteriores ediciones ha tenido un claro predominio de asistentes internacionales, fundamentalmente del Reino Unido. <\/p>  <p><figure><img loading=\"lazy\" decoding=\"async\" src=\"https:\/\/cadenaser.com\/resizer\/v2\/UVEBD3PZCJFCHB32R22YEVCGO4.jpg?auth=2ec1ea7a966c7a00f976fbfd4a4959e132eeda068876cf648744dca7de872226&amp;quality=70&amp;width=360&amp;height=202&amp;smart=true\" alt=\"Benidorm recibe septiembre con orgullo\" width=\"240\" height=\"135\" \/><\/figure><div><a href=\"https:\/\/cadenaser.com\/comunitat-valenciana\/2024\/08\/22\/benidorm-recibe-septiembre-con-orgullo-radio-benidorm\/\">Benidorm recibe septiembre con orgullo<\/a><p><\/p><\/div><\/p>   <p>El secretario de la Asociaci\u00f3n Turismo LGBT, Santos Torres, ha repasado adem\u00e1s en <a href=\"https:\/\/cadenaser.com\/tag\/comarca_la_marina_baixa\/a\/\" target=\"_blank\" rel=\"noopener\">La Ventana de la Marina Baixa<\/a> algunas de las fiestas que ya se han celebrado a lo largo de la semana como la \u2018White Party\u2019, tambi\u00e9n en el auditorio Julio Iglesias; la \u2018Pool Party\u2019, en el Marina Resort Hotel; y la \u2018Queen of the palace\u2019 en Ku Lounge Caf\u00e9. <\/p>   <p>Y a las celebraciones se han sumado en esta edici\u00f3n del Pride distintas actividades culturales como la exposici\u00f3n \u2018Voices\u2019 de \u2018El chico llama\u2019, nombre art\u00edstico del ilustrador Javier Navarrete sobre referentes LGTB y que se puede ver en la Casa del Fester (calle La Biga).<\/p>   <p>     .c-w{         max-width:444px;         width:100%;         margin:16px auto;      background:#00755E;         border-radius:4px;         display:flex;         align-items:center;         justify-content:center;     }     .c-w a{         display:flex;         align-items:center;         justify-content:center;         padding:4px 24px;     }     .c-w img{         width:24px;         margin-right:12px;     }     .c-w p{         font:18px\/25px Poppins;         text-align:center;         color:#fff;         margin:0;     }     @media (max-width:444px){         .c-w a{             padding:4px 12px;         }         .c-w img{             width:24px;             margin-right:8px;         }         .c-w p{             font:14px\/25px Poppins;         }     }     @media (max-width:335px){         .c-w p{             font:13px\/25px Poppins;         }     }  <div class=\"c-w\">     <a href=\"https:\/\/www.whatsapp.com\/channel\/0029Va633PF9WtC4l7XUzh1e\" target=\"_blank\" rel=\"noopener\">         <img decoding=\"async\" src=\"https:\/\/cadenaser.com\/estaticos\/recursosgraficos\/responsive\/img\/ico-whatsapp.svg\" alt=\"Whatsapp\">         <p>\u00danete al <b>canal de WhatsApp<\/b> de la SER<\/p>     <\/a> <\/div><\/p>   <p>Programa de actos<\/p>   <p><li>Lunes, 2 de septiembre<br \/> Fiestas organizadas por los bares y discotecas del Casco Antiguo\u00a0<\/li><li>Martes, 3 de septiembre<br \/> Fiestas organizadas por los bares y clubes del Casco Antiguo<\/li><li>Mi\u00e9rcoles, 4 de septiembre<br \/> Fiesta \u2018Queen of the Palace\u2019. Ku Lounge Caf\u00e9. (Entradas disponibles en la APP del Benidorm Pride Festival y en la puerta de acceso)<br \/> Fiestas organizadas por los bares y discotecas del Casco Viejo\u00a0<\/li><li>Jueves, 5 \u00a0de septiembre<br \/> Pool Party en Primavera Park Hotel (Entradas disponibles en la APP del Benidorm Pride Festival y en la puerta de acceso)<br \/> Fiestas organizadas por los bares y discotecas del Casco Antiguo<\/li><li>Viernes, 6 de septiembre<br \/> &#8211; White Party 10\u00ba aniversario en Auditorio Julio Iglesias del Parque de l\u2019Aig\u00fcera. (Entradas disponibles en la APP del Benidorm Pride Festival y en la puerta de acceso)<br \/> \u00a0\u2018After Party\u2019. Ku Lounge Caf\u00e9<br \/> Fiestas organizadas por los bares y discotecas del Casco Antiguo<\/li><li>S\u00e1bado, 7 de septiembre<br \/> 17.00h &#8211; Desfile THE PARADE &#8211; empieza en el Rinc\u00f3n de Loix y termina en el auditorio Julio Iglesias.\u00a0<br \/> 19.00h &#8211; MAIN STAGE &#8211; Auditorio Julio Iglesias del Parque de l\u2019Aig\u00fcera<br \/> &#8211; \u2018Kluster After Party\u2019. Pen\u00e9lope Benidorm<br \/> Fiestas organizadas por los bares y discotecas del Casco Antiguo<\/li><li>Domingo, 10 de septiembre<br \/> Closing Party\u2019. Anfiteatro \u00d3scar Espl\u00e1 del Parque de l\u2019Aig\u00fcera<br \/> Fiestas organizadas por los bares y discotecas del Casco Antiguo<\/li><\/p> ","protected":false},"excerpt":{"rendered":"<p>El Pride celebra este s\u00e1bado su multitudinario desfile con r\u00e9cord de carrozas<\/p>\n","protected":false},"author":0,"featured_media":8104,"comment_status":"open","ping_status":"open","sticky":false,"template":"","format":"standard","meta":{"_acf_changed":false,"footnotes":""},"categories":[1],"tags":[],"class_list":["post-8103","post","type-post","status-publish","format-standard","has-post-thumbnail","hentry","category-sin-categoria"],"acf":{"ser_id":"DXJG4ZNU3VBNXCWRZ3OY4M4ZJI","ser_url":"https:\/\/cadenaser.com\/comunitat-valenciana\/2024\/09\/06\/benidorm-cierra-el-calendario-europeo-del-orgullo-gay-con-mas-de-20000-personas-radio-benidorm\/"},"_links":{"self":[{"href":"https:\/\/serbenidorm.daliisolutions.com\/index.php\/wp-json\/wp\/v2\/posts\/8103","targetHints":{"allow":["GET"]}}],"collection":[{"href":"https:\/\/serbenidorm.daliisolutions.com\/index.php\/wp-json\/wp\/v2\/posts"}],"about":[{"href":"https:\/\/serbenidorm.daliisolutions.com\/index.php\/wp-json\/wp\/v2\/types\/post"}],"replies":[{"embeddable":true,"href":"https:\/\/serbenidorm.daliisolutions.com\/index.php\/wp-json\/wp\/v2\/comments?post=8103"}],"version-history":[{"count":0,"href":"https:\/\/serbenidorm.daliisolutions.com\/index.php\/wp-json\/wp\/v2\/posts\/8103\/revisions"}],"wp:featuredmedia":[{"embeddable":true,"href":"https:\/\/serbenidorm.daliisolutions.com\/index.php\/wp-json\/wp\/v2\/media\/8104"}],"wp:attachment":[{"href":"https:\/\/serbenidorm.daliisolutions.com\/index.php\/wp-json\/wp\/v2\/media?parent=8103"}],"wp:term":[{"taxonomy":"category","embeddable":true,"href":"https:\/\/serbenidorm.daliisolutions.com\/index.php\/wp-json\/wp\/v2\/categories?post=8103"},{"taxonomy":"post_tag","embeddable":true,"href":"https:\/\/serbenidorm.daliisolutions.com\/index.php\/wp-json\/wp\/v2\/tags?post=8103"}],"curies":[{"name":"wp","href":"https:\/\/api.w.org\/{rel}","templated":true}]}}