{"id":8106,"date":"2024-09-06T14:44:33","date_gmt":"2024-09-06T12:44:33","guid":{"rendered":"https:\/\/serbenidorm.daliisolutions.com\/index.php\/2024\/09\/06\/finestrat-construira-una-rotonda-ovalada-en-la-cala-para-eliminar-el-cruce-semaforico-del-mitico\/"},"modified":"2024-09-06T14:44:33","modified_gmt":"2024-09-06T12:44:33","slug":"finestrat-construira-una-rotonda-ovalada-en-la-cala-para-eliminar-el-cruce-semaforico-del-mitico","status":"publish","type":"post","link":"https:\/\/serbenidorm.daliisolutions.com\/index.php\/2024\/09\/06\/finestrat-construira-una-rotonda-ovalada-en-la-cala-para-eliminar-el-cruce-semaforico-del-mitico\/","title":{"rendered":"Finestrat construir\u00e1 una rotonda ovalada en \u00abLa Cala\u00bb para eliminar el cruce semaf\u00f3rico del \u00abM\u00edtico\u00bb"},"content":{"rendered":"  <p>Finestrat<\/p>   <p>El Ayuntamiento de Finestrat tiene previsto eliminar el cruce semaf\u00f3rico de la avenida Finestrat, en la zona de La Cala, para construir una rotonda ovalada que mejore la circulaci\u00f3n en este punto en el que confluyen los municipios de Benidorm, Finestrat y La Vila Joiosa en pocos metros y eliminar atascos.<\/p>   <p>As\u00ed lo ha adelantado el alcalde, Juan Francisco Llorca, en <a href=\"\/\/radiobenidorm.es\" rel=\"nofollow noopener\" target=\"_blank\">Hoy por Hoy Benidorm.<\/a> \u201cYa tenemos elaborado el anteproyecto y ahora vamos a iniciar la redacci\u00f3n del proyecto que se desarrollar\u00e1 en varias fases\u201d, ha se\u00f1alado.<\/p>   <p>Ser\u00e1 uno de los proyectos que arrancar\u00e1n con el inicio del curso pol\u00edtico en septiembre. El primer edil ha estimado que en dos o tres meses el Ayuntamiento ya podr\u00eda tener listo el documento con el que comenzar a trabajar y valorar la inversi\u00f3n necesaria y plazos de ejecuci\u00f3n.<\/p>   <p>Tras el par\u00f3n veraniego tambi\u00e9n se retoman asuntos pendientes como los proyectos con fondos europeos, por los que Finestrat recibi\u00f3 m\u00e1s de 3 millones de euros, como la mejora del acceso al parking de Finestrat o la mejora ornamental de La Penya o la construcci\u00f3n de un ascensor que va a permitir conectar el parking con la parte m\u00e1s alta del municipio y mejorar la accesibilidad a la Ermita o el Castell.<\/p>   <p>Tambi\u00e9n esta previsto mejorar las instalaciones deportivas y las plazas de aparcamiento. En este sentido, el alcalde recuerda que en los dos \u00faltimos a\u00f1os el Ayuntamiento ha creado casi 300 nuevas plazas de aparcamiento en el casco hist\u00f3rico de las que 200 corresponden al aparcamiento disuasorio situado a la entrada del municipio.<\/p>   <p>     .c-w{         max-width:444px;         width:100%;         margin:16px auto;      background:#00755E;         border-radius:4px;         display:flex;         align-items:center;         justify-content:center;     }     .c-w a{         display:flex;         align-items:center;         justify-content:center;         padding:4px 24px;     }     .c-w img{         width:24px;         margin-right:12px;     }     .c-w p{         font:18px\/25px Poppins;         text-align:center;         color:#fff;         margin:0;     }     @media (max-width:444px){         .c-w a{             padding:4px 12px;         }         .c-w img{             width:24px;             margin-right:8px;         }         .c-w p{             font:14px\/25px Poppins;         }     }     @media (max-width:335px){         .c-w p{             font:13px\/25px Poppins;         }     }  <div class=\"c-w\">     <a href=\"https:\/\/www.whatsapp.com\/channel\/0029Va633PF9WtC4l7XUzh1e\" target=\"_blank\" rel=\"noopener\">         <img decoding=\"async\" src=\"https:\/\/cadenaser.com\/estaticos\/recursosgraficos\/responsive\/img\/ico-whatsapp.svg\" alt=\"Whatsapp\">         <p>\u00danete al <b>canal de WhatsApp<\/b> de la SER<\/p>     <\/a> <\/div><\/p>   <p>Con fondos Next Generation la localidad mejorar\u00e1 el parking situado a la entrada del municipio por la carretera de Relleu a Sella. \u201cEn estos momentos es un descampado pero ya hemos adquirido las propiedades y tenemos el proyecto de adecuaci\u00f3n y mejora que nos permitir\u00e1 controlar el flujo de veh\u00edculos y que, incluso, informar\u00e1 sobre las plazas disponibles donde puedes aparcar\u201d, indica.<\/p>   <p>\u201cVan a ser unos meses intensos de obras y de mucho trabajo\u201d avisa Llorca quien a\u00f1ade que este oto\u00f1o tambi\u00e9n ser\u00e1 el momento de comenzar a trabajar en el proyecto del carrer San Vicente donde se construir\u00e1 un parking subterr\u00e1neo adem\u00e1s de un centro de formaci\u00f3n y una biblioteca. Actualmente la parcela que ocupar\u00e1 el futuro centro de formaci\u00f3n se utiliza como aparcamiento en superficie.<\/p>   <p>En el aspecto educativo el alcalde ha adelantado que la semana que viene se adjudicar\u00e1n ya las obras del instituto de secundaria, el primero con el que contar\u00e1 la localidad. \u201cEstamos esperando el informe t\u00e9cnico que nos diga qu\u00e9 empresa va a iniciar los trabajos de construcci\u00f3n\u201d, explica. Est\u00e1 previsto que a final de a\u00f1o puedan comenzar las obras del centro y que los alumnos de secundaria puedan iniciar sus clases en el instituto en el curso 2026\/2027.<\/p> ","protected":false},"excerpt":{"rendered":"<p>El alcalde, Juanfran P\u00e9rez, explica que la obra se acometer\u00e1 por fases y el proyecto estar\u00e1 listo en tres meses<\/p>\n","protected":false},"author":0,"featured_media":8107,"comment_status":"open","ping_status":"open","sticky":false,"template":"","format":"standard","meta":{"_acf_changed":false,"footnotes":""},"categories":[1],"tags":[],"class_list":["post-8106","post","type-post","status-publish","format-standard","has-post-thumbnail","hentry","category-sin-categoria"],"acf":{"ser_id":"GXWID5IHGVHKNIIIDQ7ZIGYYVE","ser_url":"https:\/\/cadenaser.com\/comunitat-valenciana\/2024\/09\/06\/finestrat-construira-una-rotonda-ovalada-en-la-cala-para-eliminar-el-cruce-semaforico-del-mitico-radio-benidorm\/"},"_links":{"self":[{"href":"https:\/\/serbenidorm.daliisolutions.com\/index.php\/wp-json\/wp\/v2\/posts\/8106","targetHints":{"allow":["GET"]}}],"collection":[{"href":"https:\/\/serbenidorm.daliisolutions.com\/index.php\/wp-json\/wp\/v2\/posts"}],"about":[{"href":"https:\/\/serbenidorm.daliisolutions.com\/index.php\/wp-json\/wp\/v2\/types\/post"}],"replies":[{"embeddable":true,"href":"https:\/\/serbenidorm.daliisolutions.com\/index.php\/wp-json\/wp\/v2\/comments?post=8106"}],"version-history":[{"count":0,"href":"https:\/\/serbenidorm.daliisolutions.com\/index.php\/wp-json\/wp\/v2\/posts\/8106\/revisions"}],"wp:featuredmedia":[{"embeddable":true,"href":"https:\/\/serbenidorm.daliisolutions.com\/index.php\/wp-json\/wp\/v2\/media\/8107"}],"wp:attachment":[{"href":"https:\/\/serbenidorm.daliisolutions.com\/index.php\/wp-json\/wp\/v2\/media?parent=8106"}],"wp:term":[{"taxonomy":"category","embeddable":true,"href":"https:\/\/serbenidorm.daliisolutions.com\/index.php\/wp-json\/wp\/v2\/categories?post=8106"},{"taxonomy":"post_tag","embeddable":true,"href":"https:\/\/serbenidorm.daliisolutions.com\/index.php\/wp-json\/wp\/v2\/tags?post=8106"}],"curies":[{"name":"wp","href":"https:\/\/api.w.org\/{rel}","templated":true}]}}