{"id":8128,"date":"2024-09-07T10:52:02","date_gmt":"2024-09-07T08:52:02","guid":{"rendered":"https:\/\/serbenidorm.daliisolutions.com\/index.php\/2024\/09\/07\/el-c-f-benidorm-y-el-c-f-la-nucia-arrancan-el-ano-con-muchas-incognitas\/"},"modified":"2024-09-07T10:52:02","modified_gmt":"2024-09-07T08:52:02","slug":"el-c-f-benidorm-y-el-c-f-la-nucia-arrancan-el-ano-con-muchas-incognitas","status":"publish","type":"post","link":"https:\/\/serbenidorm.daliisolutions.com\/index.php\/2024\/09\/07\/el-c-f-benidorm-y-el-c-f-la-nucia-arrancan-el-ano-con-muchas-incognitas\/","title":{"rendered":"El C.F. Benidorm y el C.F. La Nuc\u00eda arrancan el a\u00f1o con muchas inc\u00f3gnitas"},"content":{"rendered":"  <p>Benidorm<\/p>   <p>Este fin de semana el <a href=\"https:\/\/cadenaser.com\/tag\/club_futbol_benidorm\/a\/\">C.F. Benidorm<\/a> y el <a href=\"https:\/\/cadenaser.com\/tag\/club_futbol_la_nucia\/a\/\">C.F. La Nuc\u00eda<\/a>, los dos equipos de la comarca de la Marina Baixa en <a href=\"https:\/\/cadenaser.com\/tag\/tercera_division_real_federacion_espanola_futbol\/a\/\">Tercera RFEF<\/a>, arrancan la competici\u00f3n liguera con la misi\u00f3n, en primer lugar, de despejar las inc\u00f3gnitas que, por distintos motivos, presentan cada uno de ellos de cara a las primeras jornadas.<\/p>   <p>En el caso de los nucieros, como <a href=\"https:\/\/cadenaser.com\/comunitat-valenciana\/2024\/09\/02\/berna-ballester-habla-claro-si-estoy-aqui-es-para-tratar-de-subir-al-cf-la-nucia-radio-benidorm\/\">explicaba su entrenador, Berna Ballester, en SER Deportivos Marina Baixa<\/a>, el primer gran reto ser\u00e1 demostrar que, con una plantilla completamente renovada y un club en pleno renacimiento, la pretemporada ha servido para que los jugadores interioricen el f\u00fatbol que Ballester quiere para su equipo.<\/p>   <p>A partir de ah\u00ed, como el propio preparador reconoci\u00f3, ser\u00e1 el momento de fijarse como meta ese deseado ascenso de categor\u00eda que no s\u00f3lo devuelva a los rojillos a la Segunda RFEF; sino que haga que el municipio se reconcilie con la entidad tras las dos convulsas temporadas vividas con sendos descensos.<\/p>   <p>La primera oportunidad para hacerlo, de hecho, les llegar\u00e1 <a href=\"https:\/\/cadenaser.com\/comunitat-valenciana\/2024\/09\/02\/todos-los-partidos-horarios-y-resultados-del-cf-benidorm-y-cf-la-nucia-radio-benidorm\/\">este mismo s\u00e1bado cuando reciban en el Camilo Cano (18:30 horas) al Atl\u00e9tico Levante<\/a>.<\/p>   <p><b>Debut del C.F. Benidorm<\/b><\/p>   <p>El mismo an\u00e1lisis, pero en este caso por el ascenso conseguido la pasada temporada, se podr\u00eda hacer en relaci\u00f3n al <a href=\"https:\/\/cadenaser.com\/tag\/club_futbol_benidorm\/a\/\">C.F. Benidorm<\/a>. Los de Miguel \u00c1ngel Mart\u00ednez contar\u00e1n con una s\u00f3lida base construida el pasado a\u00f1o. De aquella plantilla sobreviven hasta diez jugadores y durante el verano han llegado otras siete nuevas incorporaciones que, unidas a los refuerzos que llegar\u00e1n desde el Juvenil, tambi\u00e9n han situado a los del Guillermo Amor como uno de los equipos se\u00f1alados a estar en la parte alta de la tabla.<\/p>   <p>     .c-w{         max-width:444px;         width:100%;         margin:16px auto;      background:#00755E;         border-radius:4px;         display:flex;         align-items:center;         justify-content:center;     }     .c-w a{         display:flex;         align-items:center;         justify-content:center;         padding:4px 24px;     }     .c-w img{         width:24px;         margin-right:12px;     }     .c-w p{         font:18px\/25px Poppins;         text-align:center;         color:#fff;         margin:0;     }     @media (max-width:444px){         .c-w a{             padding:4px 12px;         }         .c-w img{             width:24px;             margin-right:8px;         }         .c-w p{             font:14px\/25px Poppins;         }     }     @media (max-width:335px){         .c-w p{             font:13px\/25px Poppins;         }     }  <div class=\"c-w\">     <a href=\"https:\/\/www.whatsapp.com\/channel\/0029Va633PF9WtC4l7XUzh1e\" target=\"_blank\" rel=\"noopener\">         <img decoding=\"async\" src=\"https:\/\/cadenaser.com\/estaticos\/recursosgraficos\/responsive\/img\/ico-whatsapp.svg\" alt=\"Whatsapp\">         <p>\u00danete al <b>canal de WhatsApp<\/b> de la SER<\/p>     <\/a> <\/div><\/p>   <p>Vicente Company, Pablo Madrid, \u00c1lvaro y H\u00e9ctor (que proviene del Juvenil) son cuatro de esas nuevas caras que este viernes han pasado por los micr\u00f3fonos de <a href=\"https:\/\/cadenaser.com\/radio-benidorm\/ser-deportivos-benidorm\/\">SER Deportivos Marina Baixa<\/a> junto al veterano Ayoze y al \u2018m\u00edster\u2019, Miguel \u00c1ngel Mart\u00ednez.<\/p>   <p>Cada uno de ellos ha explicado en el espacio deportivo de <a href=\"https:\/\/cadenaser.com\/radio-benidorm\/\">Radio Benidorm-SER<\/a> los motivos que les han llevado a incorporarse al proyecto benidormense y, sobre todo, los objetivos personales y grupales para la temporada que <a href=\"https:\/\/cadenaser.com\/comunitat-valenciana\/2024\/09\/02\/todos-los-partidos-horarios-y-resultados-del-cf-benidorm-y-cf-la-nucia-radio-benidorm\/\">arrancar\u00e1n este s\u00e1bado en Alboraya ante el Patacona (18:00 horas)<\/a>.<\/p>   <p>Pase lo que pase en ese primer choque de la temporada, tanto Mart\u00ednez como sus jugadores han insistido en que la presente campa\u00f1a debe de ser la de asentarse en la categor\u00eda y, a partir de ah\u00ed, tratar de aspirar a las m\u00e1s altas cotas conforme vayan pasando las jornadas.<\/p> ","protected":false},"excerpt":{"rendered":"<p>Las primeras jornadas deber\u00e1n servir para conocer el potencial de los dos equipos de la Marina Baixa en Tercera RFEF<\/p>\n","protected":false},"author":0,"featured_media":8129,"comment_status":"open","ping_status":"open","sticky":false,"template":"","format":"standard","meta":{"_acf_changed":false,"footnotes":""},"categories":[16],"tags":[],"class_list":["post-8128","post","type-post","status-publish","format-standard","has-post-thumbnail","hentry","category-deportes"],"acf":{"ser_id":"BXHGMZWNTBGD5AHGZSN4OC7ZD4","ser_url":"https:\/\/cadenaser.com\/comunitat-valenciana\/2024\/09\/06\/el-cf-benidorm-y-el-cf-la-nucia-arrancan-el-ano-con-muchas-incognitas-radio-benidorm\/"},"_links":{"self":[{"href":"https:\/\/serbenidorm.daliisolutions.com\/index.php\/wp-json\/wp\/v2\/posts\/8128","targetHints":{"allow":["GET"]}}],"collection":[{"href":"https:\/\/serbenidorm.daliisolutions.com\/index.php\/wp-json\/wp\/v2\/posts"}],"about":[{"href":"https:\/\/serbenidorm.daliisolutions.com\/index.php\/wp-json\/wp\/v2\/types\/post"}],"replies":[{"embeddable":true,"href":"https:\/\/serbenidorm.daliisolutions.com\/index.php\/wp-json\/wp\/v2\/comments?post=8128"}],"version-history":[{"count":0,"href":"https:\/\/serbenidorm.daliisolutions.com\/index.php\/wp-json\/wp\/v2\/posts\/8128\/revisions"}],"wp:featuredmedia":[{"embeddable":true,"href":"https:\/\/serbenidorm.daliisolutions.com\/index.php\/wp-json\/wp\/v2\/media\/8129"}],"wp:attachment":[{"href":"https:\/\/serbenidorm.daliisolutions.com\/index.php\/wp-json\/wp\/v2\/media?parent=8128"}],"wp:term":[{"taxonomy":"category","embeddable":true,"href":"https:\/\/serbenidorm.daliisolutions.com\/index.php\/wp-json\/wp\/v2\/categories?post=8128"},{"taxonomy":"post_tag","embeddable":true,"href":"https:\/\/serbenidorm.daliisolutions.com\/index.php\/wp-json\/wp\/v2\/tags?post=8128"}],"curies":[{"name":"wp","href":"https:\/\/api.w.org\/{rel}","templated":true}]}}