{"id":8130,"date":"2024-09-07T10:52:04","date_gmt":"2024-09-07T08:52:04","guid":{"rendered":"https:\/\/serbenidorm.daliisolutions.com\/index.php\/2024\/09\/07\/la-vila-acoge-el-campeonato-de-espana-de-kayak-de-mar\/"},"modified":"2024-09-07T10:52:04","modified_gmt":"2024-09-07T08:52:04","slug":"la-vila-acoge-el-campeonato-de-espana-de-kayak-de-mar","status":"publish","type":"post","link":"https:\/\/serbenidorm.daliisolutions.com\/index.php\/2024\/09\/07\/la-vila-acoge-el-campeonato-de-espana-de-kayak-de-mar\/","title":{"rendered":"La Vila acoge el Campeonato de Espa\u00f1a de kayak de mar"},"content":{"rendered":"  <p>Benidorm<\/p>   <p>M\u00e1s de 700 deportistas compiten este fin de semana  en el Campeonato de Espa\u00f1a de Kayak de mar que se celebra en La Vila Joiosa. La playa centro, con sus populares casas de colores, ser\u00e1 el escenario de la salida y llegada de los palistas. El s\u00e1bado, a partir de las 10.30 horas, se disputar\u00e1n las pruebas de las diferentes categor\u00edas, una distancia de 3.000 metros para las j\u00f3venes promesas y de 8.000 metros para tradicionales y cadetes.<\/p>   <p>La prueba reina ser\u00e1 la \u2018downwind\u2019 de 17 kil\u00f3metros que partir\u00e1 a las 14.00 horas hacia El Campello o viceversa, seg\u00fan la direcci\u00f3n del viento de esa ma\u00f1ana. La entrega de premios se celebrar\u00e1 por la tarde en el mismo paseo del Doctor Jos\u00e9 Mar\u00eda Esquerdo.<\/p>   <p>El domingo continuar\u00e1 la competici\u00f3n con la modalidad de 3 y 8 kil\u00f3metros con el doble mixto, cuya salida se realizar\u00e1 desde la playa centro, junto al Club N\u00e1utico.<\/p>   <p>La mayor\u00eda de los participantes proceden de la Comunitat Valenciana, seguidos de las Islas Canarias y las Islas Baleares, y entre los palistas, m\u00e1s de 40 pertenecen al Club N\u00e1utico de La Vila Joiosa.<\/p>   <p>En el acto de presentaci\u00f3n, el concejal de Deportes, Peyo Lloret, ha destacado que este campeonato es un ejemplo m\u00e1s de que La Vila Joiosa \u201cse est\u00e1 posicionando como ciudad de los deportes de mar puesto que tenemos la suerte de disfrutar de un mar Mediterr\u00e1neo espectacular, un clima envidiable durante todo el a\u00f1o que permite practicar una gran variedad disciplinas deportivas n\u00e1uticas, por lo que, desde el Ayuntamiento de La Vila Joiosa, apostamos por este tipo de eventos, tanto nacionales como internacionales de la mano del Club N\u00e1utico de La Vila Joiosa con el fin, tambi\u00e9n, de promocionar el municipio y el deporte n\u00e1utico\u201d.<\/p>   <p>     .c-w{         max-width:444px;         width:100%;         margin:16px auto;      background:#00755E;         border-radius:4px;         display:flex;         align-items:center;         justify-content:center;     }     .c-w a{         display:flex;         align-items:center;         justify-content:center;         padding:4px 24px;     }     .c-w img{         width:24px;         margin-right:12px;     }     .c-w p{         font:18px\/25px Poppins;         text-align:center;         color:#fff;         margin:0;     }     @media (max-width:444px){         .c-w a{             padding:4px 12px;         }         .c-w img{             width:24px;             margin-right:8px;         }         .c-w p{             font:14px\/25px Poppins;         }     }     @media (max-width:335px){         .c-w p{             font:13px\/25px Poppins;         }     }  <div class=\"c-w\">     <a href=\"https:\/\/www.whatsapp.com\/channel\/0029Va633PF9WtC4l7XUzh1e\" target=\"_blank\" rel=\"noopener\">         <img decoding=\"async\" src=\"https:\/\/cadenaser.com\/estaticos\/recursosgraficos\/responsive\/img\/ico-whatsapp.svg\" alt=\"Whatsapp\">         <p>\u00danete al <b>canal de WhatsApp<\/b> de la SER<\/p>     <\/a> <\/div><\/p>   <p>Asimismo, Lloret ha mostrado su satisfacci\u00f3n porque \u201ceste fin de semana La Vila Joiosa va a ser el epicentro del kayak en Espa\u00f1a y es todo un orgullo para los vileros, porque adem\u00e1s, nos van a visitar palistas y sus familias de diversos puntos del pa\u00eds que van a conocer nuestras playas, nuestra gastronom\u00eda y nuestro patrimonio\u201d.<\/p>   <p>Por su parte, el presidente del Club N\u00e1utico de La Vila Joiosa, Jos\u00e9 Antonio Chapa, ha se\u00f1alado que el n\u00famero de inscripciones de participantes en esta prueba es todo un r\u00e9cord, por lo que \u201cla organizaci\u00f3n de este Campeonato de Espa\u00f1a es la guinda a la apuesta que este club est\u00e1 haciendo desde a\u00f1os con la disciplina deportiva de kayak de mar, que va desde, la organizaci\u00f3n de distintas Copas de Espa\u00f1a, Campeonatos de Espa\u00f1a, Campeonatos de Europa, a 15 ediciones de, una de las top series del mundo como, la Eurochallenge\u201d.<\/p>   <p>En este sentido, Chapa ha destacado que este campeonato sirve como ensayo para organizar el campeonato del mundo que albergar\u00e1 La Vila Joiosa en 2026. De hecho, durante el acto de entrega de las medallas el s\u00e1bado por la tarde, el alcalde, Marcos Zaragoza, presentar\u00e1 al p\u00fablico el logotipo identificativo del mundial.<\/p> ","protected":false},"excerpt":{"rendered":"<p>La prueba reina de la cita consistir\u00e1 en una regata de 17 kil\u00f3metros<\/p>\n","protected":false},"author":0,"featured_media":8131,"comment_status":"open","ping_status":"open","sticky":false,"template":"","format":"standard","meta":{"_acf_changed":false,"footnotes":""},"categories":[16],"tags":[],"class_list":["post-8130","post","type-post","status-publish","format-standard","has-post-thumbnail","hentry","category-deportes"],"acf":{"ser_id":"SNZYJCI3TBHDFLIEJOUZN7ZTOI","ser_url":"https:\/\/cadenaser.com\/comunitat-valenciana\/2024\/09\/06\/la-vila-acoge-el-campeonato-de-espana-de-kayak-de-mar-radio-benidorm\/"},"_links":{"self":[{"href":"https:\/\/serbenidorm.daliisolutions.com\/index.php\/wp-json\/wp\/v2\/posts\/8130","targetHints":{"allow":["GET"]}}],"collection":[{"href":"https:\/\/serbenidorm.daliisolutions.com\/index.php\/wp-json\/wp\/v2\/posts"}],"about":[{"href":"https:\/\/serbenidorm.daliisolutions.com\/index.php\/wp-json\/wp\/v2\/types\/post"}],"replies":[{"embeddable":true,"href":"https:\/\/serbenidorm.daliisolutions.com\/index.php\/wp-json\/wp\/v2\/comments?post=8130"}],"version-history":[{"count":0,"href":"https:\/\/serbenidorm.daliisolutions.com\/index.php\/wp-json\/wp\/v2\/posts\/8130\/revisions"}],"wp:featuredmedia":[{"embeddable":true,"href":"https:\/\/serbenidorm.daliisolutions.com\/index.php\/wp-json\/wp\/v2\/media\/8131"}],"wp:attachment":[{"href":"https:\/\/serbenidorm.daliisolutions.com\/index.php\/wp-json\/wp\/v2\/media?parent=8130"}],"wp:term":[{"taxonomy":"category","embeddable":true,"href":"https:\/\/serbenidorm.daliisolutions.com\/index.php\/wp-json\/wp\/v2\/categories?post=8130"},{"taxonomy":"post_tag","embeddable":true,"href":"https:\/\/serbenidorm.daliisolutions.com\/index.php\/wp-json\/wp\/v2\/tags?post=8130"}],"curies":[{"name":"wp","href":"https:\/\/api.w.org\/{rel}","templated":true}]}}