{"id":8132,"date":"2024-09-07T10:52:06","date_gmt":"2024-09-07T08:52:06","guid":{"rendered":"https:\/\/serbenidorm.daliisolutions.com\/index.php\/2024\/09\/07\/maria-vidal-suena-con-que-el-poomsae-entre-en-el-programa-olimpico-y-estar-en-los-angeles\/"},"modified":"2024-09-07T10:52:06","modified_gmt":"2024-09-07T08:52:06","slug":"maria-vidal-suena-con-que-el-poomsae-entre-en-el-programa-olimpico-y-estar-en-los-angeles","status":"publish","type":"post","link":"https:\/\/serbenidorm.daliisolutions.com\/index.php\/2024\/09\/07\/maria-vidal-suena-con-que-el-poomsae-entre-en-el-programa-olimpico-y-estar-en-los-angeles\/","title":{"rendered":"Mar\u00eda Vidal sue\u00f1a con que el poomsae entre en el programa ol\u00edmpico y estar en Los \u00c1ngeles"},"content":{"rendered":"  <p>Benidorm<\/p>   <p>El pr\u00f3ximo d\u00eda 20 de septiembre <a href=\"https:\/\/cadenaser.com\/tag\/lalfas_del_pi\/a\/\" target=\"_blank\" rel=\"noopener\">l\u2019Alf\u00e0s del Pi<\/a> celebrar\u00e1 una nueva edici\u00f3n de su Gala del Deporte, un evento en el que el que todo el municipio celebra la temporada y los resultados de sus equipos y deportistas m\u00e1s destacados. Como es habitual, la n\u00f3mina de galardonados en esa noche tan especial se mantiene en secreto hasta el \u00faltimo momento para no despejar la inc\u00f3gnita tanto entre los propios premiados como el p\u00fablico.<\/p>   <p>Acabe siendo una de las deportistas protagonistas o no de esa Gala del Deporte, lo que s\u00ed es seguro es que Mar\u00eda Vidal ha hecho m\u00e9ritos m\u00e1s que suficientes como para, al menos, entrar en las quinielas de aspirantes a ello. A sus 22 a\u00f1os lleva toda su vida dedicada al taekwondo, un deporte que comenz\u00f3 a practicar a los cuatro a\u00f1os y que, como dice, ahora forma parte fundamental de su d\u00eda a d\u00eda.<\/p>   <p>Mar\u00eda compite en el club de Finestrat y ha sido una de las voces protagonistas de <a href=\"https:\/\/cadenaser.com\/radio-benidorm\/ser-deportivos-benidorm\/\" target=\"_blank\" rel=\"noopener\">SER Deportivos Marina Baixa<\/a> este jueves, explicando que \u201cllevo desde los cuatro a\u00f1os haciendo taekwondo y ahora tengo 22. O sea, que llevo pr\u00e1cticamente toda mi vida y nunca lo he dejado. Aunque es un largo camino, siempre merece la pena Si sigo en esta l\u00ednea, estoy convencida de que voy a llegar a conseguir esas medallas que se me han escapado esta vez\u201d.<\/p>   <p>Un deporte, ha asegurado, al que dedica mucho tiempo y trabajo. \u201cEntreno todos los d\u00edas y en muchas ocasiones lo hago con doble sesi\u00f3n, porque aparte del entrenamiento espec\u00edfico de mi deporte, tambi\u00e9n tengo que trabajar cuestiones de gimnasio y tecnificaci\u00f3n para poder tener un cuerpo fuerte para luego poder realizar mi deporte correctamente. Entonces, hago un m\u00ednimo de hora y media. Si entreno dos veces, pues a lo mejor se me puede ir a tres horas y media. Eso todos los d\u00edas, insisto, como m\u00ednimo. Luego, en temporada de competici\u00f3n puedo estar entrenando hasta cuatro horas. Adem\u00e1s de eso, en verano hacemos dos horas por la ma\u00f1ana y dos por la tarde aprovechando que tenemos vacaciones\u201d.<\/p>   <p>Su especialidad, por ahora, no es ol\u00edmpica; pero la joven deportista alfasina no cierra la puerta al sue\u00f1o de representar a Espa\u00f1a, incluso, en Los \u00c1ngeles. \u201cObviamente, me encantar\u00eda vivir esa experiencia. Adem\u00e1s, quiz\u00e1s en Los \u00c1ngeles mi disciplina s\u00ed entre en el programa ol\u00edmpico, as\u00ed que a lo mejor no me hace falta ni cambiarme. Pero empec\u00e9 con esta especialidad y al final ya tienes una edad y un nivel en una disciplina que no tiene absolutamente nada que ver con la otra\u201d.<\/p>   <p>     .c-w{         max-width:444px;         width:100%;         margin:16px auto;      background:#00755E;         border-radius:4px;         display:flex;         align-items:center;         justify-content:center;     }     .c-w a{         display:flex;         align-items:center;         justify-content:center;         padding:4px 24px;     }     .c-w img{         width:24px;         margin-right:12px;     }     .c-w p{         font:18px\/25px Poppins;         text-align:center;         color:#fff;         margin:0;     }     @media (max-width:444px){         .c-w a{             padding:4px 12px;         }         .c-w img{             width:24px;             margin-right:8px;         }         .c-w p{             font:14px\/25px Poppins;         }     }     @media (max-width:335px){         .c-w p{             font:13px\/25px Poppins;         }     }  <div class=\"c-w\">     <a href=\"https:\/\/www.whatsapp.com\/channel\/0029Va633PF9WtC4l7XUzh1e\" target=\"_blank\" rel=\"noopener\">         <img decoding=\"async\" src=\"https:\/\/cadenaser.com\/estaticos\/recursosgraficos\/responsive\/img\/ico-whatsapp.svg\" alt=\"Whatsapp\">         <p>\u00danete al <b>canal de WhatsApp<\/b> de la SER<\/p>     <\/a> <\/div><\/p> ","protected":false},"excerpt":{"rendered":"<p>La deportista alfasina compite con el Club Taekwondo Finestrat, con el que ha completado una grand\u00edsima temporada<\/p>\n","protected":false},"author":0,"featured_media":8133,"comment_status":"open","ping_status":"open","sticky":false,"template":"","format":"standard","meta":{"_acf_changed":false,"footnotes":""},"categories":[16],"tags":[],"class_list":["post-8132","post","type-post","status-publish","format-standard","has-post-thumbnail","hentry","category-deportes"],"acf":{"ser_id":"ND5TWQQC5RCHFGSSU5DSQLUDYY","ser_url":"https:\/\/cadenaser.com\/comunitat-valenciana\/2024\/09\/05\/maria-vidal-suena-con-que-el-poomsae-entre-en-el-programa-olimpico-y-estar-en-los-angeles-radio-benidorm\/"},"_links":{"self":[{"href":"https:\/\/serbenidorm.daliisolutions.com\/index.php\/wp-json\/wp\/v2\/posts\/8132","targetHints":{"allow":["GET"]}}],"collection":[{"href":"https:\/\/serbenidorm.daliisolutions.com\/index.php\/wp-json\/wp\/v2\/posts"}],"about":[{"href":"https:\/\/serbenidorm.daliisolutions.com\/index.php\/wp-json\/wp\/v2\/types\/post"}],"replies":[{"embeddable":true,"href":"https:\/\/serbenidorm.daliisolutions.com\/index.php\/wp-json\/wp\/v2\/comments?post=8132"}],"version-history":[{"count":0,"href":"https:\/\/serbenidorm.daliisolutions.com\/index.php\/wp-json\/wp\/v2\/posts\/8132\/revisions"}],"wp:featuredmedia":[{"embeddable":true,"href":"https:\/\/serbenidorm.daliisolutions.com\/index.php\/wp-json\/wp\/v2\/media\/8133"}],"wp:attachment":[{"href":"https:\/\/serbenidorm.daliisolutions.com\/index.php\/wp-json\/wp\/v2\/media?parent=8132"}],"wp:term":[{"taxonomy":"category","embeddable":true,"href":"https:\/\/serbenidorm.daliisolutions.com\/index.php\/wp-json\/wp\/v2\/categories?post=8132"},{"taxonomy":"post_tag","embeddable":true,"href":"https:\/\/serbenidorm.daliisolutions.com\/index.php\/wp-json\/wp\/v2\/tags?post=8132"}],"curies":[{"name":"wp","href":"https:\/\/api.w.org\/{rel}","templated":true}]}}