{"id":8136,"date":"2024-09-07T10:52:10","date_gmt":"2024-09-07T08:52:10","guid":{"rendered":"https:\/\/serbenidorm.daliisolutions.com\/index.php\/2024\/09\/07\/un-buen-servigroup-benidorm-cierra-la-pretemporada-con-victoria-ante-el-eon-alicante\/"},"modified":"2024-09-07T10:52:10","modified_gmt":"2024-09-07T08:52:10","slug":"un-buen-servigroup-benidorm-cierra-la-pretemporada-con-victoria-ante-el-eon-alicante","status":"publish","type":"post","link":"https:\/\/serbenidorm.daliisolutions.com\/index.php\/2024\/09\/07\/un-buen-servigroup-benidorm-cierra-la-pretemporada-con-victoria-ante-el-eon-alicante\/","title":{"rendered":"Un buen Servigroup Benidorm cierra la pretemporada con victoria ante el E\u00f3n Alicante"},"content":{"rendered":"  <p>Benidorm<\/p>   <p>Con la enfermer\u00eda todav\u00eda llena de algunos de los principales pilares del <a href=\"https:\/\/cadenaser.com\/tag\/club_balonmano_benidorm\/a\/\">Servigroup Balonmano Benidorm<\/a> para la presente temporada, el equipo de Sergio Carballeira puso este mi\u00e9rcoles punto y final a su temporada con un buen partido ante el E\u00f3n Alicante que se sald\u00f3 con la victoria benidormense por 36-33.<\/p>   <p>Los alicantinos, entrenados por un hist\u00f3rico del balonmano de Benidorm como Fernando Latorre, viajaron hasta el Palau d\u2019Esports con la pr\u00e1ctica totalidad de su plantilla y demostr\u00f3 no s\u00f3lo que debe de ser considerado el gran favorito para el ascenso a la <a href=\"https:\/\/cadenaser.com\/tag\/liga_asobal\/a\/\">Liga Asobal<\/a> al final de la presente campa\u00f1a, sino que es una escuadra que no deber\u00eda de pasar dificultades para mantenerse en la m\u00e1xima categor\u00eda.<\/p>  <p><p>M\u00e1s informaci\u00f3n<\/p><figure><img loading=\"lazy\" decoding=\"async\" src=\"https:\/\/cadenaser.com\/resizer\/v2\/VEUXVGVGN5BVNFLEZWSTS5DQPA.jpg?auth=61c0f6992f10a3f725812ab56c79805d839e2ca9865ef376effcca605394b99a&amp;quality=70&amp;width=360&amp;height=202&amp;smart=true\" width=\"820\" height=\"621\" \/><\/figure><ul><li><a href=\"https:\/\/cadenaser.com\/comunitat-valenciana\/2024\/09\/03\/colo-vainstein-tenemos-que-hacer-que-la-aficion-disfrute-radio-benidorm\/\"><span>\u2018Colo\u2019 Vainstein: \u201cTenemos que hacer que la afici\u00f3n disfrute\u201d<\/span><\/a><\/li><\/ul><\/p>   <p>Pese a ello y a que, como ya se ha indicado, el <a href=\"https:\/\/cadenaser.com\/tag\/club_balonmano_benidorm\/a\/\">Balonmano Benidorm<\/a>sigue contando con muchas bajas a falta de apenas semana y media para el arranque de la competici\u00f3n liguera, los locales dieron muy buenas sensaciones regal\u00e1ndose y regalando a la afici\u00f3n (bastante numerosa para tratarse de un amistoso) un ilusionante triunfo para cerrar este periodo de preparaci\u00f3n.<\/p>   <p>Ahora, Carballeira y su equipo t\u00e9cnico deber\u00e1n de terminar de afinar los desajustes que, derivados sobre todo de la falta de efectivos por las lesiones, se hicieron evidentes en algunas fases del encuentro para, de esta manera, afrontar con las m\u00e1ximas garant\u00edas el primer partido de <a href=\"https:\/\/cadenaser.com\/tag\/liga_asobal\/a\/\">Liga Asobal<\/a> ante un reci\u00e9n ascendido como el <a href=\"https:\/\/cadenaser.com\/comunitat-valenciana\/2024\/08\/08\/todos-los-partidos-horarios-y-resultados-del-balonmano-servigroup-benidorm-radio-benidorm\/\">Guadalajara, que visitar\u00e1 el Palau d\u2019Esports el domingo, 15 de septiembre<\/a> (17:30 horas).<\/p> ","protected":false},"excerpt":{"rendered":"<p>Los de Sergio Carballeira jugar\u00e1n su primer choque de Liga Asobal el d\u00eda 15 de septiembre ante Guadalajara<\/p>\n","protected":false},"author":0,"featured_media":8137,"comment_status":"open","ping_status":"open","sticky":false,"template":"","format":"standard","meta":{"_acf_changed":false,"footnotes":""},"categories":[16],"tags":[],"class_list":["post-8136","post","type-post","status-publish","format-standard","has-post-thumbnail","hentry","category-deportes"],"acf":{"ser_id":"PSVXCIUCG5AHHJW7TDYV62Z4UE","ser_url":"https:\/\/cadenaser.com\/comunitat-valenciana\/2024\/09\/05\/un-buen-servigroup-benidorm-cierra-la-pretemporada-con-victoria-ante-el-eon-alicante-radio-benidorm\/"},"_links":{"self":[{"href":"https:\/\/serbenidorm.daliisolutions.com\/index.php\/wp-json\/wp\/v2\/posts\/8136","targetHints":{"allow":["GET"]}}],"collection":[{"href":"https:\/\/serbenidorm.daliisolutions.com\/index.php\/wp-json\/wp\/v2\/posts"}],"about":[{"href":"https:\/\/serbenidorm.daliisolutions.com\/index.php\/wp-json\/wp\/v2\/types\/post"}],"replies":[{"embeddable":true,"href":"https:\/\/serbenidorm.daliisolutions.com\/index.php\/wp-json\/wp\/v2\/comments?post=8136"}],"version-history":[{"count":0,"href":"https:\/\/serbenidorm.daliisolutions.com\/index.php\/wp-json\/wp\/v2\/posts\/8136\/revisions"}],"wp:featuredmedia":[{"embeddable":true,"href":"https:\/\/serbenidorm.daliisolutions.com\/index.php\/wp-json\/wp\/v2\/media\/8137"}],"wp:attachment":[{"href":"https:\/\/serbenidorm.daliisolutions.com\/index.php\/wp-json\/wp\/v2\/media?parent=8136"}],"wp:term":[{"taxonomy":"category","embeddable":true,"href":"https:\/\/serbenidorm.daliisolutions.com\/index.php\/wp-json\/wp\/v2\/categories?post=8136"},{"taxonomy":"post_tag","embeddable":true,"href":"https:\/\/serbenidorm.daliisolutions.com\/index.php\/wp-json\/wp\/v2\/tags?post=8136"}],"curies":[{"name":"wp","href":"https:\/\/api.w.org\/{rel}","templated":true}]}}