{"id":8138,"date":"2024-09-07T10:52:11","date_gmt":"2024-09-07T08:52:11","guid":{"rendered":"https:\/\/serbenidorm.daliisolutions.com\/index.php\/2024\/09\/07\/la-copa-del-mundo-de-ciclocross-de-benidorm-arranca-la-preventa-de-entradas\/"},"modified":"2024-09-07T10:52:11","modified_gmt":"2024-09-07T08:52:11","slug":"la-copa-del-mundo-de-ciclocross-de-benidorm-arranca-la-preventa-de-entradas","status":"publish","type":"post","link":"https:\/\/serbenidorm.daliisolutions.com\/index.php\/2024\/09\/07\/la-copa-del-mundo-de-ciclocross-de-benidorm-arranca-la-preventa-de-entradas\/","title":{"rendered":"La Copa del Mundo de ciclocross de Benidorm arranca la preventa de entradas"},"content":{"rendered":"  <p>Benidorm<\/p>   <p>El pr\u00f3ximo d\u00eda 19 de enero de 2025 los parques de El Moralet y Foietes volver\u00e1n a acoger, por tercer a\u00f1o consecutivo, una de las grandes citas no s\u00f3lo del calendario deportivo de Benidorm y de toda la Comunitat Valenciana, sino del circuito ciclista mundial: <a href=\"https:\/\/cadenaser.com\/comunitat-valenciana\/2024\/04\/19\/la-copa-del-mundo-de-ciclocross-volvera-a-benidorm-en-2025-radio-benidorm\/\">la Copa del Mundo de ciclocross<\/a>.<\/p>   <p>Tras dos ediciones de ensue\u00f1o en las que el <a href=\"https:\/\/cadenaser.com\/comunitat-valenciana\/2023\/01\/22\/mathieu-van-der-poel-y-fem-van-empel-coronan-la-gran-fiesta-del-ciclocross-en-benidorm-radio-benidorm\/\">neerland\u00e9s Mathieu Van der Poel inscribi\u00f3 su nombre como primer vencedor<\/a> en la capital tur\u00edstica y el belga <a href=\"https:\/\/cadenaser.com\/comunitat-valenciana\/2024\/01\/22\/van-aert-renace-en-el-duelo-a-muerte-bajo-el-sol-de-benidorm-radio-benidorm\/\">Wout van Aert erigi\u00e9ndose en ganador en la espectacular cita de 2024<\/a>, la m\u00e1xima competici\u00f3n de la modalidad invernal del ciclismo regresa a su prueba m\u00e1s soleada poniendo en marcha la preventa de entrada y prometiendo un espectacular regalo para los m\u00e1s madrugadores.<\/p>   <p>Antes de poner a la venta las entradas para la cita de 2025, la organizaci\u00f3n de la prueba, como ya hiciera el pasado a\u00f1o, ha querido tener un gui\u00f1o muy especial con la afici\u00f3n \u201cque ha contribuido a hacer nuestro evento cada vez m\u00e1s grande\u201d, como explica m\u00e1ximo responsable, Pascual Momparler.<\/p>   <p>Para ello, este viernes ha comenzado la preventa de entradas, es decir, el periodo en el que todos aquellos que ya abarrotaron el circuito el pasado mes de enero, no s\u00f3lo podr\u00e1n comprar ya su ticket para la pr\u00f3xima edici\u00f3n, sino tambi\u00e9n hacerlo recibiendo \u201cunos calcetines Pissei valorados en 21 euros\u201d como regalo.<\/p>   <p>Estas entradas de preventa ser\u00e1n \u00fanicamente generales mayores de 14 a\u00f1os, es decir, los nacidos antes del 31 de diciembre de 2010. <a href=\"https:\/\/benidorm25.tickets.ucicyclocrossworldcup.com\/\" rel=\"nofollow\">La venta de entradas para el resto del p\u00fablico as\u00ed como las VIP, S\u00faper VIP y para menores de 14 a\u00f1os se lanzar\u00e1n el pr\u00f3ximo lunes<\/a>.<\/p>   <p>     .c-w{         max-width:444px;         width:100%;         margin:16px auto;      background:#00755E;         border-radius:4px;         display:flex;         align-items:center;         justify-content:center;     }     .c-w a{         display:flex;         align-items:center;         justify-content:center;         padding:4px 24px;     }     .c-w img{         width:24px;         margin-right:12px;     }     .c-w p{         font:18px\/25px Poppins;         text-align:center;         color:#fff;         margin:0;     }     @media (max-width:444px){         .c-w a{             padding:4px 12px;         }         .c-w img{             width:24px;             margin-right:8px;         }         .c-w p{             font:14px\/25px Poppins;         }     }     @media (max-width:335px){         .c-w p{             font:13px\/25px Poppins;         }     }  <div class=\"c-w\">     <a href=\"https:\/\/www.whatsapp.com\/channel\/0029Va633PF9WtC4l7XUzh1e\" target=\"_blank\" rel=\"noopener\">         <img decoding=\"async\" src=\"https:\/\/cadenaser.com\/estaticos\/recursosgraficos\/responsive\/img\/ico-whatsapp.svg\" alt=\"Whatsapp\">         <p>\u00danete al <b>canal de WhatsApp<\/b> de la SER<\/p>     <\/a> <\/div><\/p>   <p>Una vez m\u00e1s, avanza Pascual Momparler, las entradas infantiles (para los nacidos despu\u00e9s del 31 de diciembre de 2010), volver\u00e1n a venderse por el precio simb\u00f3lico de dos euros que ser\u00e1n donados, como ya se hiciera en 2024, a causas sociales.<\/p> ","protected":false},"excerpt":{"rendered":"<p>La gran cita de la modalidad invernal del ciclismo tendr\u00e1 lugar el d\u00eda 19 de enero de 2025<\/p>\n","protected":false},"author":0,"featured_media":8139,"comment_status":"open","ping_status":"open","sticky":false,"template":"","format":"standard","meta":{"_acf_changed":false,"footnotes":""},"categories":[16],"tags":[],"class_list":["post-8138","post","type-post","status-publish","format-standard","has-post-thumbnail","hentry","category-deportes"],"acf":{"ser_id":"RUC63HWSWZGJZN7TCYKZTWTQ7M","ser_url":"https:\/\/cadenaser.com\/comunitat-valenciana\/2024\/09\/05\/la-copa-del-mundo-de-ciclocross-de-benidorm-arranca-la-preventa-de-entradas-radio-benidorm\/"},"_links":{"self":[{"href":"https:\/\/serbenidorm.daliisolutions.com\/index.php\/wp-json\/wp\/v2\/posts\/8138","targetHints":{"allow":["GET"]}}],"collection":[{"href":"https:\/\/serbenidorm.daliisolutions.com\/index.php\/wp-json\/wp\/v2\/posts"}],"about":[{"href":"https:\/\/serbenidorm.daliisolutions.com\/index.php\/wp-json\/wp\/v2\/types\/post"}],"replies":[{"embeddable":true,"href":"https:\/\/serbenidorm.daliisolutions.com\/index.php\/wp-json\/wp\/v2\/comments?post=8138"}],"version-history":[{"count":0,"href":"https:\/\/serbenidorm.daliisolutions.com\/index.php\/wp-json\/wp\/v2\/posts\/8138\/revisions"}],"wp:featuredmedia":[{"embeddable":true,"href":"https:\/\/serbenidorm.daliisolutions.com\/index.php\/wp-json\/wp\/v2\/media\/8139"}],"wp:attachment":[{"href":"https:\/\/serbenidorm.daliisolutions.com\/index.php\/wp-json\/wp\/v2\/media?parent=8138"}],"wp:term":[{"taxonomy":"category","embeddable":true,"href":"https:\/\/serbenidorm.daliisolutions.com\/index.php\/wp-json\/wp\/v2\/categories?post=8138"},{"taxonomy":"post_tag","embeddable":true,"href":"https:\/\/serbenidorm.daliisolutions.com\/index.php\/wp-json\/wp\/v2\/tags?post=8138"}],"curies":[{"name":"wp","href":"https:\/\/api.w.org\/{rel}","templated":true}]}}