{"id":8173,"date":"2024-09-09T11:26:31","date_gmt":"2024-09-09T09:26:31","guid":{"rendered":"https:\/\/serbenidorm.daliisolutions.com\/index.php\/2024\/09\/09\/un-golazo-de-jose-carlos-coloca-colider-al-c-f-benidorm\/"},"modified":"2024-09-09T11:26:31","modified_gmt":"2024-09-09T09:26:31","slug":"un-golazo-de-jose-carlos-coloca-colider-al-c-f-benidorm","status":"publish","type":"post","link":"https:\/\/serbenidorm.daliisolutions.com\/index.php\/2024\/09\/09\/un-golazo-de-jose-carlos-coloca-colider-al-c-f-benidorm\/","title":{"rendered":"Un golazo de Jos\u00e9 Carlos coloca col\u00edder al C.F. Benidorm"},"content":{"rendered":"  <p>Benidorm<\/p>   <p>El <a href=\"https:\/\/cadenaser.com\/tag\/club_futbol_benidorm\/a\/\" target=\"_blank\" rel=\"noopener\">C.F. Benidorm<\/a> debutaba este s\u00e1bado en Tercera RFEF visitando el campo del Patacona. All\u00ed, los de Miguel \u00c1ngel Mart\u00ednez <a href=\"https:\/\/cadenaser.com\/comunitat-valenciana\/2024\/09\/06\/el-cf-benidorm-y-el-cf-la-nucia-arrancan-el-ano-con-muchas-incognitas-radio-benidorm\/\" target=\"_blank\" rel=\"noopener\">han comenzado su nueva andadura de la mejor manera posible<\/a> tras imponerse por 1-2.<\/p>   <p>Y todo, despu\u00e9s de que las cosas comenzaran muy cuesta arriba una vez que el equipo de Alboraya se pusiera por delante gracias a un gol muy tempranero que llegar\u00eda en el minuto 9 de partido, despu\u00e9s de una r\u00e1pida contra tras una jugada en la que Pablo Madrid estuvo muy cerca de adelantar a los benidormenses.<\/p>   <p>Ese rev\u00e9s no desanim\u00f3 a un C.F. Benidorm que en este primer partido de la nueva categor\u00eda volvi\u00f3 a mostrarse como ese equipo ofensivo y que nunca, pase lo que pase en el campo, baja los brazos y que ya vimos durante toda la pasada campa\u00f1a.<\/p>  <p><p>M\u00e1s informaci\u00f3n<\/p><figure><img loading=\"lazy\" decoding=\"async\" src=\"https:\/\/cadenaser.com\/resizer\/v2\/HJJZ2KEDYFDXXDKLIZUSTSU2PE.jpg?auth=8f8fcaeae2a4cc68672482186053651307ca3285d76b7bfb7efe1834bcacba1a&amp;quality=70&amp;width=360&amp;height=202&amp;smart=true\" width=\"820\" height=\"621\" \/><\/figure><ul><li><a href=\"https:\/\/cadenaser.com\/comunitat-valenciana\/2024\/09\/02\/todos-los-partidos-horarios-y-resultados-del-cf-benidorm-y-cf-la-nucia-radio-benidorm\/\"><span>Todos los partidos, horarios y resultados del C.F. Benidorm y C.F. La Nuc\u00eda<\/span><\/a><\/li><\/ul><\/p>   <p>Los visitantes insist\u00edan una y otra vez sobre la porter\u00eda del Patacona sin poder terminar de poner la igualada en el marcador. Pero la insistencia tuvo finalmente premio en el minuto 22 de partido cuando Mi\u00f1ano puso el 1-1 de penalti.<\/p>   <p>Con el empate en el marcador y el <a href=\"https:\/\/cadenaser.com\/tag\/club_futbol_benidorm\/a\/\" target=\"_blank\" rel=\"noopener\">C.F. Benidorm<\/a> dominando el juego y las oportunidades se lleg\u00f3 al descanso. Tras la reanudaci\u00f3n, las cosas apenas cambiaron y eran los visitantes los que m\u00e1s se acercaron a la porter\u00eda contraria y, como ya sucediera durante los primeros 45 minutos, la pelota parec\u00eda no querer entrar.<\/p>   <p>     .c-w{         max-width:444px;         width:100%;         margin:16px auto;      background:#00755E;         border-radius:4px;         display:flex;         align-items:center;         justify-content:center;     }     .c-w a{         display:flex;         align-items:center;         justify-content:center;         padding:4px 24px;     }     .c-w img{         width:24px;         margin-right:12px;     }     .c-w p{         font:18px\/25px Poppins;         text-align:center;         color:#fff;         margin:0;     }     @media (max-width:444px){         .c-w a{             padding:4px 12px;         }         .c-w img{             width:24px;             margin-right:8px;         }         .c-w p{             font:14px\/25px Poppins;         }     }     @media (max-width:335px){         .c-w p{             font:13px\/25px Poppins;         }     }  <div class=\"c-w\">     <a href=\"https:\/\/www.whatsapp.com\/channel\/0029Va633PF9WtC4l7XUzh1e\" target=\"_blank\" rel=\"noopener\">         <img decoding=\"async\" src=\"https:\/\/cadenaser.com\/estaticos\/recursosgraficos\/responsive\/img\/ico-whatsapp.svg\" alt=\"Whatsapp\">         <p>\u00danete al <b>canal de WhatsApp<\/b> de la SER<\/p>     <\/a> <\/div><\/p>   <p>As\u00ed, habr\u00eda que esperar hasta el minuto 57 para que Jos\u00e9 Carlos, que hab\u00eda arrancado el choque en el baquillo, marcara un aut\u00e9ntico golazo desde cerca del centro del campo que, por alto, sorprend\u00eda a un Montesinos demasiado adelantado.<\/p>   <p>Gracias a ese 1-2, que podr\u00eda haber sido m\u00e1s abultado a poco que la suerte hubiera sonre\u00eddo a los de Miguel \u00c1ngel Mart\u00ednez, el C.F. Benidorm se march\u00f3 de Alboraya con tres puntos en su haber y debutar\u00e1 como local (en un partido que se jugar\u00e1 el domingo, 15 de septiembre en el Nou Pla de La Vila), compartiendo el liderato de la clasificaci\u00f3n.<\/p>   <p><b>El C.F. La Nuc\u00eda pincha en casa<\/b><\/p>   <p>Muy distintas fueron las cosas para el <a href=\"https:\/\/cadenaser.com\/tag\/club_futbol_la_nucia\/a\/\" target=\"_blank\" rel=\"noopener\">C.F. La Nuc\u00eda<\/a>, que arrancaba su nueva etapa actuando como local ante el Atl\u00e9tico Levante. El choque, adem\u00e1s, supuso <a href=\"https:\/\/cadenaser.com\/comunitat-valenciana\/2024\/09\/02\/berna-ballester-habla-claro-si-estoy-aqui-es-para-tratar-de-subir-al-cf-la-nucia-radio-benidorm\/\" target=\"_blank\" rel=\"noopener\">la vuelta de los rojillos al Camilo Cano<\/a>, escenario de aquella temporada m\u00e1gica y ya lejana del ascenso a Primera RFEF; pero esta vez el peque\u00f1o recinto de la Ciutat Esportiva no pudo ejercer de talism\u00e1n.<\/p>   <p>El 0-0 inicial parec\u00eda que iba a ser el resultado con el que nucieros y valencianos dar\u00edan por cerrada esta primera comparecencia del a\u00f1o; pero en el minuto 80 Bachu adelant\u00f3 a los granotas que, en ese momento, parec\u00edan haberse asegurado los tres puntos.<\/p>   <p>Los locales, sin embargo, no le perdieron la cara al partido y, sin nada que perder, se lanzaron sobre la porter\u00eda valenciana y lograr\u00edan subir el 1-1 por medio de las botas de Alberto Escudero en el minuto 90.<\/p>   <p>Esa alegr\u00eda, en todo caso, dur\u00f3 muy poco. El C.F. La Nuc\u00eda tuvo oportunidades para darle la vuelta al asunto y llevarse los tres puntos, pero la punter\u00eda de Hugo Red\u00f3n acab\u00f3 por poner el 1-2 definitivo en el minuto 92 dejando a los locales sin puntuar en su estreno liguero.<\/p> ","protected":false},"excerpt":{"rendered":"<p>El C.F. La Nuc\u00eda cay\u00f3 en casa ante el Atl\u00e9tico Levante tras un final de partido el\u00e9ctrico<\/p>\n","protected":false},"author":0,"featured_media":8174,"comment_status":"open","ping_status":"open","sticky":false,"template":"","format":"standard","meta":{"_acf_changed":false,"footnotes":""},"categories":[16],"tags":[],"class_list":["post-8173","post","type-post","status-publish","format-standard","has-post-thumbnail","hentry","category-deportes"],"acf":{"ser_id":"MAWT5B35YFA6JBJGXN275XOPQA","ser_url":"https:\/\/cadenaser.com\/comunitat-valenciana\/2024\/09\/07\/un-golazo-de-jose-carlos-coloca-colider-al-cf-benidorm-radio-benidorm\/"},"_links":{"self":[{"href":"https:\/\/serbenidorm.daliisolutions.com\/index.php\/wp-json\/wp\/v2\/posts\/8173","targetHints":{"allow":["GET"]}}],"collection":[{"href":"https:\/\/serbenidorm.daliisolutions.com\/index.php\/wp-json\/wp\/v2\/posts"}],"about":[{"href":"https:\/\/serbenidorm.daliisolutions.com\/index.php\/wp-json\/wp\/v2\/types\/post"}],"replies":[{"embeddable":true,"href":"https:\/\/serbenidorm.daliisolutions.com\/index.php\/wp-json\/wp\/v2\/comments?post=8173"}],"version-history":[{"count":0,"href":"https:\/\/serbenidorm.daliisolutions.com\/index.php\/wp-json\/wp\/v2\/posts\/8173\/revisions"}],"wp:featuredmedia":[{"embeddable":true,"href":"https:\/\/serbenidorm.daliisolutions.com\/index.php\/wp-json\/wp\/v2\/media\/8174"}],"wp:attachment":[{"href":"https:\/\/serbenidorm.daliisolutions.com\/index.php\/wp-json\/wp\/v2\/media?parent=8173"}],"wp:term":[{"taxonomy":"category","embeddable":true,"href":"https:\/\/serbenidorm.daliisolutions.com\/index.php\/wp-json\/wp\/v2\/categories?post=8173"},{"taxonomy":"post_tag","embeddable":true,"href":"https:\/\/serbenidorm.daliisolutions.com\/index.php\/wp-json\/wp\/v2\/tags?post=8173"}],"curies":[{"name":"wp","href":"https:\/\/api.w.org\/{rel}","templated":true}]}}