{"id":8178,"date":"2024-09-09T14:21:10","date_gmt":"2024-09-09T12:21:10","guid":{"rendered":"https:\/\/serbenidorm.daliisolutions.com\/index.php\/2024\/09\/09\/benidorm-y-la-marina-baixa-vuelven-al-cole\/"},"modified":"2024-09-09T14:21:10","modified_gmt":"2024-09-09T12:21:10","slug":"benidorm-y-la-marina-baixa-vuelven-al-cole","status":"publish","type":"post","link":"https:\/\/serbenidorm.daliisolutions.com\/index.php\/2024\/09\/09\/benidorm-y-la-marina-baixa-vuelven-al-cole\/","title":{"rendered":"Benidorm y la Marina Baixa vuelven al cole"},"content":{"rendered":"  <p>Benidorm<\/p>   <p>Ganas, a ver lo que duran, en la mayor\u00eda de ni\u00f1os y adolescentes que este lunes han vuelto a clase en la comarca. Un curso que empieza con normalidad y cifras similares a las del a\u00f1o pasado: en Benidorm m\u00e1s de 13.500 alumnos; en La Vila Joiosa son 5.700, en La Nuc\u00eda poco m\u00e1s de 3.000, Altea est\u00e1 en torno a los 2.700, en l&#8217;Alfas unos 2.300, en Finestrat m\u00e1s de 1.400 y  en Callosa casi 1.800.<\/p>   <p><a href=\"https:\/\/cadenaser.com\/tag\/benidorm\/a\/\" target=\"_blank\" rel=\"noopener\">Benidorm<\/a> estrena cuatro nuevas unidades de Infantil y Primaria y dos aulas inclusivas UECO para alumnado con necesidades especiales.<\/p>   <p>Nueve centros escolares de la ciudad ofrecen este a\u00f1o los servicios de \u2018Escola Matinera\u2019 y \u2018de Tarde\u2019, ampliando el horario m\u00e1s all\u00e1 de las horas lectivas para favorecer la conciliaci\u00f3n.<\/p>   <p>En <a href=\"https:\/\/cadenaser.com\/tag\/vila_joiosa\/a\/\" target=\"_blank\" rel=\"noopener\">La Vila Joiosa<\/a> el gobierno local afirma que asumir\u00e1 las actuaciones de rehabilitaci\u00f3n de los centros educativos que lo requieren si en el pr\u00f3ximo a\u00f1o no se recibe subvenci\u00f3n del Pla Edificant de la Generalitat.<\/p>   <p>Adem\u00e1s, <a href=\"https:\/\/cadenaser.com\/comunitat-valenciana\/2024\/09\/03\/la-policia-local-de-villajoyosa-sigue-buscando-a-los-autores-de-la-agresion-homofoba-en-el-parque-de-la-creueta-radio-benidorm\/\" target=\"_blank\" rel=\"noopener\">tras la agresi\u00f3n hom\u00f3foba  sufrida por una pareja de madrugada la semana pasada<\/a>, el curso empieza con una campa\u00f1a del colectivo Vila Diversitat y la Agrupaci\u00f3 Vilera d\u2019Ampes por unas aulas libres de Bullying y LGTBIfobia.<\/p>   <p>     .c-w{         max-width:444px;         width:100%;         margin:16px auto;      background:#00755E;         border-radius:4px;         display:flex;         align-items:center;         justify-content:center;     }     .c-w a{         display:flex;         align-items:center;         justify-content:center;         padding:4px 24px;     }     .c-w img{         width:24px;         margin-right:12px;     }     .c-w p{         font:18px\/25px Poppins;         text-align:center;         color:#fff;         margin:0;     }     @media (max-width:444px){         .c-w a{             padding:4px 12px;         }         .c-w img{             width:24px;             margin-right:8px;         }         .c-w p{             font:14px\/25px Poppins;         }     }     @media (max-width:335px){         .c-w p{             font:13px\/25px Poppins;         }     }  <div class=\"c-w\">     <a href=\"https:\/\/www.whatsapp.com\/channel\/0029Va633PF9WtC4l7XUzh1e\" target=\"_blank\" rel=\"noopener\">         <img decoding=\"async\" src=\"https:\/\/cadenaser.com\/estaticos\/recursosgraficos\/responsive\/img\/ico-whatsapp.svg\" alt=\"Whatsapp\">         <p>\u00danete al <b>canal de WhatsApp<\/b> de la SER<\/p>     <\/a> <\/div><\/p>  <p><p class=\"tit\"><span>5.700 alumnos vuelven a las aulas en La Vila Joiosa<\/span><\/p> <p class=\"emb\"><iframe loading=\"lazy\" src=\"https:\/\/cadenaser.com\/embed\/audio\/460\/1725880484096\/\" width=\"100%\" height=\"360\" frameborder=\"0\" allowfullscreen><\/iframe><\/p><\/p>   <p>En<a href=\"https:\/\/cadenaser.com\/tag\/lalfas_del_pi\/a\/\" target=\"_blank\" rel=\"noopener\"> l&#8217;Alf\u00e0s del Pi<\/a>, adem\u00e1s de la protesta frente al IES l&#8217;Arab\u00ed para reclamar m\u00e1s personal administrativo, este a\u00f1o incorporan 200 docentes: 38 en el Rac\u00f3 de l\u2019Albir, 38 en el Sant\u00edssim Crist del Bon Encert, 30 en el Veles e Vents y 110 en el IES L\u2019Arab\u00ed.<\/p>   <p>En <a href=\"https:\/\/cadenaser.com\/tag\/la_nucia\/a\/\" target=\"_blank\" rel=\"noopener\">La Nuc\u00eda<\/a> el Colegio La Muixara ha estrenado esta ma\u00f1ana un nuevo parking en su parte lateral con capacidad para 100 coches, as\u00ed como mejoras en los accesos, que permite a los autobuses parar justo delante del centro.<\/p>  <p><p class=\"tit\"><span>M\u00e1s de 3.000 alumnos han regresado a las clases en La Nuc\u00eda<\/span><\/p> <p class=\"emb\"><iframe loading=\"lazy\" src=\"https:\/\/cadenaser.com\/embed\/audio\/460\/1725881891761\/\" width=\"100%\" height=\"360\" frameborder=\"0\" allowfullscreen><\/iframe><\/p><\/p>   <p>En <a href=\"https:\/\/cadenaser.com\/tag\/callosa_den_sarria\/a\/\" target=\"_blank\" rel=\"noopener\">Callosa<\/a> el colegio Bernat de Sarri\u00e0 ha visto renovada su secci\u00f3n infantil con una inversi\u00f3n de 48.000 euros. Se han cambiado, suelos, alicatados, mejorado paredes, instalado nuevos inodoros, lavabos, ca\u00f1er\u00edas y conducciones de agua. En el Colegio Mirantb\u00f3, por otro lado, se ha mejorado la instalaci\u00f3n el\u00e9ctrica.<\/p>   <p>En <a href=\"https:\/\/cadenaser.com\/tag\/finestrat\/a\/\" target=\"_blank\" rel=\"noopener\">Finestrat<\/a> los dos colegios cuentan con aula para ni\u00f1os de dos a\u00f1os y para atender la escolarizaci\u00f3n de beb\u00e9s hasta 3 a\u00f1os la localidad tambi\u00e9n dispone de \u201cguarder\u00eda\u201d municipal, la EMUFI (Escuela Infantil Municipal), con sus 38 plazas ocupadas y la novedad de la gratuidad.<\/p>  <p><p class=\"tit\"><span>Los alumnos de Finestrat se incorporan a las clases en una jornada sin incidentes<\/span><\/p> <p class=\"emb\"><iframe loading=\"lazy\" src=\"https:\/\/cadenaser.com\/embed\/audio\/460\/1725880759526\/\" width=\"100%\" height=\"360\" frameborder=\"0\" allowfullscreen><\/iframe><\/p><\/p> ","protected":false},"excerpt":{"rendered":"<p>Primera jornada de clases sin incidencias destacables<\/p>\n","protected":false},"author":0,"featured_media":8179,"comment_status":"open","ping_status":"open","sticky":false,"template":"","format":"standard","meta":{"_acf_changed":false,"footnotes":""},"categories":[1],"tags":[],"class_list":["post-8178","post","type-post","status-publish","format-standard","has-post-thumbnail","hentry","category-sin-categoria"],"acf":{"ser_id":"UCUVODLZPRCVNGPX4C3YMCQ6M4","ser_url":"https:\/\/cadenaser.com\/comunitat-valenciana\/2024\/09\/09\/benidorm-y-la-marina-baixa-vuelven-al-cole-radio-benidorm\/"},"_links":{"self":[{"href":"https:\/\/serbenidorm.daliisolutions.com\/index.php\/wp-json\/wp\/v2\/posts\/8178","targetHints":{"allow":["GET"]}}],"collection":[{"href":"https:\/\/serbenidorm.daliisolutions.com\/index.php\/wp-json\/wp\/v2\/posts"}],"about":[{"href":"https:\/\/serbenidorm.daliisolutions.com\/index.php\/wp-json\/wp\/v2\/types\/post"}],"replies":[{"embeddable":true,"href":"https:\/\/serbenidorm.daliisolutions.com\/index.php\/wp-json\/wp\/v2\/comments?post=8178"}],"version-history":[{"count":0,"href":"https:\/\/serbenidorm.daliisolutions.com\/index.php\/wp-json\/wp\/v2\/posts\/8178\/revisions"}],"wp:featuredmedia":[{"embeddable":true,"href":"https:\/\/serbenidorm.daliisolutions.com\/index.php\/wp-json\/wp\/v2\/media\/8179"}],"wp:attachment":[{"href":"https:\/\/serbenidorm.daliisolutions.com\/index.php\/wp-json\/wp\/v2\/media?parent=8178"}],"wp:term":[{"taxonomy":"category","embeddable":true,"href":"https:\/\/serbenidorm.daliisolutions.com\/index.php\/wp-json\/wp\/v2\/categories?post=8178"},{"taxonomy":"post_tag","embeddable":true,"href":"https:\/\/serbenidorm.daliisolutions.com\/index.php\/wp-json\/wp\/v2\/tags?post=8178"}],"curies":[{"name":"wp","href":"https:\/\/api.w.org\/{rel}","templated":true}]}}