{"id":819,"date":"2023-12-21T14:05:13","date_gmt":"2023-12-21T13:05:13","guid":{"rendered":"https:\/\/serbenidorm.daliisolutions.com\/index.php\/2023\/12\/21\/los-turistas-pasan-la-navidad-en-benidorm-80-de-ocupacion-para-nochebuena-y-90-para-nochevieja\/"},"modified":"2023-12-21T14:05:13","modified_gmt":"2023-12-21T13:05:13","slug":"los-turistas-pasan-la-navidad-en-benidorm-80-de-ocupacion-para-nochebuena-y-90-para-nochevieja","status":"publish","type":"post","link":"https:\/\/serbenidorm.daliisolutions.com\/index.php\/2023\/12\/21\/los-turistas-pasan-la-navidad-en-benidorm-80-de-ocupacion-para-nochebuena-y-90-para-nochevieja\/","title":{"rendered":"Los turistas pasan la Navidad en Benidorm: 80 % de ocupaci\u00f3n para Nochebuena y 90 % para Nochevieja"},"content":{"rendered":"  <p>Benidorm<\/p>   <p>Los Reyes Magos se adelantan y dejan a los hoteles de Benidorm en plena temporada baja tur\u00edstica picos de ocupaci\u00f3n en los d\u00edas m\u00e1s  se\u00f1alados del periodo navide\u00f1o como son Nochebuena y Nochevieja. Adem\u00e1s, se\u00f1alan desde la patronal Hosbec, <a href=\"https:\/\/cadenaser.com\/tag\/hosbec_asociacion_empresarial_hostelera_benidorm_costa_blanca_comunidad_valenciana\/a\/\" target=\"_blank\" rel=\"noopener\">este 2023 los festivos han coincidido en domingo y lunes lo cual contribuye a que los clientes alarguen un d\u00eda m\u00e1s las escapadas de fin de semana que tienen previstas<\/a>.<\/p>   <p>Para este fin de semana de Nochebuena y Navidad, las reservas hoteleras despuntan en la capital tur\u00edstica de la Comunitat Valenciana<b> <\/b>con un <a href=\"https:\/\/cadenaser.com\/tag\/benidorm\/a\/\" target=\"_blank\" rel=\"noopener\">77 % de ocupaci\u00f3n durante el fin de semana, llegando a alcanzar el 80% el d\u00eda de Nochebuena<\/a>. El resto de la Costa Blanca se sit\u00faa en un 58 %, mejorando el dato del pasado a\u00f1o 2022 (44 %). En lo que hace a las provincia de Valencia y Castell\u00f3n anotan cifras entre el 30-45%.<\/p>   <p>A diez d\u00edas de poner el broche a 2023, el fin de semana de Nochevieja cuenta ya con un volumen de reservas confirmadas propias de la temporada estival en los hoteles asociados a Hosbec en Benidorm, que ya se sit\u00faan en un 90% a falta de las reservas de \u00faltima hora que podr\u00edan elevar este dato hasta en cinco puntos m\u00e1s.<\/p>   <p><p>M\u00e1s informaci\u00f3n<\/p><figure><img decoding=\"async\" src=\"https:\/\/cadenaser.com\/resizer\/dupTk2w5DvnpbqvIV0j8u8AiFAA=\/650x366\/filters:quality(70)\/cloudfront-eu-central-1.images.arcpublishing.com\/prisaradio\/G4Q44YLWMREJTBR2GMRHD6QSDY.jpg\" loading=\"lazy\" width=\"828\" height=\"621\" \/><\/figure><ul><li><a href=\"https:\/\/cadenaser.com\/comunitat-valenciana\/2023\/11\/29\/la-navidad-llega-a-benidorm-este-sabado-radio-benidorm\/\">La Navidad ha llegado a Benidorm: consulta toda la programaci\u00f3n<\/a><\/li><\/ul><\/p>   <p>Los hoteles de la Costa Blanca tambi\u00e9n se visten de gala estos d\u00edas con un 81,9% de ocupaci\u00f3n, registrando ya para la misma noche de fin de a\u00f1o un 87,3% y<b> <\/b>con algunos de los hoteles pr\u00e1cticamente completos en destinos como Calpe y L&#8217;Alf\u00e0s del Pi.<\/p>   <p>Reserva de hoteles en toda la Comunitat Valenciana<\/p>   <p><li>La planta hotelera de la<b> <\/b>provincia de Valencia manifiesta una tendencia semejante a la Costa Blanca, recogiendo un volumen de reservas para el fin de semana del 79%, con el d\u00eda de  Nochevieja al 87,8%. <\/li><li>La ciudad de Val\u00e8ncia mejora los datos de la provincia siendo un reclamo tur\u00edstico, encontr\u00e1ndose ya con un 81,1% de sus habitaciones ocupadas para el fin de semana, y elev\u00e1ndose estos datos al 86,3% el mismo 31 de diciembre.\u00a0<\/li><li>La provincia de\u00a0Castell\u00f3n, a pesar de ser el territorio con mayor estacionalidad, tambi\u00e9n experimenta un importante incremento de la demanda y la ocupaci\u00f3n hotelera para Nochevieja rondando ya para el fin de semana el 60% de ocupaci\u00f3n, elev\u00e1ndose este dato al 63,5% en la \u00faltima noche del a\u00f1o.<br \/> <\/li><\/p> ","protected":false},"excerpt":{"rendered":"<p>Las reservas para final de a\u00f1o podr\u00edan todav\u00eda crecer hasta cinco puntos seg\u00fan Hosbec<\/p>\n","protected":false},"author":0,"featured_media":820,"comment_status":"open","ping_status":"open","sticky":false,"template":"","format":"standard","meta":{"_acf_changed":false,"footnotes":""},"categories":[1],"tags":[],"class_list":["post-819","post","type-post","status-publish","format-standard","has-post-thumbnail","hentry","category-sin-categoria"],"acf":{"ser_id":"EEX7EQSXIFDYDIBXBKHDPSXMXI","ser_url":"https:\/\/cadenaser.com\/comunitat-valenciana\/2023\/12\/21\/los-turistas-pasan-la-navidad-en-benidorm-80-de-ocupacion-en-nochebuena-y-90-en-nochevieja-radio-benidorm\/"},"_links":{"self":[{"href":"https:\/\/serbenidorm.daliisolutions.com\/index.php\/wp-json\/wp\/v2\/posts\/819","targetHints":{"allow":["GET"]}}],"collection":[{"href":"https:\/\/serbenidorm.daliisolutions.com\/index.php\/wp-json\/wp\/v2\/posts"}],"about":[{"href":"https:\/\/serbenidorm.daliisolutions.com\/index.php\/wp-json\/wp\/v2\/types\/post"}],"replies":[{"embeddable":true,"href":"https:\/\/serbenidorm.daliisolutions.com\/index.php\/wp-json\/wp\/v2\/comments?post=819"}],"version-history":[{"count":0,"href":"https:\/\/serbenidorm.daliisolutions.com\/index.php\/wp-json\/wp\/v2\/posts\/819\/revisions"}],"wp:featuredmedia":[{"embeddable":true,"href":"https:\/\/serbenidorm.daliisolutions.com\/index.php\/wp-json\/wp\/v2\/media\/820"}],"wp:attachment":[{"href":"https:\/\/serbenidorm.daliisolutions.com\/index.php\/wp-json\/wp\/v2\/media?parent=819"}],"wp:term":[{"taxonomy":"category","embeddable":true,"href":"https:\/\/serbenidorm.daliisolutions.com\/index.php\/wp-json\/wp\/v2\/categories?post=819"},{"taxonomy":"post_tag","embeddable":true,"href":"https:\/\/serbenidorm.daliisolutions.com\/index.php\/wp-json\/wp\/v2\/tags?post=819"}],"curies":[{"name":"wp","href":"https:\/\/api.w.org\/{rel}","templated":true}]}}