{"id":8199,"date":"2024-09-10T07:08:33","date_gmt":"2024-09-10T05:08:33","guid":{"rendered":"https:\/\/serbenidorm.daliisolutions.com\/index.php\/2024\/09\/10\/la-comunidad-educativa-del-ies-larabi-de-lalfas-se-concentra-para-denunciar-la-falta-de-personal-administrativo\/"},"modified":"2024-09-10T07:08:33","modified_gmt":"2024-09-10T05:08:33","slug":"la-comunidad-educativa-del-ies-larabi-de-lalfas-se-concentra-para-denunciar-la-falta-de-personal-administrativo","status":"publish","type":"post","link":"https:\/\/serbenidorm.daliisolutions.com\/index.php\/2024\/09\/10\/la-comunidad-educativa-del-ies-larabi-de-lalfas-se-concentra-para-denunciar-la-falta-de-personal-administrativo\/","title":{"rendered":"La comunidad educativa del IES L\u2019Arab\u00ed de l\u2019Alf\u00e0s se concentra para denunciar la falta de personal administrativo"},"content":{"rendered":"  <p>l&#8217;Alf\u00e0s del Pi<\/p>   <p>El curso escolar 2024-2025 ha comenzado hoy en el IES L\u2019Arab\u00ed de l\u2019Alf\u00e0s del Pi con una concentraci\u00f3n de protesta a las puertas del centro educativo. El objetivo: exigir que se cubra la baja de personal administrativo en el instituto, cuya plaza est\u00e1 vacante desde el pasado mes de junio, y al mismo tiempo, solicitar que se ampl\u00ede la plantilla de personal no docente con dos nuevos puestos de trabajo, uno dedicado a tareas administrativas y otro de conserjer\u00eda.<\/p>   <p>As\u00ed lo ha destacado el director del IES L\u2019Arab\u00ed, Ram\u00f3n Orqu\u00edn, durante la lectura de un manifiesto esta ma\u00f1ana a las puertas del centro educativo. \u201cEste centro se cre\u00f3 en 1999 con capacidad para 480 escolares de ESO y 140 de Bachillerato. Contaba entonces con dos plazas de conserje y una de administrativo. (\u2026) <a href=\"https:\/\/cadenaser.com\/tag\/lalfas_del_pi\/a\/\" target=\"_blank\" rel=\"noopener\">En estos momentos, y con la matr\u00edcula todav\u00eda abierta, tenemos 1.100 alumnos, pero las mismas plazas de personal no docente que en 1999<\/a>\u201d, ha declarado, tras a\u00f1adir que desde 2021 vienen solicitando a la Generalitat un aumento de la plantilla para poder atender las necesidades del servicio.<\/p>  <p><figure><img loading=\"lazy\" decoding=\"async\" src=\"https:\/\/cadenaser.com\/resizer\/v2\/RWYUCLDO45FZLP3WTZJZJF35BM.jpg?auth=7d9f7641f22b93f7bccfc51c9037247ba70303d7b20768efe7951eeb8100b90b&amp;quality=70&amp;width=360&amp;height=202&amp;smart=true\" alt=\"La Marina Baixa vuelve al cole\" width=\"240\" height=\"135\" \/><\/figure><div><a href=\"https:\/\/cadenaser.com\/comunitat-valenciana\/2024\/09\/09\/benidorm-y-la-marina-baixa-vuelven-al-cole-radio-benidorm\/\">La Marina Baixa vuelve al cole<\/a><p><\/p><\/div><\/p>   <p>Adem\u00e1s, debido a la ampliaci\u00f3n de la oferta de Formaci\u00f3n Profesional en el IES L\u2019Arab\u00ed, desde el curso 2021-2022 el centro educativo abre en turnos de ma\u00f1ana y tarde, con lo cual la conserjer\u00eda s\u00f3lo est\u00e1 atendida por una persona. \u201cSe ha duplicado el n\u00famero de alumnado y de profesorado, pero el personal administrativo y no docente sigue siendo el mismo que en 1999\u201d, ha denunciado el director del instituto alfasino.<\/p>   <p>Seg\u00fan Ram\u00f3n Orqu\u00edn, el cierre del anterior curso escolar y el inicio del actual han sido \u201cca\u00f3ticos\u201d por la falta de personal administrativo. \u201cNuestra administrativa, despu\u00e9s de a\u00f1os de haber tenido que atender un trabajo desproporcionado y muy estresante, cay\u00f3 enferma en junio de 2024 y contin\u00faa de baja, pero no han enviado a nadie para sustituirla\u201d, ha lamentado.<\/p>   <p>\u201cEl volumen de trabajo administrativo a final y principio de curso es descomunal. El objetivo de la concentraci\u00f3n de hoy es denunciar la situaci\u00f3n que estamos sufriendo por la falta de personal administrativo\u201d, ha a\u00f1adido, tras agradecer la implicaci\u00f3n de los miembros del claustro y del equipo directivo, que han sacado horas de su tiempo libre para poder atender a alumnado y familias durante el proceso de matriculaci\u00f3n.<\/p>   <p>     .c-w{         max-width:444px;         width:100%;         margin:16px auto;      background:#00755E;         border-radius:4px;         display:flex;         align-items:center;         justify-content:center;     }     .c-w a{         display:flex;         align-items:center;         justify-content:center;         padding:4px 24px;     }     .c-w img{         width:24px;         margin-right:12px;     }     .c-w p{         font:18px\/25px Poppins;         text-align:center;         color:#fff;         margin:0;     }     @media (max-width:444px){         .c-w a{             padding:4px 12px;         }         .c-w img{             width:24px;             margin-right:8px;         }         .c-w p{             font:14px\/25px Poppins;         }     }     @media (max-width:335px){         .c-w p{             font:13px\/25px Poppins;         }     }  <div class=\"c-w\">     <a href=\"https:\/\/www.whatsapp.com\/channel\/0029Va633PF9WtC4l7XUzh1e\" target=\"_blank\" rel=\"noopener\">         <img decoding=\"async\" src=\"https:\/\/cadenaser.com\/estaticos\/recursosgraficos\/responsive\/img\/ico-whatsapp.svg\" alt=\"Whatsapp\">         <p>\u00danete al <b>canal de WhatsApp<\/b> de la SER<\/p>     <\/a> <\/div><\/p> ","protected":false},"excerpt":{"rendered":"<p>l&#8217;Alf\u00e0s del Pi El curso escolar 2024-2025 ha comenzado hoy en el IES L\u2019Arab\u00ed de l\u2019Alf\u00e0s del Pi con una concentraci\u00f3n de protesta a las puertas del centro educativo. El objetivo: exigir que se cubra la baja de personal administrativo en el instituto, cuya plaza est\u00e1 vacante desde el pasado mes de junio, y al [&hellip;]<\/p>\n","protected":false},"author":0,"featured_media":8200,"comment_status":"open","ping_status":"open","sticky":false,"template":"","format":"standard","meta":{"_acf_changed":false,"footnotes":""},"categories":[1],"tags":[],"class_list":["post-8199","post","type-post","status-publish","format-standard","has-post-thumbnail","hentry","category-sin-categoria"],"acf":{"ser_id":"PW7TFHBNBRF6VMM5R2G5G2POXQ","ser_url":"https:\/\/cadenaser.com\/comunitat-valenciana\/2024\/09\/09\/la-comunidad-educativa-del-ies-larabi-de-lalfas-se-concentra-para-denunciar-la-falta-de-personal-administrativo-radio-benidorm\/"},"_links":{"self":[{"href":"https:\/\/serbenidorm.daliisolutions.com\/index.php\/wp-json\/wp\/v2\/posts\/8199","targetHints":{"allow":["GET"]}}],"collection":[{"href":"https:\/\/serbenidorm.daliisolutions.com\/index.php\/wp-json\/wp\/v2\/posts"}],"about":[{"href":"https:\/\/serbenidorm.daliisolutions.com\/index.php\/wp-json\/wp\/v2\/types\/post"}],"replies":[{"embeddable":true,"href":"https:\/\/serbenidorm.daliisolutions.com\/index.php\/wp-json\/wp\/v2\/comments?post=8199"}],"version-history":[{"count":0,"href":"https:\/\/serbenidorm.daliisolutions.com\/index.php\/wp-json\/wp\/v2\/posts\/8199\/revisions"}],"wp:featuredmedia":[{"embeddable":true,"href":"https:\/\/serbenidorm.daliisolutions.com\/index.php\/wp-json\/wp\/v2\/media\/8200"}],"wp:attachment":[{"href":"https:\/\/serbenidorm.daliisolutions.com\/index.php\/wp-json\/wp\/v2\/media?parent=8199"}],"wp:term":[{"taxonomy":"category","embeddable":true,"href":"https:\/\/serbenidorm.daliisolutions.com\/index.php\/wp-json\/wp\/v2\/categories?post=8199"},{"taxonomy":"post_tag","embeddable":true,"href":"https:\/\/serbenidorm.daliisolutions.com\/index.php\/wp-json\/wp\/v2\/tags?post=8199"}],"curies":[{"name":"wp","href":"https:\/\/api.w.org\/{rel}","templated":true}]}}