{"id":8201,"date":"2024-09-10T07:08:34","date_gmt":"2024-09-10T05:08:34","guid":{"rendered":"https:\/\/serbenidorm.daliisolutions.com\/index.php\/2024\/09\/10\/la-vila-joiosa-ultima-la-creacion-de-una-entidad-de-gestion-y-modernizacion-para-impulsar-su-poligono-industrial\/"},"modified":"2024-09-10T07:08:34","modified_gmt":"2024-09-10T05:08:34","slug":"la-vila-joiosa-ultima-la-creacion-de-una-entidad-de-gestion-y-modernizacion-para-impulsar-su-poligono-industrial","status":"publish","type":"post","link":"https:\/\/serbenidorm.daliisolutions.com\/index.php\/2024\/09\/10\/la-vila-joiosa-ultima-la-creacion-de-una-entidad-de-gestion-y-modernizacion-para-impulsar-su-poligono-industrial\/","title":{"rendered":"La Vila Joiosa ultima la creaci\u00f3n de una Entidad de Gesti\u00f3n y Modernizaci\u00f3n para impulsar su Pol\u00edgono Industrial"},"content":{"rendered":"  <p>La Vila Joiosa<\/p>   <p>Arrancan los tr\u00e1mites para constituir la Entidad de Gesti\u00f3n y Modernizaci\u00f3n del Pol\u00edgono Industrial de La Vila Joiosa. Esta misma tarde est\u00e1 previsto que se celebre una reuni\u00f3n con los agentes implicados y propietarios de suelo en la zona, seg\u00fan ha adelantado el <a href=\"https:\/\/cadenaser.com\/comunitat-valenciana\/2023\/06\/02\/marcos-zaragoza-lo-primero-que-voy-hacer-es-limpiar-la-vila-radio-benidorm\/\" target=\"_blank\" rel=\"noopener\">alcalde Marcos Zaragoza<\/a> en Hoy por Hoy Benidorm.<\/p>   <p>La reuni\u00f3n pretende sentar las bases lo que ser\u00e1 la EGM del pol\u00edgono vilero para definir estrategias de futuro que garanticen tanto su viabilidad econ\u00f3mica como su crecimiento, expansi\u00f3n y modelo de negocio. \u201cLlevamos siete meses de trabajo con la Confederaci\u00f3n de Pol\u00edgonos Industriales porque nos est\u00e1n ayudando a poner en marcha al EGM. Sin esa entidad el pol\u00edgono podr\u00eda ver comprometido su futuro, tanto para para poder optar a ayudas como para analizar hacia qu\u00e9 modelo debe evolucionar\u201d, ha explicado <a href=\"https:\/\/cadenaser.com\/comunitat-valenciana\/2023\/01\/13\/marcos-zaragoza-quiero-unir-al-centro-derecha-de-la-vila-radio-benidorm\/\" target=\"_blank\" rel=\"noopener\">Zaragoza<\/a>.<\/p>   <p>El Ayuntamiento ya mantuvo una primera reuni\u00f3n el pasado mes de julio y ahora se definir\u00e1 objetivos y estrategias para la constituci\u00f3n de la entidad en la que tendr\u00e1n que estar integrados tanto los due\u00f1os de solares o gestores de naves industriales como la administraci\u00f3n local. \u201cPrimero tenemos que crear la entidad y despu\u00e9s ser\u00e1 el turno de desarrollar pol\u00edticas que nos permitan convertirnos en un referente en pol\u00edgonos industriales, que es nuestro objetivo\u201d, ha a\u00f1adido.<\/p>   <p>Seg\u00fan Zaragoza el Ayuntamiento pretende que convertir el pol\u00edgono industrial en una zona donde crezcan industrias especialmente concienciadas con el medio ambiente y \u201ccon una visi\u00f3n de econom\u00eda azul y circular\u201d. Adem\u00e1s deber\u00e1 ser un pol\u00edgono complementario al de la vecina localidad de Finestrat para no entrar en competencia con \u00e9l y poder ofrecer un modelo de negocio distinto pero compatible. \u201cEn La Vila Joiosa ten\u00edamos un pol\u00edgono puntero hace 30 a\u00f1os, que era un referente en la comarca, pero se ha quedado obsoleto. Hemos perdido mucho tiempo y ahora necesitamos un impulso. Tenemos el pol\u00edgono de Finestrat, que es muy potente, justo al lado pero creemos que nosotros podemos aportar a la comarca otro tipo de industria\u201d, aclara.<\/p>   <p>Uno de los principales inconvenientes del pol\u00edgono vilero es la falta de comunicaci\u00f3n directa con la N-332 puesto que al construir la variante, la zona qued\u00f3 encajonada entre la antigua carretera nacional, que pas\u00f3 a ser v\u00eda urbana, y circunvalaci\u00f3n con la que no ten\u00eda enlace directo. Algo que se solventar\u00e1 con el acceso que el Ministerio de Fomento est\u00e1 construyendo desde la carretera nacional al Hospital Comarcal Marina Baixa y que servir\u00e1 tambi\u00e9n de enlace con la zona industrial vilera.<\/p>   <p>     .c-w{         max-width:444px;         width:100%;         margin:16px auto;      background:#00755E;         border-radius:4px;         display:flex;         align-items:center;         justify-content:center;     }     .c-w a{         display:flex;         align-items:center;         justify-content:center;         padding:4px 24px;     }     .c-w img{         width:24px;         margin-right:12px;     }     .c-w p{         font:18px\/25px Poppins;         text-align:center;         color:#fff;         margin:0;     }     @media (max-width:444px){         .c-w a{             padding:4px 12px;         }         .c-w img{             width:24px;             margin-right:8px;         }         .c-w p{             font:14px\/25px Poppins;         }     }     @media (max-width:335px){         .c-w p{             font:13px\/25px Poppins;         }     }  <div class=\"c-w\">     <a href=\"https:\/\/www.whatsapp.com\/channel\/0029Va633PF9WtC4l7XUzh1e\" target=\"_blank\" rel=\"noopener\">         <img decoding=\"async\" src=\"https:\/\/cadenaser.com\/estaticos\/recursosgraficos\/responsive\/img\/ico-whatsapp.svg\" alt=\"Whatsapp\">         <p>\u00danete al <b>canal de WhatsApp<\/b> de la SER<\/p>     <\/a> <\/div><\/p> ","protected":false},"excerpt":{"rendered":"<p>El alcalde, Marcos Zaragoza, abre el curso pol\u00edtico con novedades econ\u00f3micas y culturales<\/p>\n","protected":false},"author":0,"featured_media":8202,"comment_status":"open","ping_status":"open","sticky":false,"template":"","format":"standard","meta":{"_acf_changed":false,"footnotes":""},"categories":[1],"tags":[],"class_list":["post-8201","post","type-post","status-publish","format-standard","has-post-thumbnail","hentry","category-sin-categoria"],"acf":{"ser_id":"34A45GJVKJFRTIFPZXFEYQONCI","ser_url":"https:\/\/cadenaser.com\/comunitat-valenciana\/2024\/09\/09\/la-vila-joiosa-ultima-la-creacion-de-una-entidad-de-gestion-y-modernizacion-para-impulsar-su-poligono-industrial-radio-benidorm\/"},"_links":{"self":[{"href":"https:\/\/serbenidorm.daliisolutions.com\/index.php\/wp-json\/wp\/v2\/posts\/8201","targetHints":{"allow":["GET"]}}],"collection":[{"href":"https:\/\/serbenidorm.daliisolutions.com\/index.php\/wp-json\/wp\/v2\/posts"}],"about":[{"href":"https:\/\/serbenidorm.daliisolutions.com\/index.php\/wp-json\/wp\/v2\/types\/post"}],"replies":[{"embeddable":true,"href":"https:\/\/serbenidorm.daliisolutions.com\/index.php\/wp-json\/wp\/v2\/comments?post=8201"}],"version-history":[{"count":0,"href":"https:\/\/serbenidorm.daliisolutions.com\/index.php\/wp-json\/wp\/v2\/posts\/8201\/revisions"}],"wp:featuredmedia":[{"embeddable":true,"href":"https:\/\/serbenidorm.daliisolutions.com\/index.php\/wp-json\/wp\/v2\/media\/8202"}],"wp:attachment":[{"href":"https:\/\/serbenidorm.daliisolutions.com\/index.php\/wp-json\/wp\/v2\/media?parent=8201"}],"wp:term":[{"taxonomy":"category","embeddable":true,"href":"https:\/\/serbenidorm.daliisolutions.com\/index.php\/wp-json\/wp\/v2\/categories?post=8201"},{"taxonomy":"post_tag","embeddable":true,"href":"https:\/\/serbenidorm.daliisolutions.com\/index.php\/wp-json\/wp\/v2\/tags?post=8201"}],"curies":[{"name":"wp","href":"https:\/\/api.w.org\/{rel}","templated":true}]}}