{"id":8206,"date":"2024-09-10T08:53:55","date_gmt":"2024-09-10T06:53:55","guid":{"rendered":"https:\/\/serbenidorm.daliisolutions.com\/index.php\/2024\/09\/10\/el-club-voleibol-playas-de-benidorm-arranca-su-pretemporada\/"},"modified":"2024-09-10T08:53:55","modified_gmt":"2024-09-10T06:53:55","slug":"el-club-voleibol-playas-de-benidorm-arranca-su-pretemporada","status":"publish","type":"post","link":"https:\/\/serbenidorm.daliisolutions.com\/index.php\/2024\/09\/10\/el-club-voleibol-playas-de-benidorm-arranca-su-pretemporada\/","title":{"rendered":"El Club Voleibol Playas de Benidorm arranca su pretemporada"},"content":{"rendered":"  <p>Benidorm<\/p>   <p>Con el arranque de la competici\u00f3n en la Superliga 2 tanto masculina como femenina todav\u00eda lejos (no ser\u00e1 hasta el primer fin de semana de octubre), los dos equipos del <a href=\"https:\/\/cadenaser.com\/tag\/club_voleibol_playas_benidorm\/a\/\">Club Voleibol Playas de Benidorm<\/a>, que llevan ya algo m\u00e1s de una semana de entrenamientos, arrancan sus enfrentamientos de pretemporada esta misma semana.<\/p>  <p><p>M\u00e1s informaci\u00f3n<\/p><figure><img loading=\"lazy\" decoding=\"async\" src=\"https:\/\/cadenaser.com\/resizer\/v2\/7TPHZLTOPNEVRHBDISODCMNOQU.jpg?auth=5734c3cd152c91a7dbdce0318636f67f00d0b49024eaa0729a8836509cc536cb&amp;quality=70&amp;width=360&amp;height=202&amp;smart=true\" width=\"820\" height=\"621\" \/><\/figure><ul><li><a href=\"https:\/\/cadenaser.com\/comunitat-valenciana\/2024\/09\/02\/todos-los-partidos-horarios-y-resultados-del-voleibol-radio-benidorm\/\"><span>Todos los partidos, horarios y resultados del voleibol<\/span><\/a><\/li><\/ul><\/p>   <p>El Servigroup Benidorm masculino lo hace, adem\u00e1s, teniendo una importante cita en el horizonte m\u00e1s cercano ya que el pr\u00f3ximo domingo (12:00 horas) viajar\u00e1 a la localidad valenciana de Paterna para medirse al Paterna-Liceo en el que ser\u00e1 su primer partido oficial del a\u00f1o con motivo de la ronda previa de la Copa Comunitat, una competici\u00f3n en la que <a href=\"https:\/\/cadenaser.com\/comunitat-valenciana\/2023\/09\/18\/la-copa-comunitat-de-voleibol-depara-el-primer-derbi-comarcal-de-la-temporada-radio-benidorm\/\">en 2023 fueron apeados por el Conqueridos Val\u00e8ncia en cuartos de final<\/a>.<\/p>   <p>Antes de ese primer choque oficial del a\u00f1o, los de Adriano Lamb recibir\u00e1n el viernes (21:00 horas) en el Pabell\u00f3n Ra\u00fal Mesa al Playas de Cartagena en un amistoso en el que el preparador brasile\u00f1o podr\u00e1 hacer su primer test del verano de cara a esa eliminatoria de Paterna.<\/p>   <p>Las m\u00e1s madrugadoras, en cualquier caso, ser\u00e1n las chicas del Servigroup Benidorm femenino, que har\u00e1n su debut competitivo el pr\u00f3ximo mi\u00e9rcoles (20:00 horas) en un amistoso ante la Universitat d\u2019Alacant (rival en la Superliga 2 el pasado a\u00f1o) en el pabell\u00f3n de las universitarias.<\/p> ","protected":false},"excerpt":{"rendered":"<p>El equipo masculino disputar\u00e1 el domingo su primer partido oficial de la temporada<\/p>\n","protected":false},"author":0,"featured_media":8207,"comment_status":"open","ping_status":"open","sticky":false,"template":"","format":"standard","meta":{"_acf_changed":false,"footnotes":""},"categories":[16],"tags":[],"class_list":["post-8206","post","type-post","status-publish","format-standard","has-post-thumbnail","hentry","category-deportes"],"acf":{"ser_id":"OHQU3MCCT5GZPJKMZT477SQ2RA","ser_url":"https:\/\/cadenaser.com\/comunitat-valenciana\/2024\/09\/09\/el-club-voleibol-playas-de-benidorm-arranca-su-pretemporada-radio-benidorm\/"},"_links":{"self":[{"href":"https:\/\/serbenidorm.daliisolutions.com\/index.php\/wp-json\/wp\/v2\/posts\/8206","targetHints":{"allow":["GET"]}}],"collection":[{"href":"https:\/\/serbenidorm.daliisolutions.com\/index.php\/wp-json\/wp\/v2\/posts"}],"about":[{"href":"https:\/\/serbenidorm.daliisolutions.com\/index.php\/wp-json\/wp\/v2\/types\/post"}],"replies":[{"embeddable":true,"href":"https:\/\/serbenidorm.daliisolutions.com\/index.php\/wp-json\/wp\/v2\/comments?post=8206"}],"version-history":[{"count":0,"href":"https:\/\/serbenidorm.daliisolutions.com\/index.php\/wp-json\/wp\/v2\/posts\/8206\/revisions"}],"wp:featuredmedia":[{"embeddable":true,"href":"https:\/\/serbenidorm.daliisolutions.com\/index.php\/wp-json\/wp\/v2\/media\/8207"}],"wp:attachment":[{"href":"https:\/\/serbenidorm.daliisolutions.com\/index.php\/wp-json\/wp\/v2\/media?parent=8206"}],"wp:term":[{"taxonomy":"category","embeddable":true,"href":"https:\/\/serbenidorm.daliisolutions.com\/index.php\/wp-json\/wp\/v2\/categories?post=8206"},{"taxonomy":"post_tag","embeddable":true,"href":"https:\/\/serbenidorm.daliisolutions.com\/index.php\/wp-json\/wp\/v2\/tags?post=8206"}],"curies":[{"name":"wp","href":"https:\/\/api.w.org\/{rel}","templated":true}]}}