{"id":8212,"date":"2024-09-10T12:15:25","date_gmt":"2024-09-10T10:15:25","guid":{"rendered":"https:\/\/serbenidorm.daliisolutions.com\/index.php\/2024\/09\/10\/el-huesitos-la-vila-se-presentara-ante-su-aficion-el-21-de-septiembre\/"},"modified":"2024-09-10T12:15:25","modified_gmt":"2024-09-10T10:15:25","slug":"el-huesitos-la-vila-se-presentara-ante-su-aficion-el-21-de-septiembre","status":"publish","type":"post","link":"https:\/\/serbenidorm.daliisolutions.com\/index.php\/2024\/09\/10\/el-huesitos-la-vila-se-presentara-ante-su-aficion-el-21-de-septiembre\/","title":{"rendered":"El Huesitos-La Vila se presentar\u00e1 ante su afici\u00f3n el 21 de septiembre"},"content":{"rendered":"  <p>Benidorm<\/p>   <p>Tras <a href=\"https:\/\/cadenaser.com\/comunitat-valenciana\/2024\/05\/12\/victoria-y-ascenso-para-el-huesitos-la-vila-radio-benidorm\/\">el ascenso conseguido el pasado a\u00f1o<\/a>, el Huesitos-La Vila ha iniciado hace ya algo m\u00e1s de una semana los entrenamientos de cara a afrontar su regreso a la m\u00e1xima categor\u00eda del rugby espa\u00f1ol. La Divisi\u00f3n de Honor no arrancar\u00e1 hasta el primer fin de semana de octubre (<a href=\"https:\/\/cadenaser.com\/comunitat-valenciana\/2024\/08\/06\/todos-los-partidos-horarios-y-resultados-del-huesitos-la-vila-radio-benidorm\/\">el primer partido como local ser\u00e1 con motivo de la segunda jornada<\/a>), pero los aficionados vileros no tendr\u00e1n que esperar tanto tiempo para ver en acci\u00f3n a los suyos.<\/p>   <p>El <a href=\"https:\/\/cadenaser.com\/tag\/club_rugby_la_vila\/a\/\">Club de Rugby La Vila<\/a>ha anunciado que el pr\u00f3ximo d\u00eda 21 de septiembre disputar\u00e1 el que ser\u00e1 su primer partido de pretemporada y para ello ha elegido a un viejo conocido, el CAU Val\u00e8ncia, como rival. Esa jornada servir\u00e1, adem\u00e1s, para celebrar el acto de presentaci\u00f3n oficial del equipo de cara a la ilusionante campa\u00f1a que ahora comienza.<\/p>  <p><p>M\u00e1s informaci\u00f3n<\/p><figure><img loading=\"lazy\" decoding=\"async\" src=\"https:\/\/cadenaser.com\/resizer\/v2\/6CNB6OTHM5BOVJ6MMXCMXUTJSY.JPG?auth=93a392f71f25a52e1fbb710cf7da3031540384685c7091cd0431d12ce0aa2f44&amp;quality=70&amp;width=360&amp;height=202&amp;smart=true\" width=\"820\" height=\"621\" \/><\/figure><ul><li><a href=\"https:\/\/cadenaser.com\/comunitat-valenciana\/2024\/08\/06\/todos-los-partidos-horarios-y-resultados-del-huesitos-la-vila-radio-benidorm\/\"><span>Todos los partidos, horarios y resultados del Huesitos-La Vila<\/span><\/a><\/li><\/ul><\/p>   <p>La tarde en El Pantano comenzar\u00e1 a las 18:00 horas con un emotivo acto de homenaje a los jugadores de la entidad que se retiraron la pasada temporada tras la consecuci\u00f3n del ascenso. Seguidamente, ser\u00e1 el momento del acto de presentaci\u00f3n de la plantilla de la presente temporada y de todo el \u2018staff\u2019 t\u00e9cnico que deber\u00e1 de afrontar ese gran objetivo de volver a asentar el rugby vilero en la elite nacional.<\/p>   <p>El partido ante el CAU Val\u00e8ncia empezar\u00e1 a las 18:30 horas y en \u00e9l se espera que Hern\u00e1n \u2018Falu\u2019 Quirelli cuente con buena parte de los componentes de la plantilla del equipo Sub-23 del Club de Rugby La Vila para comprobar hasta d\u00f3nde podr\u00e1n aportar al <a href=\"https:\/\/cadenaser.com\/tag\/club_rugby_la_vila\/a\/\">Huesitos-La Vila<\/a>este a\u00f1o.<\/p> ","protected":false},"excerpt":{"rendered":"<p>Tras el acto de puesta de largo, el XV del Pantano disputar\u00e1 su primer amistoso del a\u00f1o ante el CAU Val\u00e8ncia<\/p>\n","protected":false},"author":0,"featured_media":8213,"comment_status":"open","ping_status":"open","sticky":false,"template":"","format":"standard","meta":{"_acf_changed":false,"footnotes":""},"categories":[16],"tags":[],"class_list":["post-8212","post","type-post","status-publish","format-standard","has-post-thumbnail","hentry","category-deportes"],"acf":{"ser_id":"3NJB4GCG3JFSFGU5I4L4LDGDGU","ser_url":"https:\/\/cadenaser.com\/comunitat-valenciana\/2024\/09\/10\/el-huesitos-la-vila-se-presentara-ante-su-aficion-el-21-de-septiembre-radio-benidorm\/"},"_links":{"self":[{"href":"https:\/\/serbenidorm.daliisolutions.com\/index.php\/wp-json\/wp\/v2\/posts\/8212","targetHints":{"allow":["GET"]}}],"collection":[{"href":"https:\/\/serbenidorm.daliisolutions.com\/index.php\/wp-json\/wp\/v2\/posts"}],"about":[{"href":"https:\/\/serbenidorm.daliisolutions.com\/index.php\/wp-json\/wp\/v2\/types\/post"}],"replies":[{"embeddable":true,"href":"https:\/\/serbenidorm.daliisolutions.com\/index.php\/wp-json\/wp\/v2\/comments?post=8212"}],"version-history":[{"count":0,"href":"https:\/\/serbenidorm.daliisolutions.com\/index.php\/wp-json\/wp\/v2\/posts\/8212\/revisions"}],"wp:featuredmedia":[{"embeddable":true,"href":"https:\/\/serbenidorm.daliisolutions.com\/index.php\/wp-json\/wp\/v2\/media\/8213"}],"wp:attachment":[{"href":"https:\/\/serbenidorm.daliisolutions.com\/index.php\/wp-json\/wp\/v2\/media?parent=8212"}],"wp:term":[{"taxonomy":"category","embeddable":true,"href":"https:\/\/serbenidorm.daliisolutions.com\/index.php\/wp-json\/wp\/v2\/categories?post=8212"},{"taxonomy":"post_tag","embeddable":true,"href":"https:\/\/serbenidorm.daliisolutions.com\/index.php\/wp-json\/wp\/v2\/tags?post=8212"}],"curies":[{"name":"wp","href":"https:\/\/api.w.org\/{rel}","templated":true}]}}