{"id":8233,"date":"2024-09-10T16:32:24","date_gmt":"2024-09-10T14:32:24","guid":{"rendered":"https:\/\/serbenidorm.daliisolutions.com\/index.php\/2024\/09\/10\/benidorm-lanza-el-programa-de-escuelas-deportivas-municipales-2024-2025\/"},"modified":"2024-09-10T16:32:24","modified_gmt":"2024-09-10T14:32:24","slug":"benidorm-lanza-el-programa-de-escuelas-deportivas-municipales-2024-2025","status":"publish","type":"post","link":"https:\/\/serbenidorm.daliisolutions.com\/index.php\/2024\/09\/10\/benidorm-lanza-el-programa-de-escuelas-deportivas-municipales-2024-2025\/","title":{"rendered":"Benidorm lanza el programa de Escuelas Deportivas Municipales 2024-2025"},"content":{"rendered":"  <p>Benidorm<\/p>   <p>Una semana despu\u00e9s de la vuelta al cole de los m\u00e1s peque\u00f1os, la concejal\u00eda de Deportes de Benidorm arrancar\u00e1 el periodo de inscripci\u00f3n para empadronados en las actividades programadas en las Escuelas Deportivas Municipales y clubes locales para el curso 2024-2025 y que ofertan clases en diez deportes distintos.<\/p>   <p>El concejal de Deportes, Javier Jord\u00e1, ha avanzado que \u201cla gran novedad para este a\u00f1o es la incorporaci\u00f3n del programa de la Escuela Multideportiva que tan bien funciona en las escuelas deportivas del verano y que ahora se va a programar durante todo el a\u00f1o, para acercar la actividad f\u00edsica y deportiva, en distintos \u00e1mbitos y disciplinas, a todos los ni\u00f1os y ni\u00f1as de nuestra ciudad\u201d.<\/p>   <p>Javier Jord\u00e1 ha destacado que, como en ocasiones anteriores, \u201cla oferta de cursos y actividades de las Escuelas Deportivas Municipales se centra en la iniciaci\u00f3n, buscando fomentar la pr\u00e1ctica deportiva saludable\u201d entre la poblaci\u00f3n, tanto infantil como adulta, y ha agregado que los cursos \u201cvan dirigidos a p\u00fablico de distintas edades, con el objetivo de poder llegar al mayor n\u00famero de poblaci\u00f3n posible\u201d.<\/p>   <p>Los cursos programados para este a\u00f1o y que impartir\u00e1n los monitores deportivos municipales son Aquagym, Gimnasia de mantenimiento, Gimnasia en la playa para adultos y Nataci\u00f3n para adultos, que se desarrollar\u00e1n en horario de ma\u00f1ana; y Deporte para personas con diversidad funcional, Multideporte, Nataci\u00f3n infantil y Patinaje infantil, que se desarrollar\u00e1n en horario de tarde.<\/p>   <p>A ellos se suma tambi\u00e9n la oferta de iniciaci\u00f3n al P\u00e1del para adultos e infantil y de iniciaci\u00f3n al Tenis para adultos, en ambos casos en horario de tarde.<\/p>   <p>     .c-w{         max-width:444px;         width:100%;         margin:16px auto;      background:#00755E;         border-radius:4px;         display:flex;         align-items:center;         justify-content:center;     }     .c-w a{         display:flex;         align-items:center;         justify-content:center;         padding:4px 24px;     }     .c-w img{         width:24px;         margin-right:12px;     }     .c-w p{         font:18px\/25px Poppins;         text-align:center;         color:#fff;         margin:0;     }     @media (max-width:444px){         .c-w a{             padding:4px 12px;         }         .c-w img{             width:24px;             margin-right:8px;         }         .c-w p{             font:14px\/25px Poppins;         }     }     @media (max-width:335px){         .c-w p{             font:13px\/25px Poppins;         }     }  <div class=\"c-w\">     <a href=\"https:\/\/www.whatsapp.com\/channel\/0029Va633PF9WtC4l7XUzh1e\" target=\"_blank\" rel=\"noopener\">         <img decoding=\"async\" src=\"https:\/\/cadenaser.com\/estaticos\/recursosgraficos\/responsive\/img\/ico-whatsapp.svg\" alt=\"Whatsapp\">         <p>\u00danete al <b>canal de WhatsApp<\/b> de la SER<\/p>     <\/a> <\/div><\/p>   <p>El concejal de Deportes ha se\u00f1alado que las personas empadronadas en Benidorm podr\u00e1n inscribirse en cualquiera de estos cursos a partir del pr\u00f3ximo lunes, d\u00eda 16, mientras que los no empadronados tendr\u00e1n que esperar hasta el viernes, 20 de septiembre, para poder apuntarse. En ambos casos, el horario para la inscripci\u00f3n ser\u00e1 de 9 a 13 horas si se realiza de manera presencial \u2013tanto en las dependencias de la Concejal\u00eda de Deportes del Ayuntamiento, el Palau d\u2019Esports l\u2019Illa de Benidorm o en las Extensiones Administrativas de Benidorm\u2013, o de manera telem\u00e1tica.<\/p>   <p>\u201cLas clases se iniciar\u00e1n a partir del 1 de octubre y se prolongar\u00e1n hasta el 31 de mayo, estando sujetas al calendario escolar\u201d, ha explicado Javier Jord\u00e1. El edil ha trasladado que \u201clas actividades tienen un precio que oscila entre los 15 y los 25 euros, aunque tambi\u00e9n hay alguna gratuita, como la de Gimnasia de mantenimiento de la playa\u201d, mientras que para las que tiene cuota \u201cse prev\u00e9n bonificaciones para familias numerosas, monoparentales, de acogida, que tengan reconocida la discapacidad o sean beneficiarias de la renta garantizada de ciudadan\u00eda\u201d. Por lo que se refiere a la nueva actividad de Escuela Multideportiva, el concejal ha explicado que la programaci\u00f3n incluye actividades predeportivas, como F\u00fatbol Sala, F\u00fatbol 8, Balonmano, Baloncesto, Tenis y Voleibol; deportes aut\u00f3ctonos como la Pilota Valenciana; y actividades al aire libre como Campo a trav\u00e9s, Mountain Bike y Ginkanas de orientaci\u00f3n, que se desarrollar\u00e1n por El Moralet.<\/p> ","protected":false},"excerpt":{"rendered":"<p>El proceso de inscripci\u00f3n para empadronados comenzar\u00e1 el pr\u00f3ximo lunes<\/p>\n","protected":false},"author":0,"featured_media":8234,"comment_status":"open","ping_status":"open","sticky":false,"template":"","format":"standard","meta":{"_acf_changed":false,"footnotes":""},"categories":[16],"tags":[],"class_list":["post-8233","post","type-post","status-publish","format-standard","has-post-thumbnail","hentry","category-deportes"],"acf":{"ser_id":"UXBLWHBLVJFYBIVAPXL2RZRD4E","ser_url":"https:\/\/cadenaser.com\/comunitat-valenciana\/2024\/09\/10\/benidorm-lanza-el-programa-de-escuelas-deportivas-municipales-2024-2025-radio-benidorm\/"},"_links":{"self":[{"href":"https:\/\/serbenidorm.daliisolutions.com\/index.php\/wp-json\/wp\/v2\/posts\/8233","targetHints":{"allow":["GET"]}}],"collection":[{"href":"https:\/\/serbenidorm.daliisolutions.com\/index.php\/wp-json\/wp\/v2\/posts"}],"about":[{"href":"https:\/\/serbenidorm.daliisolutions.com\/index.php\/wp-json\/wp\/v2\/types\/post"}],"replies":[{"embeddable":true,"href":"https:\/\/serbenidorm.daliisolutions.com\/index.php\/wp-json\/wp\/v2\/comments?post=8233"}],"version-history":[{"count":0,"href":"https:\/\/serbenidorm.daliisolutions.com\/index.php\/wp-json\/wp\/v2\/posts\/8233\/revisions"}],"wp:featuredmedia":[{"embeddable":true,"href":"https:\/\/serbenidorm.daliisolutions.com\/index.php\/wp-json\/wp\/v2\/media\/8234"}],"wp:attachment":[{"href":"https:\/\/serbenidorm.daliisolutions.com\/index.php\/wp-json\/wp\/v2\/media?parent=8233"}],"wp:term":[{"taxonomy":"category","embeddable":true,"href":"https:\/\/serbenidorm.daliisolutions.com\/index.php\/wp-json\/wp\/v2\/categories?post=8233"},{"taxonomy":"post_tag","embeddable":true,"href":"https:\/\/serbenidorm.daliisolutions.com\/index.php\/wp-json\/wp\/v2\/tags?post=8233"}],"curies":[{"name":"wp","href":"https:\/\/api.w.org\/{rel}","templated":true}]}}