{"id":8242,"date":"2024-09-10T19:25:12","date_gmt":"2024-09-10T17:25:12","guid":{"rendered":"https:\/\/serbenidorm.daliisolutions.com\/index.php\/2024\/09\/10\/los-controles-de-patinetes-revelan-en-benidorm-lo-habitual-de-los-repartidores-sin-contrato\/"},"modified":"2024-09-10T19:25:12","modified_gmt":"2024-09-10T17:25:12","slug":"los-controles-de-patinetes-revelan-en-benidorm-lo-habitual-de-los-repartidores-sin-contrato","status":"publish","type":"post","link":"https:\/\/serbenidorm.daliisolutions.com\/index.php\/2024\/09\/10\/los-controles-de-patinetes-revelan-en-benidorm-lo-habitual-de-los-repartidores-sin-contrato\/","title":{"rendered":"Los controles de patinetes revelan en Benidorm lo habitual de los repartidores sin contrato"},"content":{"rendered":"  <p>Benidorm<\/p>   <p>Los patinetes han sustituido a las motos o las bicicletas como el veh\u00edculo m\u00e1s frecuente para repartir comida a domicilio en las ciudades y ya forman una parte notable de la escena urbana. Es por ello que la Polic\u00eda Local de Benidorm inici\u00f3 en enero una vigilancia m\u00e1s intensiva con motivo de la proliferaci\u00f3n de estos veh\u00edculos de movilidad personal (VMP).<\/p>   <p>De estos meses de campa\u00f1a reforzando la vigilancia en todas las calles y avenidas de la capital tur\u00edstica sali\u00f3 una primera estad\u00edstica que reflejaba como el 70 % de las infracciones se deb\u00edan a circular por las calles peatonales. Sin embargo, este martes el cuerpo ha informado de otra derivada que va mucho m\u00e1s all\u00e1 y est\u00e1 relacionada con el empleo y la inmigraci\u00f3n.<\/p>  <p><p>M\u00e1s informaci\u00f3n<\/p><figure><img loading=\"lazy\" decoding=\"async\" src=\"https:\/\/cadenaser.com\/resizer\/v2\/4SJBPLA6J5EEHN7GPGIE56YY7E.jpg?auth=0338510ee8f42a16205a7e5b041ba3ba3c2d1baedb2334edd3761c29166d9437&amp;quality=70&amp;width=360&amp;height=202&amp;smart=true\" width=\"820\" height=\"621\" \/><\/figure><ul><li><a href=\"https:\/\/cadenaser.com\/comunitat-valenciana\/2024\/07\/01\/los-patinetes-en-el-punto-de-mira-de-la-policia-local-de-benidorm-estas-son-las-infracciones-mas-frecuentes-radio-benidorm\/\"><span>Los patinetes, en el punto de mira de la Polic\u00eda Local: estas son las infracciones m\u00e1s frecuentes<\/span><\/a><\/li><\/ul><\/p>   <p>Los agentes han detectado durante la treintena de controles que realizan al d\u00eda otra pr\u00e1ctica m\u00e1s que habitual: la de repartidores sin contrato y en una situaci\u00f3n irregular de extranjer\u00eda. <\/p>   <p>Fuentes del cuerpo han concretado a <a href=\"https:\/\/cadenaser.com\/tag\/benidorm\/a\/\" target=\"_blank\" rel=\"noopener\">Radio Benidorm<\/a> que esos recaderos, con mochilas de conocidas compa\u00f1\u00edas de reparto, no tienen contrato con esas empresas si no que trabajan para un tercero que es el que tiene licencia de actividad. <\/p>   <p>Entre las nacionalidad afectadas por esta circunstancia de explotaci\u00f3n laboral destaca la colombiana y desde la Polic\u00eda Local de Benidorm aseguran estar realizando todo el esfuerzo posible para perseguirla en la medida en que el resto de sus servicios se lo permite.<\/p>   <p>     .c-w{         max-width:444px;         width:100%;         margin:16px auto;      background:#00755E;         border-radius:4px;         display:flex;         align-items:center;         justify-content:center;     }     .c-w a{         display:flex;         align-items:center;         justify-content:center;         padding:4px 24px;     }     .c-w img{         width:24px;         margin-right:12px;     }     .c-w p{         font:18px\/25px Poppins;         text-align:center;         color:#fff;         margin:0;     }     @media (max-width:444px){         .c-w a{             padding:4px 12px;         }         .c-w img{             width:24px;             margin-right:8px;         }         .c-w p{             font:14px\/25px Poppins;         }     }     @media (max-width:335px){         .c-w p{             font:13px\/25px Poppins;         }     }  <div class=\"c-w\">     <a href=\"https:\/\/www.whatsapp.com\/channel\/0029Va633PF9WtC4l7XUzh1e\" target=\"_blank\" rel=\"noopener\">         <img decoding=\"async\" src=\"https:\/\/cadenaser.com\/estaticos\/recursosgraficos\/responsive\/img\/ico-whatsapp.svg\" alt=\"Whatsapp\">         <p>\u00danete al <b>canal de WhatsApp<\/b> de la SER<\/p>     <\/a> <\/div><\/p> ","protected":false},"excerpt":{"rendered":"<p>La Polic\u00eda Local encuentra a diario inmigrantes irregulares que trabajan para terceras personas con licencia de actividad<\/p>\n","protected":false},"author":0,"featured_media":8243,"comment_status":"open","ping_status":"open","sticky":false,"template":"","format":"standard","meta":{"_acf_changed":false,"footnotes":""},"categories":[1],"tags":[],"class_list":["post-8242","post","type-post","status-publish","format-standard","has-post-thumbnail","hentry","category-sin-categoria"],"acf":{"ser_id":"IJZQRCOMMNCKXOPH7YK5SGD43U","ser_url":"https:\/\/cadenaser.com\/comunitat-valenciana\/2024\/09\/10\/los-controles-de-patinetes-revelan-en-benidorm-lo-habitual-de-los-repartidores-sin-contrato-radio-benidorm\/"},"_links":{"self":[{"href":"https:\/\/serbenidorm.daliisolutions.com\/index.php\/wp-json\/wp\/v2\/posts\/8242","targetHints":{"allow":["GET"]}}],"collection":[{"href":"https:\/\/serbenidorm.daliisolutions.com\/index.php\/wp-json\/wp\/v2\/posts"}],"about":[{"href":"https:\/\/serbenidorm.daliisolutions.com\/index.php\/wp-json\/wp\/v2\/types\/post"}],"replies":[{"embeddable":true,"href":"https:\/\/serbenidorm.daliisolutions.com\/index.php\/wp-json\/wp\/v2\/comments?post=8242"}],"version-history":[{"count":0,"href":"https:\/\/serbenidorm.daliisolutions.com\/index.php\/wp-json\/wp\/v2\/posts\/8242\/revisions"}],"wp:featuredmedia":[{"embeddable":true,"href":"https:\/\/serbenidorm.daliisolutions.com\/index.php\/wp-json\/wp\/v2\/media\/8243"}],"wp:attachment":[{"href":"https:\/\/serbenidorm.daliisolutions.com\/index.php\/wp-json\/wp\/v2\/media?parent=8242"}],"wp:term":[{"taxonomy":"category","embeddable":true,"href":"https:\/\/serbenidorm.daliisolutions.com\/index.php\/wp-json\/wp\/v2\/categories?post=8242"},{"taxonomy":"post_tag","embeddable":true,"href":"https:\/\/serbenidorm.daliisolutions.com\/index.php\/wp-json\/wp\/v2\/tags?post=8242"}],"curies":[{"name":"wp","href":"https:\/\/api.w.org\/{rel}","templated":true}]}}