{"id":8253,"date":"2024-09-11T10:52:39","date_gmt":"2024-09-11T08:52:39","guid":{"rendered":"https:\/\/serbenidorm.daliisolutions.com\/index.php\/2024\/09\/11\/el-balonmano-femenino-de-benidorm-busca-renacer-tras-un-ano-muy-complicado\/"},"modified":"2024-09-11T10:52:39","modified_gmt":"2024-09-11T08:52:39","slug":"el-balonmano-femenino-de-benidorm-busca-renacer-tras-un-ano-muy-complicado","status":"publish","type":"post","link":"https:\/\/serbenidorm.daliisolutions.com\/index.php\/2024\/09\/11\/el-balonmano-femenino-de-benidorm-busca-renacer-tras-un-ano-muy-complicado\/","title":{"rendered":"El balonmano femenino de Benidorm busca renacer tras un a\u00f1o muy complicado"},"content":{"rendered":"  <p>Benidorm<\/p>   <p>En la pasada temporada fueron muchas las circunstancias que confabularon para que el Servigroup Benidorm femenino protagonizara una de sus peores campa\u00f1as en la Divisi\u00f3n de Honor Plata del balonmano nacional. Lastradas por las lesiones y sin ser capaces de encontrar su mejor versi\u00f3n en ning\u00fan momento, las chicas del Palau d\u2019Esports l\u2019Illa de Benidorm acabaron perdiendo la categor\u00eda; pero durante el verano se produjeron las tradicionales renuncias que permitieron al <a href=\"https:\/\/cadenaser.com\/tag\/club_balonmano_benidorm\/a\/\" target=\"_blank\" rel=\"noopener\">Club Balonmano Benidorm<\/a> volver a inscribir a su escuadra femenina en la liga.<\/p>  <p><p>M\u00e1s informaci\u00f3n<\/p><figure><img loading=\"lazy\" decoding=\"async\" src=\"https:\/\/cadenaser.com\/resizer\/v2\/T6OHECP5R5CAHDTEVPRTXWQXGM.jpg?auth=f4e4ce8ab64569aa9d7a5037da432b9c8149c091208bc892402e65fa4608e99b&amp;quality=70&amp;width=360&amp;height=202&amp;smart=true\" width=\"820\" height=\"621\" \/><\/figure><ul><li><a href=\"https:\/\/cadenaser.com\/comunitat-valenciana\/2024\/08\/08\/todos-los-partidos-horarios-y-resultados-del-balonmano-servigroup-benidorm-radio-benidorm\/\"><span>Todos los partidos, horarios y resultados del Balonmano Servigroup Benidorm<\/span><\/a><\/li><\/ul><\/p>   <p>El pr\u00f3ximo d\u00eda 21 de septiembre arrancar\u00e1 una nueva singladura para una nave que, eso s\u00ed, ha cambiado muchas cosas. La entidad ha decidido apostar fuerte por convertir al equipo femenino en su segundo gran proyecto tras, evidentemente, <a href=\"https:\/\/cadenaser.com\/comunitat-valenciana\/2024\/09\/03\/colo-vainstein-tenemos-que-hacer-que-la-aficion-disfrute-radio-benidorm\/\" target=\"_blank\" rel=\"noopener\">el conjunto de Liga Asobal<\/a> y conf\u00eda plenamente en que no habr\u00e1 que pasar las mismas dificultades que el curso pasado.<\/p>   <p>Con Guillermo Casta\u00f1o en el banquillo, el principal objetivo de este renacimiento es el de construir un bloque sobre el que ir creciendo en las pr\u00f3ximas temporadas. De eso y de muchas m\u00e1s cosas habl\u00f3 el propio t\u00e9cnico acompa\u00f1ado de la jugadora Isabel Villalgordo en una Barra Libre de <a href=\"https:\/\/cadenaser.com\/radio-benidorm\/ser-deportivos-benidorm\/\" target=\"_blank\" rel=\"noopener\">SER Deportivos Marina Baixa<\/a> dedicada \u00edntegramente a ese proyecto.<\/p> ","protected":false},"excerpt":{"rendered":"<p>El nuevo entrenador del equipo, Guillermo Casta\u00f1o, y la jugadora Isabel Villalgordo fueron los protagonistas de SER Deportivos<\/p>\n","protected":false},"author":0,"featured_media":8254,"comment_status":"open","ping_status":"open","sticky":false,"template":"","format":"standard","meta":{"_acf_changed":false,"footnotes":""},"categories":[16],"tags":[],"class_list":["post-8253","post","type-post","status-publish","format-standard","has-post-thumbnail","hentry","category-deportes"],"acf":{"ser_id":"W6UXC46FHRH2VC3YPGQXRZ2TUE","ser_url":"https:\/\/cadenaser.com\/comunitat-valenciana\/2024\/09\/11\/el-balonmano-femenino-de-benidorm-busca-renacer-tras-un-ano-muy-complicado-radio-benidorm\/"},"_links":{"self":[{"href":"https:\/\/serbenidorm.daliisolutions.com\/index.php\/wp-json\/wp\/v2\/posts\/8253","targetHints":{"allow":["GET"]}}],"collection":[{"href":"https:\/\/serbenidorm.daliisolutions.com\/index.php\/wp-json\/wp\/v2\/posts"}],"about":[{"href":"https:\/\/serbenidorm.daliisolutions.com\/index.php\/wp-json\/wp\/v2\/types\/post"}],"replies":[{"embeddable":true,"href":"https:\/\/serbenidorm.daliisolutions.com\/index.php\/wp-json\/wp\/v2\/comments?post=8253"}],"version-history":[{"count":0,"href":"https:\/\/serbenidorm.daliisolutions.com\/index.php\/wp-json\/wp\/v2\/posts\/8253\/revisions"}],"wp:featuredmedia":[{"embeddable":true,"href":"https:\/\/serbenidorm.daliisolutions.com\/index.php\/wp-json\/wp\/v2\/media\/8254"}],"wp:attachment":[{"href":"https:\/\/serbenidorm.daliisolutions.com\/index.php\/wp-json\/wp\/v2\/media?parent=8253"}],"wp:term":[{"taxonomy":"category","embeddable":true,"href":"https:\/\/serbenidorm.daliisolutions.com\/index.php\/wp-json\/wp\/v2\/categories?post=8253"},{"taxonomy":"post_tag","embeddable":true,"href":"https:\/\/serbenidorm.daliisolutions.com\/index.php\/wp-json\/wp\/v2\/tags?post=8253"}],"curies":[{"name":"wp","href":"https:\/\/api.w.org\/{rel}","templated":true}]}}