{"id":8260,"date":"2024-09-11T12:43:18","date_gmt":"2024-09-11T10:43:18","guid":{"rendered":"https:\/\/serbenidorm.daliisolutions.com\/index.php\/2024\/09\/11\/hector-alvarez-brilla-en-el-europeo-de-cri-con-un-fenomenal-top10\/"},"modified":"2024-09-11T12:43:18","modified_gmt":"2024-09-11T10:43:18","slug":"hector-alvarez-brilla-en-el-europeo-de-cri-con-un-fenomenal-top10","status":"publish","type":"post","link":"https:\/\/serbenidorm.daliisolutions.com\/index.php\/2024\/09\/11\/hector-alvarez-brilla-en-el-europeo-de-cri-con-un-fenomenal-top10\/","title":{"rendered":"H\u00e9ctor \u00c1lvarez brilla en el Europeo de CRI con un fenomenal Top10"},"content":{"rendered":"  <p>Benidorm<\/p>   <p>El ciclista alfasino H\u00e9ctor \u00c1lvarez ha vuelto a dar una muy buena y seria muestra de su progresi\u00f3n y talento en la prueba de contrarreloj individual de los Campeonatos de Europa de ciclismo que desde hoy se est\u00e1n disputando en B\u00e9lgica. \u00c1lvarez, que ven\u00eda de <a href=\"https:\/\/cadenaser.com\/comunitat-valenciana\/2024\/09\/04\/hector-alvarez-soberbio-en-la-vuelta-a-cantabria-radio-benidorm\/\" target=\"_blank\" rel=\"noopener\">dominar con pu\u00f1o de hierro la Vuelta a Cantabria<\/a>, ha sido el mejor espa\u00f1ol en la carrera de la categor\u00eda J\u00fanior, en la que ha terminado en octava posici\u00f3n a 1:01 de vencedor, el neerland\u00e9s Michiel Mouris.<\/p>   <p>\u00c1lvarez ha invertido un tiempo de 38:09 para cubrir los 31,3 kil\u00f3metros de un recorrido en el que ha sabido dosificar muy bien sus fuerzas yendo de menos a m\u00e1s y mejorando siempre posiciones en los distintos puntos de toma de tiempos intermedios.<\/p>  <p><p>M\u00e1s informaci\u00f3n<\/p><figure><img loading=\"lazy\" decoding=\"async\" src=\"https:\/\/cadenaser.com\/resizer\/v2\/WC7GXTB7AZD2PGWSWP3AT7TTW4.JPG?auth=04579c1185af0e90c3cf76e469f812947dc0f4b94c480f4d52070fbae6438825&amp;quality=70&amp;width=360&amp;height=202&amp;smart=true\" width=\"820\" height=\"621\" \/><\/figure><ul><li><a href=\"https:\/\/cadenaser.com\/comunitat-valenciana\/2024\/09\/04\/hector-alvarez-soberbio-en-la-vuelta-a-cantabria-radio-benidorm\/\"><span>H\u00e9ctor \u00c1lvarez, soberbio en la Vuelta a Cantabria<\/span><\/a><\/li><\/ul><\/p>   <p>En los dos primeros puntos, situados en los kil\u00f3metros 10 y 20, \u00c1lvarez se situaba en la novena posici\u00f3n, pero un gran tramo final le ha permitido auparse con esa octava posici\u00f3n final que no s\u00f3lo le ha valido para hacerse con el top10 entre los mejores J\u00fanior de Europa, sino que confirma al deportista alfasino como la pr\u00f3xima gran promesa del ciclismo espa\u00f1ol despu\u00e9s de haber dominado con firmeza la temporada nacional.<\/p>   <p>En ese sentido, cabe destacar que, con 24 triunfos (entre etapas, generales y clasificaciones secundarias), la campa\u00f1a 2024 de H\u00e9ctor \u00c1lvarez s\u00f3lo puede ser comparada con la que hasta ahora era la mejor temporada hist\u00f3rica de un J\u00fanior espa\u00f1ol y que no es otra que la protagonizada en 2020 por el que hoy en d\u00eda ya es uno de los ciclistas profesionales con m\u00e1s proyecci\u00f3n en el World Tour: Juan Ayuso.<\/p>   <p>Ayuso consigui\u00f3 hace cuatro a\u00f1os 22 triunfos, aunque en su caso todos llegaron en el calendario nacional espa\u00f1ol, mientras que en 2024 H\u00e9ctor \u00c1lvarez ha triunfado, adem\u00e1s de en las citas patrias, en carreras tan prestigiosas como el <a href=\"https:\/\/cadenaser.com\/comunitat-valenciana\/2024\/03\/18\/hector-alvarez-se-hace-mayor-en-la-guido-reybrouck-classic-radio-benidorm\/\" target=\"_blank\" rel=\"noopener\">GP Guido Reyboruck<\/a> (B\u00e9lgica), <a href=\"https:\/\/cadenaser.com\/comunitat-valenciana\/2024\/04\/22\/hector-alvarez-impone-su-ley-en-leorica-radio-benidorm\/\" target=\"_blank\" rel=\"noopener\">l\u2019Eroica<\/a> (Italia) o la Nation\u2019s Cup. Adem\u00e1s de eso, destacan otras grandes actuaciones como <a href=\"https:\/\/cadenaser.com\/comunitat-valenciana\/2024\/04\/08\/hector-alvarez-hace-historia-con-un-top10-para-el-recuerdo-en-roubaix-radio-benidorm\/\" target=\"_blank\" rel=\"noopener\">el top10 conseguido en una cita tan importante como la Par\u00eds-Roubaix<\/a> de la categor\u00eda.<\/p>   <p>     .c-w{         max-width:444px;         width:100%;         margin:16px auto;      background:#00755E;         border-radius:4px;         display:flex;         align-items:center;         justify-content:center;     }     .c-w a{         display:flex;         align-items:center;         justify-content:center;         padding:4px 24px;     }     .c-w img{         width:24px;         margin-right:12px;     }     .c-w p{         font:18px\/25px Poppins;         text-align:center;         color:#fff;         margin:0;     }     @media (max-width:444px){         .c-w a{             padding:4px 12px;         }         .c-w img{             width:24px;             margin-right:8px;         }         .c-w p{             font:14px\/25px Poppins;         }     }     @media (max-width:335px){         .c-w p{             font:13px\/25px Poppins;         }     }  <div class=\"c-w\">     <a href=\"https:\/\/www.whatsapp.com\/channel\/0029Va633PF9WtC4l7XUzh1e\" target=\"_blank\" rel=\"noopener\">         <img decoding=\"async\" src=\"https:\/\/cadenaser.com\/estaticos\/recursosgraficos\/responsive\/img\/ico-whatsapp.svg\" alt=\"Whatsapp\">         <p>\u00danete al <b>canal de WhatsApp<\/b> de la SER<\/p>     <\/a> <\/div><\/p> ","protected":false},"excerpt":{"rendered":"<p>El ciclista alfasino ha sido el mejor espa\u00f1ol en la prueba de contrarreloj disputada en B\u00e9lgica<\/p>\n","protected":false},"author":0,"featured_media":8261,"comment_status":"open","ping_status":"open","sticky":false,"template":"","format":"standard","meta":{"_acf_changed":false,"footnotes":""},"categories":[16],"tags":[],"class_list":["post-8260","post","type-post","status-publish","format-standard","has-post-thumbnail","hentry","category-deportes"],"acf":{"ser_id":"RRUNI6DHE5HGNG53XAHHZ3ZOGQ","ser_url":"https:\/\/cadenaser.com\/comunitat-valenciana\/2024\/09\/11\/hector-alvarez-brilla-en-el-europeo-de-cri-con-un-fenomenal-top10-radio-benidorm\/"},"_links":{"self":[{"href":"https:\/\/serbenidorm.daliisolutions.com\/index.php\/wp-json\/wp\/v2\/posts\/8260","targetHints":{"allow":["GET"]}}],"collection":[{"href":"https:\/\/serbenidorm.daliisolutions.com\/index.php\/wp-json\/wp\/v2\/posts"}],"about":[{"href":"https:\/\/serbenidorm.daliisolutions.com\/index.php\/wp-json\/wp\/v2\/types\/post"}],"replies":[{"embeddable":true,"href":"https:\/\/serbenidorm.daliisolutions.com\/index.php\/wp-json\/wp\/v2\/comments?post=8260"}],"version-history":[{"count":0,"href":"https:\/\/serbenidorm.daliisolutions.com\/index.php\/wp-json\/wp\/v2\/posts\/8260\/revisions"}],"wp:featuredmedia":[{"embeddable":true,"href":"https:\/\/serbenidorm.daliisolutions.com\/index.php\/wp-json\/wp\/v2\/media\/8261"}],"wp:attachment":[{"href":"https:\/\/serbenidorm.daliisolutions.com\/index.php\/wp-json\/wp\/v2\/media?parent=8260"}],"wp:term":[{"taxonomy":"category","embeddable":true,"href":"https:\/\/serbenidorm.daliisolutions.com\/index.php\/wp-json\/wp\/v2\/categories?post=8260"},{"taxonomy":"post_tag","embeddable":true,"href":"https:\/\/serbenidorm.daliisolutions.com\/index.php\/wp-json\/wp\/v2\/tags?post=8260"}],"curies":[{"name":"wp","href":"https:\/\/api.w.org\/{rel}","templated":true}]}}