{"id":8269,"date":"2024-09-11T15:01:12","date_gmt":"2024-09-11T13:01:12","guid":{"rendered":"https:\/\/serbenidorm.daliisolutions.com\/index.php\/2024\/09\/11\/el-comercio-de-benidorm-confia-en-las-ventas-de-otono-tras-un-verano-con-cajas-un-10-por-debajo-de-2023\/"},"modified":"2024-09-11T15:01:12","modified_gmt":"2024-09-11T13:01:12","slug":"el-comercio-de-benidorm-confia-en-las-ventas-de-otono-tras-un-verano-con-cajas-un-10-por-debajo-de-2023","status":"publish","type":"post","link":"https:\/\/serbenidorm.daliisolutions.com\/index.php\/2024\/09\/11\/el-comercio-de-benidorm-confia-en-las-ventas-de-otono-tras-un-verano-con-cajas-un-10-por-debajo-de-2023\/","title":{"rendered":"El comercio de Benidorm conf\u00eda en las ventas de oto\u00f1o, tras un verano con cajas un 10% por debajo de 2023"},"content":{"rendered":"  <p>Benidorm<\/p>   <p>La Asociaci\u00f3n Independiente de Comerciantes de Benidorm (AICO) ha cerrado los meses de julio y agosto con cajas ligeramente inferiores a la recaudaci\u00f3n de la temporada alta del a\u00f1o pasado. Los comerciantes tienen ahora la vista puesta en los meses de septiembre y octubre con la llegada turistas con un mayor poder adquisitivo.<\/p>   <p>Tal y como ha explicado <a href=\"https:\/\/cadenaser.com\/audio\/1682057655302\/\" target=\"_blank\" rel=\"noopener\">el presidente de AICO Ra\u00fal Parra<\/a> en Hoy por Hoy Benidorm la campa\u00f1a de verano \u201cha sido m\u00e1s complicada\u201d que en a\u00f1os anteriores y aunque la recaudaci\u00f3n en los comercios de Benidorm ha sido \u201cla propia de una temporada alta\u201d, las ganancias han estado por debajo de las previsiones iniciales. \u201cNo ha sido un verano como esper\u00e1bamos, sobre todo los meses de julio y agosto\u201d afirma Parra que atribuye el descenso en las ventas este verano a las altas temperaturas. \u201cLas compras en verano son siempre m\u00e1s complicadas, este a\u00f1o ha hecho mucho calor y pensamos que eso ha podido afectar porque la gente va m\u00e1s a la playa, est\u00e1 mas inc\u00f3moda en las zonas comerciales y reduce el periodo de compras a tres o cuatro horas al d\u00eda\u201d, explica.<\/p>   <p>Define este verano como \u201cuna temporada media\u201d para el comercio local porque \u201crealmente las facturaciones son elevadas, lo que pasa es que, si se compara con los meses de julio y agosto del a\u00f1o pasado, hemos estado un poco por debajo\u201d.<\/p>   <p>Parra sit\u00faa en torno al 10% de media el descenso en las ventas con respecto al mismo periodo del a\u00f1o pasado pero destaca los \u201caltibajos\u201d en los resultados tanto por zonas comerciales como por periodos de ocupaci\u00f3n. \u201cHa habido semanas que Benidorm no ha estado lleno y eso ha influido. Hay comercios que han mejorado la recaudaci\u00f3n, otros que la han igualado y otros en los que ha bajado. Zonas comerciales como El Rinc\u00f3n de Loix han sufrido mucho mas que el centro, por ejemplo\u201d, expone el presidente de <a href=\"https:\/\/cadenaser.com\/comunitat-valenciana\/2024\/08\/21\/los-comerciantes-de-benidorm-denuncian-una-oleada-de-hurtos-y-piden-mayor-presencia-policial-radio-benidorm\/\" target=\"_blank\" rel=\"noopener\">AICO.<\/a><\/p>   <p>En cualquier caso, el portavoz de los comerciantes se\u00f1ala que en el c\u00f3mputo global del primer semestre del a\u00f1o la recaudaci\u00f3n en el comercio de Benidorm \u201cno ha estado mal\u201d y augura que el \u00faltimo semestre del a\u00f1o va a seguir la misma linea del primero y que a final de a\u00f1o los resultados \u201cser\u00e1n mejores que los del a\u00f1o pasado\u201d.<\/p>   <p>     .c-w{         max-width:444px;         width:100%;         margin:16px auto;      background:#00755E;         border-radius:4px;         display:flex;         align-items:center;         justify-content:center;     }     .c-w a{         display:flex;         align-items:center;         justify-content:center;         padding:4px 24px;     }     .c-w img{         width:24px;         margin-right:12px;     }     .c-w p{         font:18px\/25px Poppins;         text-align:center;         color:#fff;         margin:0;     }     @media (max-width:444px){         .c-w a{             padding:4px 12px;         }         .c-w img{             width:24px;             margin-right:8px;         }         .c-w p{             font:14px\/25px Poppins;         }     }     @media (max-width:335px){         .c-w p{             font:13px\/25px Poppins;         }     }  <div class=\"c-w\">     <a href=\"https:\/\/www.whatsapp.com\/channel\/0029Va633PF9WtC4l7XUzh1e\" target=\"_blank\" rel=\"noopener\">         <img decoding=\"async\" src=\"https:\/\/cadenaser.com\/estaticos\/recursosgraficos\/responsive\/img\/ico-whatsapp.svg\" alt=\"Whatsapp\">         <p>\u00danete al <b>canal de WhatsApp<\/b> de la SER<\/p>     <\/a> <\/div><\/p>   <p>De hecho, los comerciantes tienen buenas previsiones para los meses de septiembre y octubre y conf\u00edan en conseguir hacer buenas cajas con un mejor volumen de trabajo. Todo ello gracias a la llegada de un perfil de cliente con un mayor poder adquisitivo que \u201cnos permite trabajar m\u00e1s relajadamente. Hay menos ventas pero el importe es mayor. En verano conseguimos esas recaudaciones pero a base de much\u00edsimos tickets y much\u00edsimo trabajo\u201d, asevera Parra.<\/p>   <p>El objetivo final de AICO es \u201clograr desestacionalizar el comercio\u201d y que las facturaciones anuales se repartan sin picos tan acusados a lo largo de todo el a\u00f1o. Para ello, el colectivo est\u00e1 dise\u00f1ando tanto acciones que dinamicen la econom\u00eda local con eventos como Benimov (del 12 al 14 de septiembre), la Feria Outlet o campa\u00f1as como Black Friday y los bonos consumo para Navidad, como apostando por la renovaci\u00f3n de la tipolog\u00eda y calidad de los establecimientos a la busca de un cliente con un poder adquisitivo medio-alto, aunque \u201cnos interesan todos los clientes\u201d.<\/p> ","protected":false},"excerpt":{"rendered":"<p>El presidente de AICO, Ra\u00fal Parra, hace balance de temporada en las ventas del comercio local<\/p>\n","protected":false},"author":0,"featured_media":8270,"comment_status":"open","ping_status":"open","sticky":false,"template":"","format":"standard","meta":{"_acf_changed":false,"footnotes":""},"categories":[1],"tags":[],"class_list":["post-8269","post","type-post","status-publish","format-standard","has-post-thumbnail","hentry","category-sin-categoria"],"acf":{"ser_id":"KJZWX2CCFFD2BFLRJQW3FC7PMQ","ser_url":"https:\/\/cadenaser.com\/comunitat-valenciana\/2024\/09\/11\/el-comercio-de-benidorm-confia-en-las-ventas-de-otono-tras-un-verano-con-cajas-un-10-por-debajo-de-2023-radio-benidorm\/"},"_links":{"self":[{"href":"https:\/\/serbenidorm.daliisolutions.com\/index.php\/wp-json\/wp\/v2\/posts\/8269","targetHints":{"allow":["GET"]}}],"collection":[{"href":"https:\/\/serbenidorm.daliisolutions.com\/index.php\/wp-json\/wp\/v2\/posts"}],"about":[{"href":"https:\/\/serbenidorm.daliisolutions.com\/index.php\/wp-json\/wp\/v2\/types\/post"}],"replies":[{"embeddable":true,"href":"https:\/\/serbenidorm.daliisolutions.com\/index.php\/wp-json\/wp\/v2\/comments?post=8269"}],"version-history":[{"count":0,"href":"https:\/\/serbenidorm.daliisolutions.com\/index.php\/wp-json\/wp\/v2\/posts\/8269\/revisions"}],"wp:featuredmedia":[{"embeddable":true,"href":"https:\/\/serbenidorm.daliisolutions.com\/index.php\/wp-json\/wp\/v2\/media\/8270"}],"wp:attachment":[{"href":"https:\/\/serbenidorm.daliisolutions.com\/index.php\/wp-json\/wp\/v2\/media?parent=8269"}],"wp:term":[{"taxonomy":"category","embeddable":true,"href":"https:\/\/serbenidorm.daliisolutions.com\/index.php\/wp-json\/wp\/v2\/categories?post=8269"},{"taxonomy":"post_tag","embeddable":true,"href":"https:\/\/serbenidorm.daliisolutions.com\/index.php\/wp-json\/wp\/v2\/tags?post=8269"}],"curies":[{"name":"wp","href":"https:\/\/api.w.org\/{rel}","templated":true}]}}