{"id":8294,"date":"2024-09-12T11:20:58","date_gmt":"2024-09-12T09:20:58","guid":{"rendered":"https:\/\/serbenidorm.daliisolutions.com\/index.php\/2024\/09\/12\/javi-jorda-el-c-f-benidorm-podra-jugar-en-el-guillermo-amor-en-su-segundo-partido-como-local\/"},"modified":"2024-09-12T11:20:58","modified_gmt":"2024-09-12T09:20:58","slug":"javi-jorda-el-c-f-benidorm-podra-jugar-en-el-guillermo-amor-en-su-segundo-partido-como-local","status":"publish","type":"post","link":"https:\/\/serbenidorm.daliisolutions.com\/index.php\/2024\/09\/12\/javi-jorda-el-c-f-benidorm-podra-jugar-en-el-guillermo-amor-en-su-segundo-partido-como-local\/","title":{"rendered":"Javi Jord\u00e1: \u201cEl C.F. Benidorm podr\u00e1 jugar en el Guillermo Amor en su segundo partido como local\u201d"},"content":{"rendered":"  <p>Benidorm<\/p>   <p>El C.F. Benidorm jugar\u00e1 este domingo (12:00 horas) en el Nou Pla de La Vila Joiosa <a href=\"https:\/\/cadenaser.com\/comunitat-valenciana\/2024\/09\/02\/todos-los-partidos-horarios-y-resultados-del-cf-benidorm-y-cf-la-nucia-radio-benidorm\/\">su primer partido de la temporada como local<\/a> ante el Vall d\u2019Ux\u00f3 despu\u00e9s de que los trabajos de acondicionamiento del terreno de juego del Estadio Guillermo Amor tras la celebraci\u00f3n del Low Festival no hayan podido estar terminados a tiempo para esta segunda jornada liguera.<\/p>   <p>En cualquier caso, el \u2018exilio\u2019 del equipo de Miguel \u00c1ngel Mart\u00ednez ser\u00e1 este a\u00f1o mucho m\u00e1s corto de lo que fue en la campa\u00f1a 2023-2024, cuando no pudo comparecer ante su afici\u00f3n hasta el arranque de la segunda vuelta en el mes de enero. Tal y como ha confirmado el concejal de Deportes de Benidorm, Javi Jord\u00e1, en exclusiva a <a href=\"https:\/\/cadenaser.com\/radio-benidorm\/\">Radio Benidorm<\/a>, el <a href=\"https:\/\/cadenaser.com\/tag\/club_futbol_benidorm\/a\/\">C.F. Benidorm<\/a>podr\u00e1 jugar en el Guillermo Amor con motivo de la cuarta jornada liguera, segundo partido del equipo de la ciudad como local.<\/p>  <p><p>M\u00e1s informaci\u00f3n<\/p><figure><img loading=\"lazy\" decoding=\"async\" src=\"https:\/\/cadenaser.com\/resizer\/v2\/HJJZ2KEDYFDXXDKLIZUSTSU2PE.jpg?auth=8f8fcaeae2a4cc68672482186053651307ca3285d76b7bfb7efe1834bcacba1a&amp;quality=70&amp;width=360&amp;height=202&amp;smart=true\" width=\"820\" height=\"621\" \/><\/figure><ul><li><a href=\"https:\/\/cadenaser.com\/comunitat-valenciana\/2024\/09\/02\/todos-los-partidos-horarios-y-resultados-del-cf-benidorm-y-cf-la-nucia-radio-benidorm\/\"><span>Todos los partidos, horarios y resultados del C.F. Benidorm y C.F. La Nuc\u00eda<\/span><\/a><\/li><\/ul><\/p>   <p>Jord\u00e1 estuvo en <a href=\"https:\/\/cadenaser.com\/radio-benidorm\/ser-deportivos-benidorm\/\">SER Deportivos Marina Baixa<\/a> para hacer <a href=\"https:\/\/cadenaser.com\/comunitat-valenciana\/2024\/09\/10\/benidorm-lanza-el-programa-de-escuelas-deportivas-municipales-2024-2025-radio-benidorm\/\">un amplio repaso al \u2018estado del deporte\u2019 local con especial atenci\u00f3n a la oferta de escuelas deportivas que para esta temporada se han preparado desde el Ayuntamiento y los clubes<\/a> de la ciudad tanto para los m\u00e1s peque\u00f1os como para adultos.<\/p>   <p>Durante ese repaso y preguntado por ese \u2018exilio\u2019 del C.F. Benidorm, Jord\u00e1 asegur\u00f3 que \u201csalvo que no se pueda por fuerza mayor, el campo estar\u00e1 disponible el domingo 29\u201d. El edil de Deportes habl\u00f3 del estado del c\u00e9sped y subray\u00f3 que hay que \u201cpensar que es un ser vivo y hay que cuidarlo. Ya no s\u00f3lo por el Low Festival, sino tambi\u00e9n por el cambio de estaci\u00f3n, la lluvia\u2026 Al final, hemos tenido suerte de que ha llovido estos d\u00edas y hemos podido de tener un poco m\u00e1s de \u2018ayuda\u2019 porque el agua que cae del cielo es mucho mejor que la que viene del riego\u201d.<\/p>   <p>En ese mismo sentido, Javi Jord\u00e1 insisti\u00f3 en que \u201ceste a\u00f1o hemos tenido much\u00edsimo cuidado con la convivencia de la actividad deportiva y la musical. Para m\u00ed es un logro que el C.F. Benidorm pueda jugar el 29 en el Guillermo Amor\u201d.<\/p>   <p>     .c-w{         max-width:444px;         width:100%;         margin:16px auto;      background:#00755E;         border-radius:4px;         display:flex;         align-items:center;         justify-content:center;     }     .c-w a{         display:flex;         align-items:center;         justify-content:center;         padding:4px 24px;     }     .c-w img{         width:24px;         margin-right:12px;     }     .c-w p{         font:18px\/25px Poppins;         text-align:center;         color:#fff;         margin:0;     }     @media (max-width:444px){         .c-w a{             padding:4px 12px;         }         .c-w img{             width:24px;             margin-right:8px;         }         .c-w p{             font:14px\/25px Poppins;         }     }     @media (max-width:335px){         .c-w p{             font:13px\/25px Poppins;         }     }  <div class=\"c-w\">     <a href=\"https:\/\/www.whatsapp.com\/channel\/0029Va633PF9WtC4l7XUzh1e\" target=\"_blank\" rel=\"noopener\">         <img decoding=\"async\" src=\"https:\/\/cadenaser.com\/estaticos\/recursosgraficos\/responsive\/img\/ico-whatsapp.svg\" alt=\"Whatsapp\">         <p>\u00danete al <b>canal de WhatsApp<\/b> de la SER<\/p>     <\/a> <\/div><\/p>   <p>En definitiva, zanj\u00f3 el responsable local de Deportes, \u201cel C.F. Benidorm tiene que jugar en casa y esa casa hay que prepararla y adecentarla. Creo que el 29 podremos volver con todo lo que ello conlleva\u201d.<\/p> ","protected":false},"excerpt":{"rendered":"<p>El concejal de Deportes confirma que los trabajos de acondicionamiento del terreno de juego marchan a buen ritmo<\/p>\n","protected":false},"author":0,"featured_media":8295,"comment_status":"open","ping_status":"open","sticky":false,"template":"","format":"standard","meta":{"_acf_changed":false,"footnotes":""},"categories":[16],"tags":[],"class_list":["post-8294","post","type-post","status-publish","format-standard","has-post-thumbnail","hentry","category-deportes"],"acf":{"ser_id":"QATRAZBBQNESVH3MFMPQKPBAHA","ser_url":"https:\/\/cadenaser.com\/comunitat-valenciana\/2024\/09\/12\/javi-jorda-el-cf-benidorm-podra-jugar-en-el-guillermo-amor-en-su-segundo-partido-como-local-radio-benidorm\/"},"_links":{"self":[{"href":"https:\/\/serbenidorm.daliisolutions.com\/index.php\/wp-json\/wp\/v2\/posts\/8294","targetHints":{"allow":["GET"]}}],"collection":[{"href":"https:\/\/serbenidorm.daliisolutions.com\/index.php\/wp-json\/wp\/v2\/posts"}],"about":[{"href":"https:\/\/serbenidorm.daliisolutions.com\/index.php\/wp-json\/wp\/v2\/types\/post"}],"replies":[{"embeddable":true,"href":"https:\/\/serbenidorm.daliisolutions.com\/index.php\/wp-json\/wp\/v2\/comments?post=8294"}],"version-history":[{"count":0,"href":"https:\/\/serbenidorm.daliisolutions.com\/index.php\/wp-json\/wp\/v2\/posts\/8294\/revisions"}],"wp:featuredmedia":[{"embeddable":true,"href":"https:\/\/serbenidorm.daliisolutions.com\/index.php\/wp-json\/wp\/v2\/media\/8295"}],"wp:attachment":[{"href":"https:\/\/serbenidorm.daliisolutions.com\/index.php\/wp-json\/wp\/v2\/media?parent=8294"}],"wp:term":[{"taxonomy":"category","embeddable":true,"href":"https:\/\/serbenidorm.daliisolutions.com\/index.php\/wp-json\/wp\/v2\/categories?post=8294"},{"taxonomy":"post_tag","embeddable":true,"href":"https:\/\/serbenidorm.daliisolutions.com\/index.php\/wp-json\/wp\/v2\/tags?post=8294"}],"curies":[{"name":"wp","href":"https:\/\/api.w.org\/{rel}","templated":true}]}}