{"id":8301,"date":"2024-09-12T14:32:41","date_gmt":"2024-09-12T12:32:41","guid":{"rendered":"https:\/\/serbenidorm.daliisolutions.com\/index.php\/2024\/09\/12\/toni-perez-este-sera-un-ano-de-muchos-records\/"},"modified":"2024-09-12T14:32:41","modified_gmt":"2024-09-12T12:32:41","slug":"toni-perez-este-sera-un-ano-de-muchos-records","status":"publish","type":"post","link":"https:\/\/serbenidorm.daliisolutions.com\/index.php\/2024\/09\/12\/toni-perez-este-sera-un-ano-de-muchos-records\/","title":{"rendered":"Toni P\u00e9rez: \u00abEste ser\u00e1 un a\u00f1o de muchos r\u00e9cords\u00bb"},"content":{"rendered":"  <p>Benidorm<\/p>   <p>Benidorm est\u00e1 cumpliendo con las expectativas previstas para el mes de septiembre a nivel tur\u00edstico un mes tradicionalmente bueno con ocupaciones ligeramente por debajo de julio y agosto pero con la llegada de turistas con mayor poder adquisitivo. As\u00ed lo ha asegurado el alcalde de Benidorm, Toni P\u00e9rez, en <a href=\"\/\/radiobenidorm.es\" rel=\"nofollow noopener\" target=\"_blank\">Hoy por Hoy Benidorm<\/a> adelantando que \u201cestamos en un a\u00f1o de muchos r\u00e9cords\u201d.<\/p>   <p>P\u00e9rez ha puesto como ejemplo de la buena marcha del turismo en la ciudad, tras los principales meses de verano, la tasa de desempleo con un n\u00famero de personas afiliadas a la Seguridad Social por encima de las 36.000. \u201cHemos vuelto a batir r\u00e9cords y <a href=\"https:\/\/cadenaser.com\/comunitat-valenciana\/2024\/09\/05\/toni-perez-benidorm-es-la-primera-ciudad-de-la-comunitat-con-la-tasa-de-paro-mas-baja-y-nos-dedicamos-solo-al-turismo-radio-alicante\/\" target=\"_blank\" rel=\"noopener\">somos la \u00fanica ciudad de toda la Comunitat Valenciana en la que su tasa de paro solo tiene un d\u00edgito<\/a>. Adem\u00e1s, tambi\u00e9n es la tasa de desempleo m\u00e1s baja de los \u00faltimos 20 a\u00f1os en Benidorm\u201d, afirma.<\/p>   <p>Unos resultados que el alcalde considera \u201cun mensaje para aquellos que criticaron con sa\u00f1a el turismo en un momento muy dif\u00edcil como fue la pandemia. Dijeron que era un monocultivo y que hab\u00eda que diversificar y ahora resulta que la industria tur\u00edstica, en cuanto tiene la oportunidad de trabajar, es el autentico motor de la econom\u00eda\u201d.<\/p>   <p>El alcalde tambi\u00e9n ha reclamando una mejora en las conexiones tanto ferroviarias como aeroportuarias de la ciudad para poder seguir mejorando sus servicios y creciendo en sus datos. Por un lado ha reivindicado una segunda pista para el aeropuerto de Alicante-Elche muchos de cuyos pasajeros tienen en Benidorm su destino final y una conexi\u00f3n ferroviaria directa con el aer\u00f3dromo, tanto para Benidorm como para toda la provincia.<\/p>   <p>P\u00e9rez ha recordado que otros destinos competidores como M\u00e1laga tienen una estaci\u00f3n de AVE y conexi\u00f3n directa y r\u00e1pida con el aeropuerto. \u201c\u00bfPor qu\u00e9 a M\u00e1laga se le dise\u00f1o una segunda pista en el aeropuerto cuando supero los 13 millones de pasajeros, que ya est\u00e1 en uso, y nosotros seguimos reclamando la segunda pista cuando ya hemos superado los 15 millones y este a\u00f1o seguramente lleguemos a los 16? Ya hace mucho tiempo que esto deber\u00eda estar programado\u201d, ha requerido.<\/p>   <p>     .c-w{         max-width:444px;         width:100%;         margin:16px auto;      background:#00755E;         border-radius:4px;         display:flex;         align-items:center;         justify-content:center;     }     .c-w a{         display:flex;         align-items:center;         justify-content:center;         padding:4px 24px;     }     .c-w img{         width:24px;         margin-right:12px;     }     .c-w p{         font:18px\/25px Poppins;         text-align:center;         color:#fff;         margin:0;     }     @media (max-width:444px){         .c-w a{             padding:4px 12px;         }         .c-w img{             width:24px;             margin-right:8px;         }         .c-w p{             font:14px\/25px Poppins;         }     }     @media (max-width:335px){         .c-w p{             font:13px\/25px Poppins;         }     }  <div class=\"c-w\">     <a href=\"https:\/\/www.whatsapp.com\/channel\/0029Va633PF9WtC4l7XUzh1e\" target=\"_blank\" rel=\"noopener\">         <img decoding=\"async\" src=\"https:\/\/cadenaser.com\/estaticos\/recursosgraficos\/responsive\/img\/ico-whatsapp.svg\" alt=\"Whatsapp\">         <p>\u00danete al <b>canal de WhatsApp<\/b> de la SER<\/p>     <\/a> <\/div><\/p>   <p>El alcalde no ha solo ha reclamado la segunda pista y la conexi\u00f3n ferroviaria directa con el aeropuerto para facilitar la llegada de turistas sino tambi\u00e9n dar servicio a los residentes que tienen que desplazarse y para evitar \u201cvuelos que tengan que salir o llegar a las cinco de la ma\u00f1ana, porque no hay otro horario disponible, dificultando despu\u00e9s la llegada en transporte p\u00fablico al destino final\u201d.<\/p>   <p>En lo que respecta a la comunicaci\u00f3n tranviaria, <a href=\"https:\/\/cadenaser.com\/comunitat-valenciana\/2024\/09\/12\/toni-perez-defiende-la-gestion-de-la-diputacion-en-la-marina-alta-y-critica-la-herencia-del-botanic-en-infraestructuras-ferroviarias-radio-denia\/\" target=\"_blank\" rel=\"noopener\">P\u00e9rez <\/a>pide para Benidorm una conexi\u00f3n que \u201cnos garantice llegar a la capital en un tiempo relativamente aceptable\u201d. La conexi\u00f3n actual del TRAM no la considera \u201cuna soluci\u00f3n de conectividad sostenible ni para Benidorm ni para la Marina Baixa que es una conurbaci\u00f3n de m\u00e1s de 200.000 residentes\u201d ni por dise\u00f1o ni por frecuencia.<\/p>   <p>La soluci\u00f3n pasar\u00eda, para el mun\u00edcipe, por una l\u00ednea de cercan\u00edas que conecte la ciudad y la comarca tanto con el aeropuerto como con la ciudad de Alicante que no solo dar\u00eda servicio a turistas sino tambi\u00e9n \u201ca estudiantes universitarios, trabajadores, a personas que tienen que ir a otra ciudad a recibir un tratamiento m\u00e9dico o a realizar cualquier gesti\u00f3n comercial\u201d.<\/p> ","protected":false},"excerpt":{"rendered":"<p>El alcalde de Benidorm afirma que septiembre est\u00e1 cumpliendo con las expectativas a nivel tur\u00edstico<\/p>\n","protected":false},"author":0,"featured_media":8302,"comment_status":"open","ping_status":"open","sticky":false,"template":"","format":"standard","meta":{"_acf_changed":false,"footnotes":""},"categories":[1],"tags":[],"class_list":["post-8301","post","type-post","status-publish","format-standard","has-post-thumbnail","hentry","category-sin-categoria"],"acf":{"ser_id":"CWFRBXQPA5E67AO7DZ2U3U4RXU","ser_url":"https:\/\/cadenaser.com\/comunitat-valenciana\/2024\/09\/12\/toni-perez-este-sera-un-ano-de-muchos-records-radio-benidorm\/"},"_links":{"self":[{"href":"https:\/\/serbenidorm.daliisolutions.com\/index.php\/wp-json\/wp\/v2\/posts\/8301","targetHints":{"allow":["GET"]}}],"collection":[{"href":"https:\/\/serbenidorm.daliisolutions.com\/index.php\/wp-json\/wp\/v2\/posts"}],"about":[{"href":"https:\/\/serbenidorm.daliisolutions.com\/index.php\/wp-json\/wp\/v2\/types\/post"}],"replies":[{"embeddable":true,"href":"https:\/\/serbenidorm.daliisolutions.com\/index.php\/wp-json\/wp\/v2\/comments?post=8301"}],"version-history":[{"count":0,"href":"https:\/\/serbenidorm.daliisolutions.com\/index.php\/wp-json\/wp\/v2\/posts\/8301\/revisions"}],"wp:featuredmedia":[{"embeddable":true,"href":"https:\/\/serbenidorm.daliisolutions.com\/index.php\/wp-json\/wp\/v2\/media\/8302"}],"wp:attachment":[{"href":"https:\/\/serbenidorm.daliisolutions.com\/index.php\/wp-json\/wp\/v2\/media?parent=8301"}],"wp:term":[{"taxonomy":"category","embeddable":true,"href":"https:\/\/serbenidorm.daliisolutions.com\/index.php\/wp-json\/wp\/v2\/categories?post=8301"},{"taxonomy":"post_tag","embeddable":true,"href":"https:\/\/serbenidorm.daliisolutions.com\/index.php\/wp-json\/wp\/v2\/tags?post=8301"}],"curies":[{"name":"wp","href":"https:\/\/api.w.org\/{rel}","templated":true}]}}