{"id":8327,"date":"2024-09-13T12:27:35","date_gmt":"2024-09-13T10:27:35","guid":{"rendered":"https:\/\/serbenidorm.daliisolutions.com\/index.php\/2024\/09\/13\/el-balonmano-benidorm-inicia-su-curso-recibiendo-al-guadalajara\/"},"modified":"2024-09-13T12:27:35","modified_gmt":"2024-09-13T10:27:35","slug":"el-balonmano-benidorm-inicia-su-curso-recibiendo-al-guadalajara","status":"publish","type":"post","link":"https:\/\/serbenidorm.daliisolutions.com\/index.php\/2024\/09\/13\/el-balonmano-benidorm-inicia-su-curso-recibiendo-al-guadalajara\/","title":{"rendered":"El Balonmano Benidorm inicia su curso recibiendo al Guadalajara"},"content":{"rendered":"  <p>Benidorm<\/p>   <p>El <a href=\"https:\/\/cadenaser.com\/tag\/club_balonmano_benidorm\/a\/\">Servigroup Balonmano Benidorm<\/a> arrancar\u00e1 este domingo (17:30 horas) su und\u00e9cima temporada consecutiva en la Liga Asobal, la m\u00e1xima categor\u00eda del balonmano nacional, y lo har\u00e1 recibiendo en casa al Guadalajara, un equipo reci\u00e9n ascendido; una circunstancia que, en cualquier caso, no confiere a los benidormenses el papel de claros favoritos en esta jornada inaugural.<\/p>   <p>El conjunto alcarre\u00f1o ha hecho los deberes en el mercado de fichajes y parte, al menos sobre el papel, con una plantilla de garant\u00edas en la que se encuentra un exbenidormense como Miguel Llorens. En cualquier caso, y teniendo en cuenta <a href=\"https:\/\/cadenaser.com\/comunitat-valenciana\/2024\/08\/08\/todos-los-partidos-horarios-y-resultados-del-balonmano-servigroup-benidorm-radio-benidorm\/\">los dos complicados desplazamientos consecutivos que le esperan al Servigroup Benidorm en las pr\u00f3ximas jornadas<\/a> (Granollers y Cuenca), los dos puntos de este primer choque del a\u00f1o se antojan, incluso, m\u00e1s importantes de lo habitual.<\/p>  <p><p>M\u00e1s informaci\u00f3n<\/p><figure><img loading=\"lazy\" decoding=\"async\" src=\"https:\/\/cadenaser.com\/resizer\/v2\/T6OHECP5R5CAHDTEVPRTXWQXGM.jpg?auth=f4e4ce8ab64569aa9d7a5037da432b9c8149c091208bc892402e65fa4608e99b&amp;quality=70&amp;width=360&amp;height=202&amp;smart=true\" width=\"820\" height=\"621\" \/><\/figure><ul><li><a href=\"https:\/\/cadenaser.com\/comunitat-valenciana\/2024\/08\/08\/todos-los-partidos-horarios-y-resultados-del-balonmano-servigroup-benidorm-radio-benidorm\/\"><span>Todos los partidos, horarios y resultados del Balonmano Servigroup Benidorm<\/span><\/a><\/li><\/ul><\/p>   <p>Lo que m\u00e1s preocupa en las filas del Servigroup Benidorm es el estado de su enfermer\u00eda, donde siguen ingresados Leo Alonso y Mirko Durovic, dos de los puntales del equipo y que, sin duda, se echar\u00e1n mucho en falta hasta que puedan regresar al 40&#215;20.<\/p>   <p>El que s\u00ed retornar\u00e1 al equipo titular es el capit\u00e1n, <a href=\"https:\/\/cadenaser.com\/comunitat-valenciana\/2024\/09\/03\/colo-vainstein-tenemos-que-hacer-que-la-aficion-disfrute-radio-benidorm\/\">Pablo \u2018Colo\u2019 Vainstein<\/a>, recuperado a tiempo de sus molestias de rodilla que ven\u00eda arrastrando desde el final de la pasada temporada y que le impidi\u00f3 rendir en los pasados Juegos Ol\u00edmpicos de Par\u00eds.<\/p>   <p>As\u00ed las cosas, Sergio Carballeira deber\u00e1 de hilar muy fino para lograr la cuadratura del c\u00edrculo y encontrar el equilibrio entre no perder potencial sobre la cancha y, a la vez, dar la suficiente rotaci\u00f3n a los jugadores para no llegar desfondados al final del encuentro, una circunstancia de la que el Guadalajara, sin duda, habr\u00e1 tomado buena nota y tratar\u00e1 de explotar.<\/p>   <p>     .c-w{         max-width:444px;         width:100%;         margin:16px auto;      background:#00755E;         border-radius:4px;         display:flex;         align-items:center;         justify-content:center;     }     .c-w a{         display:flex;         align-items:center;         justify-content:center;         padding:4px 24px;     }     .c-w img{         width:24px;         margin-right:12px;     }     .c-w p{         font:18px\/25px Poppins;         text-align:center;         color:#fff;         margin:0;     }     @media (max-width:444px){         .c-w a{             padding:4px 12px;         }         .c-w img{             width:24px;             margin-right:8px;         }         .c-w p{             font:14px\/25px Poppins;         }     }     @media (max-width:335px){         .c-w p{             font:13px\/25px Poppins;         }     }  <div class=\"c-w\">     <a href=\"https:\/\/www.whatsapp.com\/channel\/0029Va633PF9WtC4l7XUzh1e\" target=\"_blank\" rel=\"noopener\">         <img decoding=\"async\" src=\"https:\/\/cadenaser.com\/estaticos\/recursosgraficos\/responsive\/img\/ico-whatsapp.svg\" alt=\"Whatsapp\">         <p>\u00danete al <b>canal de WhatsApp<\/b> de la SER<\/p>     <\/a> <\/div><\/p>   <p>Como siempre sucede en las primeras jornadas de competici\u00f3n, a falta de dos d\u00edas para el partido hay muchas m\u00e1s inc\u00f3gnitas que certezas, pero la buena imagen dada por el Servigroup Benidorm en su \u00faltimo amistoso de pretemporada ante el E\u00f3n Alicante ha servido, al menos, para que el optimismo moderado sea la nota imperante entre la afici\u00f3n.<\/p> ","protected":false},"excerpt":{"rendered":"<p>El equipo de Sergio Carballeira podr\u00e1 contar con Pablo \u2018Colo\u2019 Vainstein, recuperado de su lesi\u00f3n<\/p>\n","protected":false},"author":0,"featured_media":8328,"comment_status":"open","ping_status":"open","sticky":false,"template":"","format":"standard","meta":{"_acf_changed":false,"footnotes":""},"categories":[16],"tags":[],"class_list":["post-8327","post","type-post","status-publish","format-standard","has-post-thumbnail","hentry","category-deportes"],"acf":{"ser_id":"H57ZFBKIBRAA5GBBUM4QSFWS6Y","ser_url":"https:\/\/cadenaser.com\/comunitat-valenciana\/2024\/09\/13\/el-balonmano-benidorm-inicia-su-curso-recibiendo-al-guadalajara-radio-benidorm\/"},"_links":{"self":[{"href":"https:\/\/serbenidorm.daliisolutions.com\/index.php\/wp-json\/wp\/v2\/posts\/8327","targetHints":{"allow":["GET"]}}],"collection":[{"href":"https:\/\/serbenidorm.daliisolutions.com\/index.php\/wp-json\/wp\/v2\/posts"}],"about":[{"href":"https:\/\/serbenidorm.daliisolutions.com\/index.php\/wp-json\/wp\/v2\/types\/post"}],"replies":[{"embeddable":true,"href":"https:\/\/serbenidorm.daliisolutions.com\/index.php\/wp-json\/wp\/v2\/comments?post=8327"}],"version-history":[{"count":0,"href":"https:\/\/serbenidorm.daliisolutions.com\/index.php\/wp-json\/wp\/v2\/posts\/8327\/revisions"}],"wp:featuredmedia":[{"embeddable":true,"href":"https:\/\/serbenidorm.daliisolutions.com\/index.php\/wp-json\/wp\/v2\/media\/8328"}],"wp:attachment":[{"href":"https:\/\/serbenidorm.daliisolutions.com\/index.php\/wp-json\/wp\/v2\/media?parent=8327"}],"wp:term":[{"taxonomy":"category","embeddable":true,"href":"https:\/\/serbenidorm.daliisolutions.com\/index.php\/wp-json\/wp\/v2\/categories?post=8327"},{"taxonomy":"post_tag","embeddable":true,"href":"https:\/\/serbenidorm.daliisolutions.com\/index.php\/wp-json\/wp\/v2\/tags?post=8327"}],"curies":[{"name":"wp","href":"https:\/\/api.w.org\/{rel}","templated":true}]}}