{"id":8329,"date":"2024-09-13T12:27:36","date_gmt":"2024-09-13T10:27:36","guid":{"rendered":"https:\/\/serbenidorm.daliisolutions.com\/index.php\/2024\/09\/13\/el-c-f-benidorm-busca-confirmar-sensaciones-ante-el-vall-duxo\/"},"modified":"2024-09-13T12:27:36","modified_gmt":"2024-09-13T10:27:36","slug":"el-c-f-benidorm-busca-confirmar-sensaciones-ante-el-vall-duxo","status":"publish","type":"post","link":"https:\/\/serbenidorm.daliisolutions.com\/index.php\/2024\/09\/13\/el-c-f-benidorm-busca-confirmar-sensaciones-ante-el-vall-duxo\/","title":{"rendered":"El C.F. Benidorm busca confirmar sensaciones ante el Vall d\u2019Ux\u00f3"},"content":{"rendered":"  <p>Benidorm<\/p>   <p>La Tercera RFEF afronta este fin de semana su segunda jornada de competici\u00f3n con el <a href=\"https:\/\/cadenaser.com\/tag\/club_futbol_benidorm\/a\/\">C.F. Benidorm<\/a>recibiendo en casa al Vall d\u2019Ux\u00f3. Los de Miguel \u00c1ngel Mart\u00ednez deber\u00e1n disputar ese choque, programado para el pr\u00f3ximo domingo (12:00 horas), en el Nou Pla de La Vila Joiosa mientras que en el Guillermo Amor se sigue trabajando contrarreloj para recuperar el c\u00e9sped tras la celebraci\u00f3n del Low Festival del pasado verano.<\/p>   <p>Este a\u00f1o, eso s\u00ed, el exilio benidormense ser\u00e1 mucho m\u00e1s breve de lo que fue la pasada temporada ya que, como confirm\u00f3 el concejal de Deportes de la ciudad, Javi Jord\u00e1, en <a href=\"https:\/\/cadenaser.com\/radio-benidorm\/ser-deportivos-benidorm\/\">SER Deportivos Marina Baixa<\/a>, <a href=\"https:\/\/cadenaser.com\/comunitat-valenciana\/2024\/09\/12\/javi-jorda-el-cf-benidorm-podra-jugar-en-el-guillermo-amor-en-su-segundo-partido-como-local-radio-benidorm\/\">el C.F. Benidorm podr\u00e1 debutar en su estadio el pr\u00f3ximo d\u00eda 29 de septiembre<\/a>coincidiendo con la cuarta jornada de competici\u00f3n, la segunda del equipo como local.<\/p>   <p>Para eso, en cualquier caso, todav\u00eda habr\u00e1 que esperar dos semanas m\u00e1s. Lo m\u00e1s inmediato ser\u00e1 esa visita que el domingo girar\u00e1 el Vall d\u2019Ux\u00f3 al Nou Pla en un choque en el que el C.F. Benidorm buscar\u00e1, sobre todo, confirmar <a href=\"https:\/\/cadenaser.com\/comunitat-valenciana\/2024\/09\/07\/un-golazo-de-jose-carlos-coloca-colider-al-cf-benidorm-radio-benidorm\/\">las buenas sensaciones dadas la pasada semana en el choque inaugural de este curso en Patacona<\/a>.<\/p>   <p>Los de Miguel \u00c1ngel Mart\u00ednez sumaron los tres puntos gracias a una aut\u00e9ntica obra de arte de Jos\u00e9 Carlos (votado como mejor gol de la jornada en la categor\u00eda) y se situaron en el grupo de siete equipos que comandan la clasificaci\u00f3n tras una sola fecha.<\/p>   <p>El rival de los benidormenses, por su parte, no pudo pasar del empate en casa ante el Roda (0-0). No conviene, en todo caso, confiar en que esa circunstancia convierta a los de Villarreal en un rival f\u00e1cil. Primero, por la consabida igualdad que se espera en este grupo de la Tercera RFEF y, sobre todo, porque ese tropiezo en la Ciutat Esportiva Pamesa Cer\u00e1mica han colocado a los castellonenses necesitados de ir sumando ya de tres en tres.<\/p>   <p>     .c-w{         max-width:444px;         width:100%;         margin:16px auto;      background:#00755E;         border-radius:4px;         display:flex;         align-items:center;         justify-content:center;     }     .c-w a{         display:flex;         align-items:center;         justify-content:center;         padding:4px 24px;     }     .c-w img{         width:24px;         margin-right:12px;     }     .c-w p{         font:18px\/25px Poppins;         text-align:center;         color:#fff;         margin:0;     }     @media (max-width:444px){         .c-w a{             padding:4px 12px;         }         .c-w img{             width:24px;             margin-right:8px;         }         .c-w p{             font:14px\/25px Poppins;         }     }     @media (max-width:335px){         .c-w p{             font:13px\/25px Poppins;         }     }  <div class=\"c-w\">     <a href=\"https:\/\/www.whatsapp.com\/channel\/0029Va633PF9WtC4l7XUzh1e\" target=\"_blank\" rel=\"noopener\">         <img decoding=\"async\" src=\"https:\/\/cadenaser.com\/estaticos\/recursosgraficos\/responsive\/img\/ico-whatsapp.svg\" alt=\"Whatsapp\">         <p>\u00danete al <b>canal de WhatsApp<\/b> de la SER<\/p>     <\/a> <\/div><\/p>  <p><p>M\u00e1s informaci\u00f3n<\/p><figure><img loading=\"lazy\" decoding=\"async\" src=\"https:\/\/cadenaser.com\/resizer\/v2\/HJJZ2KEDYFDXXDKLIZUSTSU2PE.jpg?auth=8f8fcaeae2a4cc68672482186053651307ca3285d76b7bfb7efe1834bcacba1a&amp;quality=70&amp;width=360&amp;height=202&amp;smart=true\" width=\"820\" height=\"621\" \/><\/figure><ul><li><a href=\"https:\/\/cadenaser.com\/comunitat-valenciana\/2024\/09\/02\/todos-los-partidos-horarios-y-resultados-del-cf-benidorm-y-cf-la-nucia-radio-benidorm\/\"><span>Todos los partidos, horarios y resultados del C.F. Benidorm y C.F. La Nuc\u00eda<\/span><\/a><\/li><\/ul><\/p>   <p><b>La Nuc\u00eda, a sumar en Ontinyent<\/b><\/p>   <p>Por su parte, el <a href=\"https:\/\/cadenaser.com\/tag\/club_futbol_la_nucia\/a\/\">C.F. La Nuc\u00eda<\/a> actuar\u00e1 este domingo (18:00 horas) como visitante en El Clariano despu\u00e9s de <a href=\"https:\/\/cadenaser.com\/comunitat-valenciana\/2024\/09\/07\/un-golazo-de-jose-carlos-coloca-colider-al-cf-benidorm-radio-benidorm\/\">la dolorosa derrota sufrida la pasada semana en el Camilo Cano ante el Atl\u00e9tico Levante<\/a> en un partido que estuvo marcado por la grave lesi\u00f3n de Brian y que, de alguna manera, condicion\u00f3 esos locos diez minutos finales en los que se produjeron los tres goles que le dieron los tres puntos a los valencianos (1-2).<\/p>   <p>Pese al tropiezo, los de Berna Ballester dieron una buena imagen en su estreno liguero, llevando mucho peligro a la porter\u00eda contraria y evidenciando, como reconoci\u00f3 el propio preparador rojillo, que el principal debe de los nucieros es el de la punter\u00eda de cara al gol.<\/p>   <p>No muy distinta es la situaci\u00f3n de su rival, el Ontinyent, que cay\u00f3 derrotado en su visita al campo del Rayo Ibense (1-0) y, como los nucieros, tiene su casillero de puntos en blanco.<\/p>   <p>As\u00ed pues, ser\u00e1 un duelo de necesidades para ambos equipos, que pelear\u00e1n por sumar sus primeros puntos y, de esa manera, alejar el fantasma de verse ya, a las primeras de cambio, en la \u2018zona roja\u2019 de la clasificaci\u00f3n.<\/p> ","protected":false},"excerpt":{"rendered":"<p>El C.F. La Nuc\u00eda tratar\u00e1 de sumar sus primeros puntos visitando el Ontinyent<\/p>\n","protected":false},"author":0,"featured_media":0,"comment_status":"open","ping_status":"open","sticky":false,"template":"","format":"standard","meta":{"_acf_changed":false,"footnotes":""},"categories":[16],"tags":[],"class_list":["post-8329","post","type-post","status-publish","format-standard","hentry","category-deportes"],"acf":{"ser_id":"KK4KWQZ7IBAXXIYGZAN7YBF4SY","ser_url":"https:\/\/cadenaser.com\/comunitat-valenciana\/2024\/09\/13\/el-cf-benidorm-busca-confirmar-sensaciones-ante-el-vall-duxo-radio-benidorm\/"},"_links":{"self":[{"href":"https:\/\/serbenidorm.daliisolutions.com\/index.php\/wp-json\/wp\/v2\/posts\/8329","targetHints":{"allow":["GET"]}}],"collection":[{"href":"https:\/\/serbenidorm.daliisolutions.com\/index.php\/wp-json\/wp\/v2\/posts"}],"about":[{"href":"https:\/\/serbenidorm.daliisolutions.com\/index.php\/wp-json\/wp\/v2\/types\/post"}],"replies":[{"embeddable":true,"href":"https:\/\/serbenidorm.daliisolutions.com\/index.php\/wp-json\/wp\/v2\/comments?post=8329"}],"version-history":[{"count":0,"href":"https:\/\/serbenidorm.daliisolutions.com\/index.php\/wp-json\/wp\/v2\/posts\/8329\/revisions"}],"wp:attachment":[{"href":"https:\/\/serbenidorm.daliisolutions.com\/index.php\/wp-json\/wp\/v2\/media?parent=8329"}],"wp:term":[{"taxonomy":"category","embeddable":true,"href":"https:\/\/serbenidorm.daliisolutions.com\/index.php\/wp-json\/wp\/v2\/categories?post=8329"},{"taxonomy":"post_tag","embeddable":true,"href":"https:\/\/serbenidorm.daliisolutions.com\/index.php\/wp-json\/wp\/v2\/tags?post=8329"}],"curies":[{"name":"wp","href":"https:\/\/api.w.org\/{rel}","templated":true}]}}