{"id":8331,"date":"2024-09-13T12:27:36","date_gmt":"2024-09-13T10:27:36","guid":{"rendered":"https:\/\/serbenidorm.daliisolutions.com\/index.php\/2024\/09\/13\/la-copa-comunitat-abre-el-juego-en-el-voleibol-valenciano\/"},"modified":"2024-09-13T12:27:36","modified_gmt":"2024-09-13T10:27:36","slug":"la-copa-comunitat-abre-el-juego-en-el-voleibol-valenciano","status":"publish","type":"post","link":"https:\/\/serbenidorm.daliisolutions.com\/index.php\/2024\/09\/13\/la-copa-comunitat-abre-el-juego-en-el-voleibol-valenciano\/","title":{"rendered":"La Copa Comunitat abre el juego en el voleibol valenciano"},"content":{"rendered":"  <p>Benidorm<\/p>   <p>Hace apenas un par de semanas que la mayor\u00eda de equipos de la Superliga 2 de voleibol, entre los que se encuentras las dos escuadras del <a href=\"https:\/\/cadenaser.com\/tag\/club_voleibol_playas_benidorm\/a\/\">Club Voleibol Playas de Benidorm<\/a> y el Medsur-Finestrat, volvieron a los entrenamientos. Mientras que siguen contando los d\u00edas para el arranque de <a href=\"https:\/\/cadenaser.com\/comunitat-valenciana\/2024\/09\/02\/todos-los-partidos-horarios-y-resultados-del-voleibol-radio-benidorm\/\">la competici\u00f3n liguera, el primer fin de semana de octubre<\/a>, dos de ellos afrontan este domingo sus primeros partidos oficiales.<\/p>   <p>En concreto, se trata del Servigroup Benidorm masculino y el Medsur-Finestrat, que debutan en la ronda previa de la Copa Comunitat buscando un hueco en las semifinales de la competici\u00f3n auton\u00f3mica visitando, en ambos casos, al Paterna.<\/p>  <p><p>M\u00e1s informaci\u00f3n<\/p><figure><img loading=\"lazy\" decoding=\"async\" src=\"https:\/\/cadenaser.com\/resizer\/v2\/VM66GTXUFNF6TNOK3EILU7QMAY.JPG?auth=1d6ca3af7eb7fe5062799076b0066953a18927a8bd5348f392b6db16a36af30d&amp;quality=70&amp;width=360&amp;height=202&amp;smart=true\" width=\"820\" height=\"621\" \/><\/figure><ul><li><a href=\"https:\/\/cadenaser.com\/comunitat-valenciana\/2024\/09\/02\/todos-los-partidos-horarios-y-resultados-del-voleibol-radio-benidorm\/\"><span>Todos los partidos, horarios y resultados del voleibol<\/span><\/a><\/li><\/ul><\/p>   <p>Las m\u00e1s madrugadoras ser\u00e1n las chicas del Medsur-Finestrat, que tendr\u00e1n la primera oportunidad del a\u00f1o de confirmar, como parece sobre el papel, que los muchos y buenos refuerzos llegados este verano van a colocar a las de Juanvi Llinares un paso por encima de lo visto el a\u00f1o pasado, aspirando, quiz\u00e1s, a verse en la zona alta de la Superliga 2. Ellas saltar\u00e1n a la cancha del Paterna el pr\u00f3ximo domingo a las 10:00 horas.<\/p>   <p>Acto seguido, a las 12:00 horas, har\u00e1 lo propio el equipo masculino del <a href=\"https:\/\/cadenaser.com\/tag\/club_voleibol_playas_benidorm\/a\/\">Servigroup Benidorm<\/a>, que antes de eso har\u00e1 su primer test, en la tarde del viernes (21:00 horas), en el pabell\u00f3n Ra\u00fal Mesa frente al Playas de Cartagena.<\/p>   <p>Los de Adriano Lamb tratar\u00e1n as\u00ed de conseguir el pase a una semifinal en la que se medir\u00e1n, te\u00f3ricamente en casa, ante el vencedor del duelo entre el Mediterr\u00e1neo y el Villena-Petrer.<\/p>   <p>     .c-w{         max-width:444px;         width:100%;         margin:16px auto;      background:#00755E;         border-radius:4px;         display:flex;         align-items:center;         justify-content:center;     }     .c-w a{         display:flex;         align-items:center;         justify-content:center;         padding:4px 24px;     }     .c-w img{         width:24px;         margin-right:12px;     }     .c-w p{         font:18px\/25px Poppins;         text-align:center;         color:#fff;         margin:0;     }     @media (max-width:444px){         .c-w a{             padding:4px 12px;         }         .c-w img{             width:24px;             margin-right:8px;         }         .c-w p{             font:14px\/25px Poppins;         }     }     @media (max-width:335px){         .c-w p{             font:13px\/25px Poppins;         }     }  <div class=\"c-w\">     <a href=\"https:\/\/www.whatsapp.com\/channel\/0029Va633PF9WtC4l7XUzh1e\" target=\"_blank\" rel=\"noopener\">         <img decoding=\"async\" src=\"https:\/\/cadenaser.com\/estaticos\/recursosgraficos\/responsive\/img\/ico-whatsapp.svg\" alt=\"Whatsapp\">         <p>\u00danete al <b>canal de WhatsApp<\/b> de la SER<\/p>     <\/a> <\/div><\/p> ","protected":false},"excerpt":{"rendered":"<p>Los chicos del Playas de Benidorm y las chicas del Medsur-Finestrat buscan hueco en semifinales<\/p>\n","protected":false},"author":0,"featured_media":8332,"comment_status":"open","ping_status":"open","sticky":false,"template":"","format":"standard","meta":{"_acf_changed":false,"footnotes":""},"categories":[16],"tags":[],"class_list":["post-8331","post","type-post","status-publish","format-standard","has-post-thumbnail","hentry","category-deportes"],"acf":{"ser_id":"NPPLNATSVBG6XG33H2NCXSEHDM","ser_url":"https:\/\/cadenaser.com\/comunitat-valenciana\/2024\/09\/13\/la-copa-comunitat-abre-el-juego-en-el-voleibol-valenciano-radio-benidorm\/"},"_links":{"self":[{"href":"https:\/\/serbenidorm.daliisolutions.com\/index.php\/wp-json\/wp\/v2\/posts\/8331","targetHints":{"allow":["GET"]}}],"collection":[{"href":"https:\/\/serbenidorm.daliisolutions.com\/index.php\/wp-json\/wp\/v2\/posts"}],"about":[{"href":"https:\/\/serbenidorm.daliisolutions.com\/index.php\/wp-json\/wp\/v2\/types\/post"}],"replies":[{"embeddable":true,"href":"https:\/\/serbenidorm.daliisolutions.com\/index.php\/wp-json\/wp\/v2\/comments?post=8331"}],"version-history":[{"count":0,"href":"https:\/\/serbenidorm.daliisolutions.com\/index.php\/wp-json\/wp\/v2\/posts\/8331\/revisions"}],"wp:featuredmedia":[{"embeddable":true,"href":"https:\/\/serbenidorm.daliisolutions.com\/index.php\/wp-json\/wp\/v2\/media\/8332"}],"wp:attachment":[{"href":"https:\/\/serbenidorm.daliisolutions.com\/index.php\/wp-json\/wp\/v2\/media?parent=8331"}],"wp:term":[{"taxonomy":"category","embeddable":true,"href":"https:\/\/serbenidorm.daliisolutions.com\/index.php\/wp-json\/wp\/v2\/categories?post=8331"},{"taxonomy":"post_tag","embeddable":true,"href":"https:\/\/serbenidorm.daliisolutions.com\/index.php\/wp-json\/wp\/v2\/tags?post=8331"}],"curies":[{"name":"wp","href":"https:\/\/api.w.org\/{rel}","templated":true}]}}