{"id":8338,"date":"2024-09-13T12:39:27","date_gmt":"2024-09-13T10:39:27","guid":{"rendered":"https:\/\/serbenidorm.daliisolutions.com\/index.php\/2024\/09\/13\/hector-alvarez-tiene-una-cita-con-la-historia-en-belgica\/"},"modified":"2024-09-13T12:39:27","modified_gmt":"2024-09-13T10:39:27","slug":"hector-alvarez-tiene-una-cita-con-la-historia-en-belgica","status":"publish","type":"post","link":"https:\/\/serbenidorm.daliisolutions.com\/index.php\/2024\/09\/13\/hector-alvarez-tiene-una-cita-con-la-historia-en-belgica\/","title":{"rendered":"H\u00e9ctor \u00c1lvarez tiene una cita con la historia en B\u00e9lgica"},"content":{"rendered":"  <p>Benidorm<\/p>   <p>A H\u00e9ctor \u00c1lvarez le restan s\u00f3lo tres carreras para poner punto y final a su etapa como J\u00fanior antes de dar el salto, ya el pr\u00f3ximo a\u00f1o, al profesionalismo de la mano del equipo de desarrollo del Lidl-Trek. Antes de que eso ocurra, el ciclista alfasino tomar\u00e1 la salida en la prueba de fondo en carretera del Campeonato de Europa as\u00ed como en la CRI y el fondo del Mundial. Tres citas, sobre todo las dos pruebas en l\u00ednea, en las que no tiene ya nada que demostrar, pero en las que tiene la gran oportunidad de hacer historia.<\/p>   <p>\u00c1lvarez ya puede presumir de haber completado la mejor temporada de un J\u00fanior espa\u00f1ol en la historia, superando incluso los n\u00fameros de Juan Ayuso en 2020; pero un t\u00edtulo continental (por no hablar de un arco\u00edris), ser\u00eda la guinda a un pastel ya m\u00e1s que jugoso.<\/p>  <p><p>M\u00e1s informaci\u00f3n<\/p><figure><img loading=\"lazy\" decoding=\"async\" src=\"https:\/\/cadenaser.com\/resizer\/v2\/WC7GXTB7AZD2PGWSWP3AT7TTW4.JPG?auth=04579c1185af0e90c3cf76e469f812947dc0f4b94c480f4d52070fbae6438825&amp;quality=70&amp;width=360&amp;height=202&amp;smart=true\" width=\"820\" height=\"621\" \/><\/figure><ul><li><a href=\"https:\/\/cadenaser.com\/comunitat-valenciana\/2024\/09\/11\/hector-alvarez-brilla-en-el-europeo-de-cri-con-un-fenomenal-top10-radio-benidorm\/\"><span>H\u00e9ctor \u00c1lvarez brilla en el Europeo de CRI con un fenomenal Top10<\/span><\/a><\/li><\/ul><\/p>   <p>La primera cita de H\u00e9ctor \u00c1lvarez con la historia llegar\u00e1 este mismo s\u00e1bado en una carrera que se disputar\u00e1 sobre 129 kil\u00f3metros y cuya salida est\u00e1 prevista, en la localidad belga de Zolder, a las 9:00 horas. Unas tres horas y cuarto despu\u00e9s (si se cumple el horario intermedio previsto por la organizaci\u00f3n), conoceremos el desenlace de esta historia en la meta de Hasselt.<\/p>   <p>El estado de forma de \u00c1lvarez es, sencillamente, fenomenal. Con 24 victorias en su haber en 2024, el alfasino viene de <a href=\"https:\/\/cadenaser.com\/comunitat-valenciana\/2024\/09\/04\/hector-alvarez-soberbio-en-la-vuelta-a-cantabria-radio-benidorm\/\">dominar con absoluta contundencia la Vuelta a Cantabria<\/a> y, sobre todo, de haberse metido en <a href=\"https:\/\/cadenaser.com\/comunitat-valenciana\/2024\/09\/11\/hector-alvarez-brilla-en-el-europeo-de-cri-con-un-fenomenal-top10-radio-benidorm\/\">el top10 de la prueba contrarreloj del Campeonato de Europa, donde, seg\u00fan explic\u00f3 en SER Deportivos Marina Baixa, estuvo, incluso, por encima de lo que \u00e9l mismo esperaba<\/a>.<\/p>   <p>El recorrido le viene bien y, seg\u00fan se deriva de las previsiones meteorol\u00f3gicas en esa zona de B\u00e9lgica para este fin de semana, H\u00e9ctor ver\u00e1 cumplidos sus deseos de poder correr con buen tiempo y, por lo tanto, no verse lastrado por las malas condiciones que siempre benefician ligeramente a los ciclistas locales, m\u00e1s acostumbrados a esas circunstancias.<\/p>   <p>     .c-w{         max-width:444px;         width:100%;         margin:16px auto;      background:#00755E;         border-radius:4px;         display:flex;         align-items:center;         justify-content:center;     }     .c-w a{         display:flex;         align-items:center;         justify-content:center;         padding:4px 24px;     }     .c-w img{         width:24px;         margin-right:12px;     }     .c-w p{         font:18px\/25px Poppins;         text-align:center;         color:#fff;         margin:0;     }     @media (max-width:444px){         .c-w a{             padding:4px 12px;         }         .c-w img{             width:24px;             margin-right:8px;         }         .c-w p{             font:14px\/25px Poppins;         }     }     @media (max-width:335px){         .c-w p{             font:13px\/25px Poppins;         }     }  <div class=\"c-w\">     <a href=\"https:\/\/www.whatsapp.com\/channel\/0029Va633PF9WtC4l7XUzh1e\" target=\"_blank\" rel=\"noopener\">         <img decoding=\"async\" src=\"https:\/\/cadenaser.com\/estaticos\/recursosgraficos\/responsive\/img\/ico-whatsapp.svg\" alt=\"Whatsapp\">         <p>\u00danete al <b>canal de WhatsApp<\/b> de la SER<\/p>     <\/a> <\/div><\/p>   <p><b>Felipe Orts, \u00faltima cita antes del ciclocross<\/b><\/p>   <p>El de H\u00e9ctor no ser\u00e1 el \u00fanico punto de inter\u00e9s para el ciclismo de la Marina Baixa de este fin de semana ya que el vilero <a href=\"https:\/\/cadenaser.com\/tag\/felipe_orts_lloret\/a\/\">Felipe Orts<\/a>, que ultima su preparaci\u00f3n para arrancar en pocas semanas una nueva temporada de ciclocross con la vista puesta en esa tercera edici\u00f3n de la <a href=\"https:\/\/cadenaser.com\/comunitat-valenciana\/2024\/09\/05\/la-copa-del-mundo-de-ciclocross-de-benidorm-arranca-la-preventa-de-entradas-radio-benidorm\/\">Copa del Mundo de Benidorm<\/a>, afronta el domingo el Campeonato de Espa\u00f1a de gravel, una especialidad que ha a\u00f1adido este a\u00f1o a su calendario y en la que ha tenido ya algunas buenas apariciones.<\/p>  <p><p>M\u00e1s informaci\u00f3n<\/p><figure><img loading=\"lazy\" decoding=\"async\" src=\"https:\/\/cadenaser.com\/resizer\/v2\/EOAS7XZIWRBP3KHVWZJ4L3OYCM.JPG?auth=0425099f9ce14ff6359e82327b31f44510738f9f11f6b5bf623d3719f1413513&amp;quality=70&amp;width=360&amp;height=202&amp;smart=true\" width=\"820\" height=\"621\" \/><\/figure><ul><li><a href=\"https:\/\/cadenaser.com\/tag\/felipe_orts_lloret\/a\/\"><span>Todas las noticias de Felipe Orts<\/span><\/a><\/li><\/ul><\/p>   <p>El claro favorito para la cita dominical en Santo Domingo de Silos ser\u00e1, sin duda alguna, la leyenda Alejandro Valverde. \u2018El Bala\u2019, que desde que pusiera punto y final a una de las m\u00e1s brillantes carreras de la historia del ciclismo mundial en carretera mata el gusanillo competitivo en el gravel, es la gran referencia de un nacional en el que formar\u00e1 en la parrilla de salida con otros hist\u00f3ricos como Samu S\u00e1nchez (campe\u00f3n ol\u00edmpico en Pek\u00edn) o Luis \u00c1ngel Mat\u00e9 o profesionales en activo como Carlos Verona (miembro del Lidl-Trek en el que aterrizar\u00e1 H\u00e9ctor \u00c1lvarez en 2025).<\/p>   <p>El rendimiento que pueda tener Felipe Orts en esta jornada es toda una inc\u00f3gnita ya que el corredor vilero est\u00e1 en un \u2018momento valle\u2019 de su temporada esperando el inicio de la especialidad invernal, aunque ya ha demostrado un muy buen golpe de pedal<\/p> ","protected":false},"excerpt":{"rendered":"<p>El ciclista alfasino parte como uno de los claros aspirantes al t\u00edtulo de Campe\u00f3n de Europa<\/p>\n","protected":false},"author":0,"featured_media":8339,"comment_status":"open","ping_status":"open","sticky":false,"template":"","format":"standard","meta":{"_acf_changed":false,"footnotes":""},"categories":[16],"tags":[],"class_list":["post-8338","post","type-post","status-publish","format-standard","has-post-thumbnail","hentry","category-deportes"],"acf":{"ser_id":"UTIZPIEFO5EAHL5SM2OKZCO25A","ser_url":"https:\/\/cadenaser.com\/comunitat-valenciana\/2024\/09\/13\/hector-alvarez-tiene-una-cita-con-la-historia-en-belgica-radio-benidorm\/"},"_links":{"self":[{"href":"https:\/\/serbenidorm.daliisolutions.com\/index.php\/wp-json\/wp\/v2\/posts\/8338","targetHints":{"allow":["GET"]}}],"collection":[{"href":"https:\/\/serbenidorm.daliisolutions.com\/index.php\/wp-json\/wp\/v2\/posts"}],"about":[{"href":"https:\/\/serbenidorm.daliisolutions.com\/index.php\/wp-json\/wp\/v2\/types\/post"}],"replies":[{"embeddable":true,"href":"https:\/\/serbenidorm.daliisolutions.com\/index.php\/wp-json\/wp\/v2\/comments?post=8338"}],"version-history":[{"count":0,"href":"https:\/\/serbenidorm.daliisolutions.com\/index.php\/wp-json\/wp\/v2\/posts\/8338\/revisions"}],"wp:featuredmedia":[{"embeddable":true,"href":"https:\/\/serbenidorm.daliisolutions.com\/index.php\/wp-json\/wp\/v2\/media\/8339"}],"wp:attachment":[{"href":"https:\/\/serbenidorm.daliisolutions.com\/index.php\/wp-json\/wp\/v2\/media?parent=8338"}],"wp:term":[{"taxonomy":"category","embeddable":true,"href":"https:\/\/serbenidorm.daliisolutions.com\/index.php\/wp-json\/wp\/v2\/categories?post=8338"},{"taxonomy":"post_tag","embeddable":true,"href":"https:\/\/serbenidorm.daliisolutions.com\/index.php\/wp-json\/wp\/v2\/tags?post=8338"}],"curies":[{"name":"wp","href":"https:\/\/api.w.org\/{rel}","templated":true}]}}