{"id":8353,"date":"2024-09-14T07:01:12","date_gmt":"2024-09-14T05:01:12","guid":{"rendered":"https:\/\/serbenidorm.daliisolutions.com\/index.php\/2024\/09\/14\/un-britanico-escala-la-fachada-del-tercer-rascacielos-de-benidorm-en-solo-integral\/"},"modified":"2024-09-14T07:01:12","modified_gmt":"2024-09-14T05:01:12","slug":"un-britanico-escala-la-fachada-del-tercer-rascacielos-de-benidorm-en-solo-integral","status":"publish","type":"post","link":"https:\/\/serbenidorm.daliisolutions.com\/index.php\/2024\/09\/14\/un-britanico-escala-la-fachada-del-tercer-rascacielos-de-benidorm-en-solo-integral\/","title":{"rendered":"Un brit\u00e1nico escala la fachada del tercer rascacielos de Benidorm en \u2018solo integral\u2019"},"content":{"rendered":"  <p>Benidorm<\/p>   <p>Desde su construcci\u00f3n en el a\u00f1o 2008 y hasta la inauguraci\u00f3n de su vecino cercano Intempo, la Torre Lugano de <a href=\"https:\/\/cadenaser.com\/tag\/benidorm\/a\/\" target=\"_blank\" rel=\"noopener\">Benidorm<\/a> era, con sus 158 metros de altura, el edificio residencial m\u00e1s alto de Espa\u00f1a. En la capital tur\u00edstica, s\u00f3lo los 186 metros del Hotel Bali superaban a esa gran mole que se alza desde las faldas de la Serra Gelada, en la zona del Rinc\u00f3n de Loix.<\/p>   <p>Ahora, aunque ya no reina en las alturas arquitect\u00f3nicas de Espa\u00f1a, la Torre Lugano sigue siendo el d\u00e9cimo edificio m\u00e1s alto del pa\u00eds (y el tercero de Benidorm) y, por lo tanto, uno de los grandes iconos del \u2018skyline\u2019 de la \u2018Nueva York del Mediterr\u00e1neo\u2019.<\/p>   <p><div class=\"oembed twitter\"><blockquote class=\"twitter-tweet\"><p lang=\"en\" dir=\"ltr\">Hello Twitter, been a while, here\u2019s a 158m skyscraper I just climbed barefoot\u270c\ud83c\udffb <a href=\"https:\/\/twitter.com\/hashtag\/climbing?src=hash&amp;ref_src=twsrc%5Etfw\">#climbing<\/a> <a href=\"https:\/\/twitter.com\/hashtag\/freesolo?src=hash&amp;ref_src=twsrc%5Etfw\">#freesolo<\/a> <a href=\"https:\/\/twitter.com\/hashtag\/benidorm?src=hash&amp;ref_src=twsrc%5Etfw\">#benidorm<\/a> <a href=\"https:\/\/twitter.com\/hashtag\/spain?src=hash&amp;ref_src=twsrc%5Etfw\">#spain<\/a> <a href=\"https:\/\/t.co\/hTvKYoa202\">pic.twitter.com\/hTvKYoa202<\/a><\/p>\u2014 NUISANCE (@nuisance69_) <a href=\"https:\/\/twitter.com\/nuisance69_\/status\/1834566612894036458?ref_src=twsrc%5Etfw\">September 13, 2024<\/a><\/blockquote>   <\/div><\/p>   <p><a href=\"https:\/\/cadenaser.com\/comunitat-valenciana\/2024\/09\/12\/toni-perez-este-sera-un-ano-de-muchos-records-radio-benidorm\/\" target=\"_blank\" rel=\"noopener\">Bien conocida por visitantes y residentes<\/a>, su silueta se ha hecho ahora viral despu\u00e9s de que un ciudadano brit\u00e1nico haya hecho viral un v\u00eddeo en el que se le puede ver escalando la fachada del edificio en la modalidad de \u2018solo integral\u2019, es decir, sin usar ning\u00fan tipo de medida de seguridad y exponi\u00e9ndose, en el caso de sufrir una ca\u00edda, a una muerte segura.<\/p>   <p>La cuestionable haza\u00f1a de \u2018nuisance69_\u2019, que es como se hace llamar en Instagram, red social en la que ha \u2018colgado\u2019 el v\u00eddeo, la ha protagonizado, adem\u00e1s, escalando completamente descalzo.<\/p>   <p>Con m\u00e1s de 34.000 seguidores en su cuenta el protagonista de esta historia, al menos eso es lo que aparece en su biograf\u00eda de la citada red social, es natural de Manchester (Reino Unido). En el texto que acompa\u00f1a a su aventura, afirma que hab\u00eda querido \u201cescalar este edificio desde el d\u00eda en el que lo vi, pero nunca hab\u00eda estado cerca de \u00e9l\u201d.<\/p>   <p>     .c-w{         max-width:444px;         width:100%;         margin:16px auto;      background:#00755E;         border-radius:4px;         display:flex;         align-items:center;         justify-content:center;     }     .c-w a{         display:flex;         align-items:center;         justify-content:center;         padding:4px 24px;     }     .c-w img{         width:24px;         margin-right:12px;     }     .c-w p{         font:18px\/25px Poppins;         text-align:center;         color:#fff;         margin:0;     }     @media (max-width:444px){         .c-w a{             padding:4px 12px;         }         .c-w img{             width:24px;             margin-right:8px;         }         .c-w p{             font:14px\/25px Poppins;         }     }     @media (max-width:335px){         .c-w p{             font:13px\/25px Poppins;         }     }  <div class=\"c-w\">     <a href=\"https:\/\/www.whatsapp.com\/channel\/0029Va633PF9WtC4l7XUzh1e\" target=\"_blank\" rel=\"noopener\">         <img decoding=\"async\" src=\"https:\/\/cadenaser.com\/estaticos\/recursosgraficos\/responsive\/img\/ico-whatsapp.svg\" alt=\"Whatsapp\">         <p>\u00danete al <b>canal de WhatsApp<\/b> de la SER<\/p>     <\/a> <\/div><\/p>   <p>Asegura haber tardado \u201c34 minutos\u201d en completar un ascenso en el que tuvo que detenerse \u201cen cada piso para verificar si la gente estaba mirando por las ventanas, revisando cada pieza de metal individualmente para ver si era lo suficientemente segura como para soportar mi peso\u201d.<\/p>  <p><figure><img loading=\"lazy\" decoding=\"async\" src=\"https:\/\/cadenaser.com\/resizer\/v2\/FSVDVBUJRBCLFPCGMT7H4AIGXM.PNG?auth=f606c54ade34a241ad9aaeca91d5138fc619b78ff95bba1e5654079ecbdd337a&amp;quality=70&amp;width=650&amp;height=780&amp;smart=true\" alt=\"Un brit\u00e1nico escala la fachada del tercer rascacielos de Benidorm\" width=\"5\" height=\"6\" \/><figcaption class=\"fc\"><p><span>Un brit\u00e1nico escala la fachada del tercer rascacielos de Benidorm<\/span> \/ <span>nuisance69_<\/span><\/p><\/figcaption><\/figure><button class=\"bt-am\">Ampliar<\/button><\/p> ","protected":false},"excerpt":{"rendered":"<p>Ascendi\u00f3 los 158 metros de la Torre Lugano sin hacer uso de ning\u00fan tipo de medida de seguridad<\/p>\n","protected":false},"author":0,"featured_media":8354,"comment_status":"open","ping_status":"open","sticky":false,"template":"","format":"standard","meta":{"_acf_changed":false,"footnotes":""},"categories":[1],"tags":[],"class_list":["post-8353","post","type-post","status-publish","format-standard","has-post-thumbnail","hentry","category-sin-categoria"],"acf":{"ser_id":"OLNQPML6TFCR5ARGYCDJ4L2JXQ","ser_url":"https:\/\/cadenaser.com\/comunitat-valenciana\/2024\/09\/13\/un-britanico-escala-la-fachada-del-tercer-rascacielos-de-benidorm-en-solo-integral-radio-benidorm\/"},"_links":{"self":[{"href":"https:\/\/serbenidorm.daliisolutions.com\/index.php\/wp-json\/wp\/v2\/posts\/8353","targetHints":{"allow":["GET"]}}],"collection":[{"href":"https:\/\/serbenidorm.daliisolutions.com\/index.php\/wp-json\/wp\/v2\/posts"}],"about":[{"href":"https:\/\/serbenidorm.daliisolutions.com\/index.php\/wp-json\/wp\/v2\/types\/post"}],"replies":[{"embeddable":true,"href":"https:\/\/serbenidorm.daliisolutions.com\/index.php\/wp-json\/wp\/v2\/comments?post=8353"}],"version-history":[{"count":0,"href":"https:\/\/serbenidorm.daliisolutions.com\/index.php\/wp-json\/wp\/v2\/posts\/8353\/revisions"}],"wp:featuredmedia":[{"embeddable":true,"href":"https:\/\/serbenidorm.daliisolutions.com\/index.php\/wp-json\/wp\/v2\/media\/8354"}],"wp:attachment":[{"href":"https:\/\/serbenidorm.daliisolutions.com\/index.php\/wp-json\/wp\/v2\/media?parent=8353"}],"wp:term":[{"taxonomy":"category","embeddable":true,"href":"https:\/\/serbenidorm.daliisolutions.com\/index.php\/wp-json\/wp\/v2\/categories?post=8353"},{"taxonomy":"post_tag","embeddable":true,"href":"https:\/\/serbenidorm.daliisolutions.com\/index.php\/wp-json\/wp\/v2\/tags?post=8353"}],"curies":[{"name":"wp","href":"https:\/\/api.w.org\/{rel}","templated":true}]}}