{"id":8367,"date":"2024-09-14T13:01:02","date_gmt":"2024-09-14T11:01:02","guid":{"rendered":"https:\/\/serbenidorm.daliisolutions.com\/index.php\/2024\/09\/14\/hector-alvarez-subcampeon-de-europa-de-ciclismo\/"},"modified":"2024-09-14T13:01:02","modified_gmt":"2024-09-14T11:01:02","slug":"hector-alvarez-subcampeon-de-europa-de-ciclismo","status":"publish","type":"post","link":"https:\/\/serbenidorm.daliisolutions.com\/index.php\/2024\/09\/14\/hector-alvarez-subcampeon-de-europa-de-ciclismo\/","title":{"rendered":"H\u00e9ctor \u00c1lvarez, subcampe\u00f3n de Europa de ciclismo"},"content":{"rendered":"  <p>Benidorm<\/p>   <p>S\u00f3lo el noruego Felix \u00d8rn-Kristoff pudo superar al alfasino H\u00e9ctor \u00c1lvarez en una preciosa carrera de fondo en carretera en el Campeonato de Europa de <a href=\"https:\/\/cadenaser.com\/tag\/ciclismo\/a\/\" target=\"_blank\" rel=\"noopener\">ciclismo<\/a> celebrada en B\u00e9lgica en la ma\u00f1ana de este s\u00e1bado.<\/p>   <p>\u00c1lvarez, que part\u00eda como uno de los grandes aspirantes a medalla, hizo gala del estilo ofensivo y descarado que le ha caracterizado en este a\u00f1o m\u00e1gico para \u00e9l, en el que ya se ha convertido, con todo merecimiento, <a href=\"https:\/\/cadenaser.com\/comunitat-valenciana\/2024\/09\/11\/hector-alvarez-brilla-en-el-europeo-de-cri-con-un-fenomenal-top10-radio-benidorm\/\" target=\"_blank\" rel=\"noopener\">en el mejor J\u00fanior espa\u00f1ol de la historia<\/a>.<\/p>   <p>El corredor de <a href=\"https:\/\/cadenaser.com\/tag\/lalfas_del_pi\/a\/\" target=\"_blank\" rel=\"noopener\">l\u2019Alf\u00e0s del Pi<\/a> se meti\u00f3 en el corte bueno de la jornada, formado a poco m\u00e1s de 50 kil\u00f3metros de meta, junto al ya campe\u00f3n de Europa, \u00d8rn-Kristoff, y el franc\u00e9s Paul Seixas, que finalmente se tuvo que conformar con el bronce.<\/p>   <p>Poco antes de eso, la selecci\u00f3n espa\u00f1ola hab\u00eda hecho ya un gran trabajo de equipo en beneficio de \u00c1lvarez. Los espa\u00f1oles se hab\u00edan sabido meter en todos los cortes que se hab\u00edan ido sucediendo en los primeros kil\u00f3metros de la prueba, pero se vieron obligados a trabajar duro cuando perdieron el tren de una fuga de ocho unidades que, a 80 kil\u00f3metros de meta, pod\u00eda poner en jaque las opciones de su jefe de filas, H\u00e9ctor \u00c1lvarez.<\/p>   <p>Fue entonces cuando el combinado espa\u00f1ol asumi\u00f3 el mando del pelot\u00f3n para echar abajo la fuga, un momento que dio paso a unos minutos, muy pocos, de aparente relajaci\u00f3n en el gran grupo.<\/p>   <p>     .c-w{         max-width:444px;         width:100%;         margin:16px auto;      background:#00755E;         border-radius:4px;         display:flex;         align-items:center;         justify-content:center;     }     .c-w a{         display:flex;         align-items:center;         justify-content:center;         padding:4px 24px;     }     .c-w img{         width:24px;         margin-right:12px;     }     .c-w p{         font:18px\/25px Poppins;         text-align:center;         color:#fff;         margin:0;     }     @media (max-width:444px){         .c-w a{             padding:4px 12px;         }         .c-w img{             width:24px;             margin-right:8px;         }         .c-w p{             font:14px\/25px Poppins;         }     }     @media (max-width:335px){         .c-w p{             font:13px\/25px Poppins;         }     }  <div class=\"c-w\">     <a href=\"https:\/\/www.whatsapp.com\/channel\/0029Va633PF9WtC4l7XUzh1e\" target=\"_blank\" rel=\"noopener\">         <img decoding=\"async\" src=\"https:\/\/cadenaser.com\/estaticos\/recursosgraficos\/responsive\/img\/ico-whatsapp.svg\" alt=\"Whatsapp\">         <p>\u00danete al <b>canal de WhatsApp<\/b> de la SER<\/p>     <\/a> <\/div><\/p>  <p><figure><img loading=\"lazy\" decoding=\"async\" src=\"https:\/\/cadenaser.com\/resizer\/v2\/GMKVHYJYGBD3TP32BQYIBLFY64.jpg?auth=453f16622402075d23fd07829a939bb25c818d0c273f9f8cea459e7010f9e2e4&amp;quality=70&amp;width=650&amp;height=487&amp;smart=true\" alt=\"H\u00e9ctor \u00c1lvarez, sonriente con su medalla de palta\" width=\"4\" height=\"3\" \/><figcaption class=\"fc\"><p><span>H\u00e9ctor \u00c1lvarez, sonriente con su medalla de palta<\/span><\/p><\/figcaption><\/figure><button class=\"bt-am\">Ampliar<\/button><\/p>   <p>A falta de poco m\u00e1s de 50 kil\u00f3metros para el final, \u00d8rn-Kristoff, Seixas y \u00c1lvarez abrieron hueco. Por detr\u00e1s, B\u00e9lgica y Pa\u00edses Bajos trataban de organizar las cosas en un pelot\u00f3n absolutamente an\u00e1rquico, como corresponde a estas categor\u00edas, y lo que pas\u00f3 a partir de entonces y hasta el final fue, sencillamente, apote\u00f3sico.<\/p>   <p>La ventaja del tr\u00edo de cabeza nunca super\u00f3 el medio minuto respecto a un gran grupo que rodaba muy fuerte y sin dar ni un momento de respiro a \u00c1lvarez y sus compa\u00f1eros de escapada. A falta de 15 kil\u00f3metros para el final, en el pen\u00faltimo paso por l\u00ednea de meta, la renta de los fugados era de apenas 15 segundos, pero no se dejaron llevar por los nervios y siguieron colaborando hasta rebasar la pancarta del \u00faltimo kil\u00f3metro.<\/p>  <p><p>M\u00e1s informaci\u00f3n<\/p><figure><img loading=\"lazy\" decoding=\"async\" src=\"https:\/\/cadenaser.com\/resizer\/v2\/ZTTMPDLXVNFNTAL5DODA5NBNMY.jpeg?auth=9ca1510f56f47abf02600827f2786f618d87ea95ed7ffda9dfa4bd1a24b04805&amp;quality=70&amp;width=360&amp;height=202&amp;smart=true\" width=\"820\" height=\"621\" \/><\/figure><ul><li><a href=\"https:\/\/cadenaser.com\/comunitat-valenciana\/2024\/09\/11\/hector-alvarez-brilla-en-el-europeo-de-cri-con-un-fenomenal-top10-radio-benidorm\/\"><span>H\u00e9ctor \u00c1lvarez brilla en el Europeo de CRI con un fenomenal Top10<\/span><\/a><\/li><\/ul><\/p>   <p>Por detr\u00e1s, todo era muy distinto. Se hab\u00eda formando un peque\u00f1o grupo perseguidor en el que B\u00e9lgica y Pa\u00edses Bajos metieron a dos representantes cada uno, pero ni con esas. Ambos pa\u00edses fueron incapaces de sacrificar a una de sus unidades en las labores de persecuci\u00f3n y eso acab\u00f3 permitiendo a \u00d8rn-Kristoff, \u00c1lvarez y Seixas jugarse el t\u00edtulo al sprint.<\/p>   <p>H\u00e9ctor comenz\u00f3 muy bien posicionado, a rueda del noruego, que lanz\u00f3 el sprint a 500 metros de meta tras la estela del franc\u00e9s. Finalmente, la punta de velocidad del corredor n\u00f3rdico fue demasiado apara un \u00c1lvarez que cierra su periplo por los campeonatos continentales con una maravillosa medalla de plata.<\/p>   <p>Ahora, y antes de poner punto y final a su etapa como J\u00fanior, el de l\u2019Alf\u00e0s del Pi viajar\u00e1 la pr\u00f3xima semana al Mundial, donde disputar\u00e1 las pruebas de contarreloj y fondo en carretera, de nuevo, como uno de los grandes favoritos.<\/p> ","protected":false},"excerpt":{"rendered":"<p>El ciclista alfasino se lleva la plata en una preciosa carrera en la que se impuso el noruego Felix \u00d8rn-Kristoff<\/p>\n","protected":false},"author":0,"featured_media":8368,"comment_status":"open","ping_status":"open","sticky":false,"template":"","format":"standard","meta":{"_acf_changed":false,"footnotes":""},"categories":[16],"tags":[],"class_list":["post-8367","post","type-post","status-publish","format-standard","has-post-thumbnail","hentry","category-deportes"],"acf":{"ser_id":"GM2EXMO6JZBTDECZFOFU3Q3N2M","ser_url":"https:\/\/cadenaser.com\/comunitat-valenciana\/2024\/09\/14\/hector-alvarez-subcampeon-de-europa-de-ciclismo-radio-benidorm\/"},"_links":{"self":[{"href":"https:\/\/serbenidorm.daliisolutions.com\/index.php\/wp-json\/wp\/v2\/posts\/8367","targetHints":{"allow":["GET"]}}],"collection":[{"href":"https:\/\/serbenidorm.daliisolutions.com\/index.php\/wp-json\/wp\/v2\/posts"}],"about":[{"href":"https:\/\/serbenidorm.daliisolutions.com\/index.php\/wp-json\/wp\/v2\/types\/post"}],"replies":[{"embeddable":true,"href":"https:\/\/serbenidorm.daliisolutions.com\/index.php\/wp-json\/wp\/v2\/comments?post=8367"}],"version-history":[{"count":0,"href":"https:\/\/serbenidorm.daliisolutions.com\/index.php\/wp-json\/wp\/v2\/posts\/8367\/revisions"}],"wp:featuredmedia":[{"embeddable":true,"href":"https:\/\/serbenidorm.daliisolutions.com\/index.php\/wp-json\/wp\/v2\/media\/8368"}],"wp:attachment":[{"href":"https:\/\/serbenidorm.daliisolutions.com\/index.php\/wp-json\/wp\/v2\/media?parent=8367"}],"wp:term":[{"taxonomy":"category","embeddable":true,"href":"https:\/\/serbenidorm.daliisolutions.com\/index.php\/wp-json\/wp\/v2\/categories?post=8367"},{"taxonomy":"post_tag","embeddable":true,"href":"https:\/\/serbenidorm.daliisolutions.com\/index.php\/wp-json\/wp\/v2\/tags?post=8367"}],"curies":[{"name":"wp","href":"https:\/\/api.w.org\/{rel}","templated":true}]}}