{"id":8383,"date":"2024-09-15T14:23:57","date_gmt":"2024-09-15T12:23:57","guid":{"rendered":"https:\/\/serbenidorm.daliisolutions.com\/index.php\/2024\/09\/15\/debut-inmaculado-para-el-servigroup-voleibol-benidorm\/"},"modified":"2024-09-15T14:23:57","modified_gmt":"2024-09-15T12:23:57","slug":"debut-inmaculado-para-el-servigroup-voleibol-benidorm","status":"publish","type":"post","link":"https:\/\/serbenidorm.daliisolutions.com\/index.php\/2024\/09\/15\/debut-inmaculado-para-el-servigroup-voleibol-benidorm\/","title":{"rendered":"Debut inmaculado para el Servigroup Voleibol Benidorm"},"content":{"rendered":"  <p>Benidorm<\/p>   <p>El equipo masculino del <a href=\"https:\/\/cadenaser.com\/tag\/club_voleibol_playas_benidorm\/a\/\">Club Voleibol Playas de Benidorm<\/a> ya est\u00e1 en las semifinales de la Copa Comunitat despu\u00e9s de haberse impuesto por la v\u00eda r\u00e1pida al Paterna este domingo en la cancha del conjunto valenciano. El resultado final de 0-3 (20-25\/20-25 y 17-25) refleja claramente la superioridad mostrada por el <a href=\"https:\/\/cadenaser.com\/tag\/club_voleibol_playas_benidorm\/a\/\">Servigroup Benidorm<\/a> durante ese primer partido oficial de la temporada para ellos.<\/p>   <p>En un choque sin apenas historia, los de Adriano Lamb pudieron no s\u00f3lo conseguir el pasaporte a las semifinales del torneo auton\u00f3mico, sino tambi\u00e9n seguir en su importante proceso de rodaje hacia el inicio de la Superliga 2, que <a href=\"https:\/\/cadenaser.com\/comunitat-valenciana\/2024\/09\/02\/todos-los-partidos-horarios-y-resultados-del-voleibol-radio-benidorm\/\">arrancar\u00e1 para ellos el d\u00eda 6 de octubre visitando al Utrera<\/a>.<\/p>   <p>Antes de eso, en cualquier caso, llegar\u00e1 esa semifinal de la copa valenciana en la que se deber\u00e1 medir al vencedor del choque entre el Mediterr\u00e1neo y el Villena-Petrer.<\/p>  <p><p>M\u00e1s informaci\u00f3n<\/p><figure><img loading=\"lazy\" decoding=\"async\" src=\"https:\/\/cadenaser.com\/resizer\/v2\/VM66GTXUFNF6TNOK3EILU7QMAY.JPG?auth=1d6ca3af7eb7fe5062799076b0066953a18927a8bd5348f392b6db16a36af30d&amp;quality=70&amp;width=360&amp;height=202&amp;smart=true\" width=\"820\" height=\"621\" \/><\/figure><ul><li><a href=\"https:\/\/cadenaser.com\/comunitat-valenciana\/2024\/09\/02\/todos-los-partidos-horarios-y-resultados-del-voleibol-radio-benidorm\/\"><span>Todos los partidos, horarios y resultados del voleibol<\/span><\/a><\/li><\/ul><\/p>   <p><b>Derrota del Medsur-Finestrat<\/b><\/p>   <p>Como pr\u00f3logo a ese partido masculino del Servigroup Benidorm, otro equipo de la Marina Baixa, en este caso el Medsur-Finestrat femenino, visitaba esa misma cancha de Paterna para, como en el caso de los de Adriano Lamb, afrontar su primer partido oficial de la temporada y buscar el pase a la siguiente ronda de la Copa Federaci\u00f3n.<\/p>   <p>Las de Juanvi Llinares no s\u00f3lo saltaron, sino que asaltaron la cancha de Paterna durante el primer set. El equipo local apenas pudo plantar cara al vendaval que se le vino encima y acab\u00f3 cediendo ese primer parcial por un clar\u00edsimo y rotundo 8-25 que parec\u00eda hacer presagiar una victoria muy c\u00f3moda para las finestratenses.<\/p>   <p>     .c-w{         max-width:444px;         width:100%;         margin:16px auto;      background:#00755E;         border-radius:4px;         display:flex;         align-items:center;         justify-content:center;     }     .c-w a{         display:flex;         align-items:center;         justify-content:center;         padding:4px 24px;     }     .c-w img{         width:24px;         margin-right:12px;     }     .c-w p{         font:18px\/25px Poppins;         text-align:center;         color:#fff;         margin:0;     }     @media (max-width:444px){         .c-w a{             padding:4px 12px;         }         .c-w img{             width:24px;             margin-right:8px;         }         .c-w p{             font:14px\/25px Poppins;         }     }     @media (max-width:335px){         .c-w p{             font:13px\/25px Poppins;         }     }  <div class=\"c-w\">     <a href=\"https:\/\/www.whatsapp.com\/channel\/0029Va633PF9WtC4l7XUzh1e\" target=\"_blank\" rel=\"noopener\">         <img decoding=\"async\" src=\"https:\/\/cadenaser.com\/estaticos\/recursosgraficos\/responsive\/img\/ico-whatsapp.svg\" alt=\"Whatsapp\">         <p>\u00danete al <b>canal de WhatsApp<\/b> de la SER<\/p>     <\/a> <\/div><\/p>   <p>Sin embargo, todo se torci\u00f3 en los tres sets siguientes, cuando el Paterna-Liceo supo rehacerse del tremendo golpe sufrido en ese primer set para darle la vuelta al choque y, con ello, a la eliminatoria, e imponerse por 3-1 (8-25\/25-18\/25-16 y 25-17).<\/p> ","protected":false},"excerpt":{"rendered":"<p>Los de Adriano Lamb no tuvieron problemas para meterse en las \u2018semis\u2019 de la Copa Comunitat<\/p>\n","protected":false},"author":0,"featured_media":8384,"comment_status":"open","ping_status":"open","sticky":false,"template":"","format":"standard","meta":{"_acf_changed":false,"footnotes":""},"categories":[16],"tags":[],"class_list":["post-8383","post","type-post","status-publish","format-standard","has-post-thumbnail","hentry","category-deportes"],"acf":{"ser_id":"UG6D3FX6MRGPHN4MAWO7A2IK4E","ser_url":"https:\/\/cadenaser.com\/comunitat-valenciana\/2024\/09\/15\/debut-inmaculado-para-el-servigroup-voleibol-benidorm-radio-benidorm\/"},"_links":{"self":[{"href":"https:\/\/serbenidorm.daliisolutions.com\/index.php\/wp-json\/wp\/v2\/posts\/8383","targetHints":{"allow":["GET"]}}],"collection":[{"href":"https:\/\/serbenidorm.daliisolutions.com\/index.php\/wp-json\/wp\/v2\/posts"}],"about":[{"href":"https:\/\/serbenidorm.daliisolutions.com\/index.php\/wp-json\/wp\/v2\/types\/post"}],"replies":[{"embeddable":true,"href":"https:\/\/serbenidorm.daliisolutions.com\/index.php\/wp-json\/wp\/v2\/comments?post=8383"}],"version-history":[{"count":0,"href":"https:\/\/serbenidorm.daliisolutions.com\/index.php\/wp-json\/wp\/v2\/posts\/8383\/revisions"}],"wp:featuredmedia":[{"embeddable":true,"href":"https:\/\/serbenidorm.daliisolutions.com\/index.php\/wp-json\/wp\/v2\/media\/8384"}],"wp:attachment":[{"href":"https:\/\/serbenidorm.daliisolutions.com\/index.php\/wp-json\/wp\/v2\/media?parent=8383"}],"wp:term":[{"taxonomy":"category","embeddable":true,"href":"https:\/\/serbenidorm.daliisolutions.com\/index.php\/wp-json\/wp\/v2\/categories?post=8383"},{"taxonomy":"post_tag","embeddable":true,"href":"https:\/\/serbenidorm.daliisolutions.com\/index.php\/wp-json\/wp\/v2\/tags?post=8383"}],"curies":[{"name":"wp","href":"https:\/\/api.w.org\/{rel}","templated":true}]}}