{"id":8385,"date":"2024-09-15T14:23:58","date_gmt":"2024-09-15T12:23:58","guid":{"rendered":"https:\/\/serbenidorm.daliisolutions.com\/index.php\/2024\/09\/15\/felipe-orts-17o-en-el-campeonato-de-espana-de-gravel-entra-en-modo-invierno\/"},"modified":"2024-09-15T14:23:58","modified_gmt":"2024-09-15T12:23:58","slug":"felipe-orts-17o-en-el-campeonato-de-espana-de-gravel-entra-en-modo-invierno","status":"publish","type":"post","link":"https:\/\/serbenidorm.daliisolutions.com\/index.php\/2024\/09\/15\/felipe-orts-17o-en-el-campeonato-de-espana-de-gravel-entra-en-modo-invierno\/","title":{"rendered":"Felipe Orts, 17\u00ba en el Campeonato de Espa\u00f1a de gravel, entra en \u2018modo invierno\u2019"},"content":{"rendered":"  <p>Benidorm<\/p>   <p>Tras el 17\u00ba puesto obtenido este domingo en el Campeonato de Espa\u00f1a de gravel disputado en la localidad burgalesa de Santo Domingo de Silos, <a href=\"https:\/\/cadenaser.com\/tag\/felipe_orts_lloret\/a\/\" target=\"_blank\" rel=\"noopener\">Felipe Orts<\/a> comienza, ahora s\u00ed de manera definitiva, la recta final de preparaci\u00f3n de cara a la inminente temporada de <a href=\"https:\/\/cadenaser.com\/tag\/ciclocross\/a\/\" target=\"_blank\" rel=\"noopener\">ciclocross<\/a> que, para \u00e9l, volver\u00e1 a tener sus principales objetivos en la <a href=\"https:\/\/cadenaser.com\/comunitat-valenciana\/2024\/09\/05\/la-copa-del-mundo-de-ciclocross-de-benidorm-arranca-la-preventa-de-entradas-radio-benidorm\/\" target=\"_blank\" rel=\"noopener\">Copa del Mundo de Benidorm<\/a> (19 de enero) y, por supuesto, en llegar a la misma vistiendo el que <a href=\"https:\/\/cadenaser.com\/comunitat-valenciana\/2024\/01\/15\/felipe-sexto-de-espana-radio-benidorm\/\" target=\"_blank\" rel=\"noopener\">ser\u00eda su s\u00e9ptimo t\u00edtulo de campe\u00f3n de Espa\u00f1a<\/a>.<\/p>   <p>Antes de eso, claro est\u00e1, el ciclista de La Vila Joiosa tratar\u00e1, una vez m\u00e1s, de estar con los mejores en las mejores pruebas de la especialidad invernal del ciclismo y todo, despu\u00e9s de un a\u00f1o en el que, militando en su propia estructura, <a href=\"https:\/\/cadenaser.com\/comunitat-valenciana\/2024\/02\/27\/felipe-orts-presenta-este-viernes-su-calendario-de-btt-y-gravel-en-la-playa-centro-de-la-vila-radio-benidorm\/\" target=\"_blank\" rel=\"noopener\">ha dejado completamente de lado el ciclismo en carretera y se ha especializado en el off-road<\/a>.<\/p>   <p>M\u00e1s all\u00e1 del ciclocross, que es la especialidad en la que, por el momento, mejores resultados ha conseguido, su primera incursi\u00f3n \u2018seria\u2019 en el BTT ha dado, por lo menos, motivos para la ilusi\u00f3n. Es cierto que, tras un arranque prometedor, a Orts le cost\u00f3 hacerse con un primer triunfo y tambi\u00e9n lo es que su aparici\u00f3n en la Copa del Mundo de Val di Sole se sald\u00f3 con una decepci\u00f3n debido a las aver\u00edas.<\/p>   <p>Pero la que ahora se ha cerrado era, \u00fanicamente, la primera campa\u00f1a de Felipe Orts en la bici de monta\u00f1a y tiempo habr\u00e1 para juzgar si el salto al vac\u00edo protagonizado <a href=\"https:\/\/cadenaser.com\/comunitat-valenciana\/2023\/12\/21\/la-vila-joiosa-sera-el-principal-patrocinador-de-felipe-orts-radio-benidorm\/\" target=\"_blank\" rel=\"noopener\">al cambiar el Burgos-BH por su propio Forts Team<\/a> ha merecido la pena.<\/p>   <p>Donde, como estaba previsto, ha sido menos prol\u00edfico en presencias ha sido en el gravel, una especialidad que est\u00e1 tomando mucha fama en los \u00faltimos a\u00f1os y en cuyo primer Campeonato de Espa\u00f1a de la historia se dieron citas grandes nombres del ciclismo espa\u00f1ol.<\/p>   <p>     .c-w{         max-width:444px;         width:100%;         margin:16px auto;      background:#00755E;         border-radius:4px;         display:flex;         align-items:center;         justify-content:center;     }     .c-w a{         display:flex;         align-items:center;         justify-content:center;         padding:4px 24px;     }     .c-w img{         width:24px;         margin-right:12px;     }     .c-w p{         font:18px\/25px Poppins;         text-align:center;         color:#fff;         margin:0;     }     @media (max-width:444px){         .c-w a{             padding:4px 12px;         }         .c-w img{             width:24px;             margin-right:8px;         }         .c-w p{             font:14px\/25px Poppins;         }     }     @media (max-width:335px){         .c-w p{             font:13px\/25px Poppins;         }     }  <div class=\"c-w\">     <a href=\"https:\/\/www.whatsapp.com\/channel\/0029Va633PF9WtC4l7XUzh1e\" target=\"_blank\" rel=\"noopener\">         <img decoding=\"async\" src=\"https:\/\/cadenaser.com\/estaticos\/recursosgraficos\/responsive\/img\/ico-whatsapp.svg\" alt=\"Whatsapp\">         <p>\u00danete al <b>canal de WhatsApp<\/b> de la SER<\/p>     <\/a> <\/div><\/p>   <p>En Santo Domingo de Silos, Alejandro Valverde, \u2018El Bala\u2019, part\u00eda como el gran favorito, pero finalmente tuvo que conformarse con la segunda posici\u00f3n al verse superado en el sprint por Jos\u00e9 Miguel D\u00edaz Gallego. Sergio Mantec\u00f3n complet\u00f3 el podio.<\/p>   <p>Felipe Orts, que rod\u00f3 con los mejores hasta poco despu\u00e9s del ecuador de la jornada, entra en su particular \u2018modo invierno\u2019 tras hacerse con la 17\u00aa plaza.<\/p> ","protected":false},"excerpt":{"rendered":"<p>Jos\u00e9 Manuel D\u00edaz Gallego se impone a Alejandro Valverde en Santo Domingo de Silos<\/p>\n","protected":false},"author":0,"featured_media":8386,"comment_status":"open","ping_status":"open","sticky":false,"template":"","format":"standard","meta":{"_acf_changed":false,"footnotes":""},"categories":[16],"tags":[],"class_list":["post-8385","post","type-post","status-publish","format-standard","has-post-thumbnail","hentry","category-deportes"],"acf":{"ser_id":"VHZ4HCR3UVA5VIPEPOZDHXK2WE","ser_url":"https:\/\/cadenaser.com\/comunitat-valenciana\/2024\/09\/15\/felipe-orts-17-en-el-campeonato-de-espana-de-gravel-entra-en-modo-invierno-radio-benidorm\/"},"_links":{"self":[{"href":"https:\/\/serbenidorm.daliisolutions.com\/index.php\/wp-json\/wp\/v2\/posts\/8385","targetHints":{"allow":["GET"]}}],"collection":[{"href":"https:\/\/serbenidorm.daliisolutions.com\/index.php\/wp-json\/wp\/v2\/posts"}],"about":[{"href":"https:\/\/serbenidorm.daliisolutions.com\/index.php\/wp-json\/wp\/v2\/types\/post"}],"replies":[{"embeddable":true,"href":"https:\/\/serbenidorm.daliisolutions.com\/index.php\/wp-json\/wp\/v2\/comments?post=8385"}],"version-history":[{"count":0,"href":"https:\/\/serbenidorm.daliisolutions.com\/index.php\/wp-json\/wp\/v2\/posts\/8385\/revisions"}],"wp:featuredmedia":[{"embeddable":true,"href":"https:\/\/serbenidorm.daliisolutions.com\/index.php\/wp-json\/wp\/v2\/media\/8386"}],"wp:attachment":[{"href":"https:\/\/serbenidorm.daliisolutions.com\/index.php\/wp-json\/wp\/v2\/media?parent=8385"}],"wp:term":[{"taxonomy":"category","embeddable":true,"href":"https:\/\/serbenidorm.daliisolutions.com\/index.php\/wp-json\/wp\/v2\/categories?post=8385"},{"taxonomy":"post_tag","embeddable":true,"href":"https:\/\/serbenidorm.daliisolutions.com\/index.php\/wp-json\/wp\/v2\/tags?post=8385"}],"curies":[{"name":"wp","href":"https:\/\/api.w.org\/{rel}","templated":true}]}}