{"id":8387,"date":"2024-09-15T14:32:00","date_gmt":"2024-09-15T12:32:00","guid":{"rendered":"https:\/\/serbenidorm.daliisolutions.com\/index.php\/2024\/09\/15\/tablas-en-el-debut-del-c-f-benidorm-como-local\/"},"modified":"2024-09-15T14:32:00","modified_gmt":"2024-09-15T12:32:00","slug":"tablas-en-el-debut-del-c-f-benidorm-como-local","status":"publish","type":"post","link":"https:\/\/serbenidorm.daliisolutions.com\/index.php\/2024\/09\/15\/tablas-en-el-debut-del-c-f-benidorm-como-local\/","title":{"rendered":"Tablas en el debut del C.F. Benidorm como local"},"content":{"rendered":"  <p>Benidorm<\/p>   <p>Nadie dijo que la <a href=\"https:\/\/cadenaser.com\/tag\/tercera_division_real_federacion_espanola_futbol\/a\/\" target=\"_blank\" rel=\"noopener\">Tercera RFEF<\/a> fuera a ser, ni por asomo, el paseo militar en el que el C.F. Benidorm convirti\u00f3 su andadura del pasado a\u00f1o en la Lliga Comunitat. Tras <a href=\"https:\/\/cadenaser.com\/comunitat-valenciana\/2024\/09\/07\/un-golazo-de-jose-carlos-coloca-colider-al-cf-benidorm-radio-benidorm\/\" target=\"_blank\" rel=\"noopener\">la victoria de la primera jornada en casa del Patacona<\/a>, la euforia estaba disparada y, quiz\u00e1s y pensando a la larga, lo vivido en el Nou Pla de La Vila Joiosa le sirva al equipo del Guillermo Amor (al que regresar\u00e1 el d\u00eda 29 de septiembre) como aviso de que, por mucho que haya sido se\u00f1alado como aspirante a todo, este a\u00f1o va a tocar pelear, m\u00e1s si cabe, cada punto.<\/p>   <p>Como ya sucediera en la 2023-2024, el <a href=\"https:\/\/cadenaser.com\/tag\/club_futbol_benidorm\/a\/\" target=\"_blank\" rel=\"noopener\">C.F. Benidorm<\/a> tuvo que debutar como local actuando en el Nou Pla de La Vila Joiosa toda vez que el c\u00e9sped del Guillermo Amor todav\u00eda no est\u00e1 plenamente en condiciones tras el paso por all\u00ed del Low Festival.<\/p>   <p>Ante ellos, los de Miguel \u00c1ngel Mart\u00ednez ten\u00edan a un Vall d\u2019Ux\u00f3 que en la primera jornada no hab\u00eda pasada del 0-0 en casa ante el Roda y que ahora, en su segunda oportunidad, ha vuelto a repetir ese mismo resultado ante el C.F. Benidorm.<\/p>  <p><p>M\u00e1s informaci\u00f3n<\/p><figure><img loading=\"lazy\" decoding=\"async\" src=\"https:\/\/cadenaser.com\/resizer\/v2\/HJJZ2KEDYFDXXDKLIZUSTSU2PE.jpg?auth=8f8fcaeae2a4cc68672482186053651307ca3285d76b7bfb7efe1834bcacba1a&amp;quality=70&amp;width=360&amp;height=202&amp;smart=true\" width=\"820\" height=\"621\" \/><\/figure><ul><li><a href=\"https:\/\/cadenaser.com\/comunitat-valenciana\/2024\/09\/02\/todos-los-partidos-horarios-y-resultados-del-cf-benidorm-y-cf-la-nucia-radio-benidorm\/\"><span>Todos los partidos, horarios y resultados del C.F. Benidorm y C.F. La Nuc\u00eda<\/span><\/a><\/li><\/ul><\/p>   <p>Los de Benidorm har\u00e1n bien tomando nota de este resultado ya que la pr\u00f3xima semana afrontan una complicada visita a la cancha del Castellonense, un equipo que en las dos jornadas ya disputadas ha conseguido dejar su porter\u00eda a cero y que ha solventado sus dos partidos, ante el Villarreal y el Roda, por id\u00e9ntico 2-0.<\/p>   <p>Por lo tanto, y a falta de ir avanzando m\u00e1s en la competici\u00f3n liguera, ese partido ante el Castellonense va a suponer el primer gran term\u00f3metro para intuir d\u00f3nde podr\u00eda estar el C.F. Benidorm esta temporada.<\/p>   <p>     .c-w{         max-width:444px;         width:100%;         margin:16px auto;      background:#00755E;         border-radius:4px;         display:flex;         align-items:center;         justify-content:center;     }     .c-w a{         display:flex;         align-items:center;         justify-content:center;         padding:4px 24px;     }     .c-w img{         width:24px;         margin-right:12px;     }     .c-w p{         font:18px\/25px Poppins;         text-align:center;         color:#fff;         margin:0;     }     @media (max-width:444px){         .c-w a{             padding:4px 12px;         }         .c-w img{             width:24px;             margin-right:8px;         }         .c-w p{             font:14px\/25px Poppins;         }     }     @media (max-width:335px){         .c-w p{             font:13px\/25px Poppins;         }     }  <div class=\"c-w\">     <a href=\"https:\/\/www.whatsapp.com\/channel\/0029Va633PF9WtC4l7XUzh1e\" target=\"_blank\" rel=\"noopener\">         <img decoding=\"async\" src=\"https:\/\/cadenaser.com\/estaticos\/recursosgraficos\/responsive\/img\/ico-whatsapp.svg\" alt=\"Whatsapp\">         <p>\u00danete al <b>canal de WhatsApp<\/b> de la SER<\/p>     <\/a> <\/div><\/p> ","protected":false},"excerpt":{"rendered":"<p>Los de Miguel \u00c1ngel Mart\u00ednez no pudieron pasar del empate ante el Vall d\u2019Ux\u00f3 en el Nou Pla<\/p>\n","protected":false},"author":0,"featured_media":8388,"comment_status":"open","ping_status":"open","sticky":false,"template":"","format":"standard","meta":{"_acf_changed":false,"footnotes":""},"categories":[16],"tags":[],"class_list":["post-8387","post","type-post","status-publish","format-standard","has-post-thumbnail","hentry","category-deportes"],"acf":{"ser_id":"MKP3IPAD7FHGJOBKLE5JCWXESY","ser_url":"https:\/\/cadenaser.com\/comunitat-valenciana\/2024\/09\/15\/tablas-en-el-debut-del-cf-benidorm-como-local-radio-benidorm\/"},"_links":{"self":[{"href":"https:\/\/serbenidorm.daliisolutions.com\/index.php\/wp-json\/wp\/v2\/posts\/8387","targetHints":{"allow":["GET"]}}],"collection":[{"href":"https:\/\/serbenidorm.daliisolutions.com\/index.php\/wp-json\/wp\/v2\/posts"}],"about":[{"href":"https:\/\/serbenidorm.daliisolutions.com\/index.php\/wp-json\/wp\/v2\/types\/post"}],"replies":[{"embeddable":true,"href":"https:\/\/serbenidorm.daliisolutions.com\/index.php\/wp-json\/wp\/v2\/comments?post=8387"}],"version-history":[{"count":0,"href":"https:\/\/serbenidorm.daliisolutions.com\/index.php\/wp-json\/wp\/v2\/posts\/8387\/revisions"}],"wp:featuredmedia":[{"embeddable":true,"href":"https:\/\/serbenidorm.daliisolutions.com\/index.php\/wp-json\/wp\/v2\/media\/8388"}],"wp:attachment":[{"href":"https:\/\/serbenidorm.daliisolutions.com\/index.php\/wp-json\/wp\/v2\/media?parent=8387"}],"wp:term":[{"taxonomy":"category","embeddable":true,"href":"https:\/\/serbenidorm.daliisolutions.com\/index.php\/wp-json\/wp\/v2\/categories?post=8387"},{"taxonomy":"post_tag","embeddable":true,"href":"https:\/\/serbenidorm.daliisolutions.com\/index.php\/wp-json\/wp\/v2\/tags?post=8387"}],"curies":[{"name":"wp","href":"https:\/\/api.w.org\/{rel}","templated":true}]}}