{"id":8413,"date":"2024-09-16T14:31:59","date_gmt":"2024-09-16T12:31:59","guid":{"rendered":"https:\/\/serbenidorm.daliisolutions.com\/index.php\/2024\/09\/16\/la-historia-de-laura-una-vecina-de-benidorm-que-sigue-buscando-a-su-hijo-44-anos-despues\/"},"modified":"2024-09-16T14:31:59","modified_gmt":"2024-09-16T12:31:59","slug":"la-historia-de-laura-una-vecina-de-benidorm-que-sigue-buscando-a-su-hijo-44-anos-despues","status":"publish","type":"post","link":"https:\/\/serbenidorm.daliisolutions.com\/index.php\/2024\/09\/16\/la-historia-de-laura-una-vecina-de-benidorm-que-sigue-buscando-a-su-hijo-44-anos-despues\/","title":{"rendered":"La historia de Laura, una vecina de Benidorm que sigue buscando a su hijo 44 a\u00f1os despu\u00e9s"},"content":{"rendered":"  <p>Benidorm<\/p>   <p>Laura, que vive en Benidorm desde hace cinco a\u00f1os, dio a luz a su segundo hijo en el Hospital General de Alicante en 1980. A los dos d\u00edas de tenerlo junto a ella una enfermera a la que no hab\u00eda visto antes se lo llev\u00f3 para hacerle la prueba del tal\u00f3n. Su marido, al final de la jornada, insisti\u00f3 en ver al ni\u00f1o y conocer su estado. Lo expulsaron del centro hospitalario debido a su enfado y de madrugada les comunicaron por tel\u00e9fono que el ni\u00f1o hab\u00eda muerto.<\/p>   <p>Laura y su marido quer\u00edan enterrarlo en Villena, su ciudad natal, pero el hospital les asegur\u00f3 que tenia que ser en una fosa com\u00fan en la capital provincial. Ante su indignaci\u00f3n la respuesta, seg\u00fan cuenta todav\u00eda conmocionada la madre, fue que si no lo quer\u00edan enterrar en la fosa el cuerpo ser\u00eda utilizado para experimentos. As\u00ed pues aceptaron la propuesta y les entregaron una caja precintada.<\/p>   <p>En 2023 Laura consigui\u00f3 que un juzgado ordenara practicar una diligencia de exhumaci\u00f3n en el lugar donde presuntamente hab\u00edan depositado a su hijo y en la caja se hallaron los restos de un brazo de adulto. Sin embargo, la investigaci\u00f3n fue cerrada.<\/p>   <p>Casi 200 familias afectadas en la Marina Baixa y un limbo jur\u00eddico<\/p>   <p>La Asociaci\u00f3n de V\u00edctimas de Beb\u00e9s Robados y Adopciones Irregulares de Alicante (AVA) ha llevado a cabo un censo de inhumaciones de fetos y beb\u00e9s en el cementerio de Alicante desde 1951 hasta 1990. <a href=\"https:\/\/cadenaser.com\/tag\/benidorm\/a\/\" target=\"_blank\" rel=\"noopener\">Ese estudio refleja que al menos 192 enterramientos afectan a familias de la Marina Baixa y hasta 65 de Benidorm<\/a>.<\/p>   <p>Este colectivo que las agrupa participa activamente en la b\u00fasqueda empleando todos sus recursos reivindica, entre otras cosas, una ley estatal que recoja la apertura de exhumaciones para resolver la veracidad del fallecimiento y devolver los restos a sus familias o, en su caso, investigar el paradero del beb\u00e9, como ha explicado su secretario Paco Alarc\u00f3n.<\/p>   <p>     .c-w{         max-width:444px;         width:100%;         margin:16px auto;      background:#00755E;         border-radius:4px;         display:flex;         align-items:center;         justify-content:center;     }     .c-w a{         display:flex;         align-items:center;         justify-content:center;         padding:4px 24px;     }     .c-w img{         width:24px;         margin-right:12px;     }     .c-w p{         font:18px\/25px Poppins;         text-align:center;         color:#fff;         margin:0;     }     @media (max-width:444px){         .c-w a{             padding:4px 12px;         }         .c-w img{             width:24px;             margin-right:8px;         }         .c-w p{             font:14px\/25px Poppins;         }     }     @media (max-width:335px){         .c-w p{             font:13px\/25px Poppins;         }     }  <div class=\"c-w\">     <a href=\"https:\/\/www.whatsapp.com\/channel\/0029Va633PF9WtC4l7XUzh1e\" target=\"_blank\" rel=\"noopener\">         <img decoding=\"async\" src=\"https:\/\/cadenaser.com\/estaticos\/recursosgraficos\/responsive\/img\/ico-whatsapp.svg\" alt=\"Whatsapp\">         <p>\u00danete al <b>canal de WhatsApp<\/b> de la SER<\/p>     <\/a> <\/div><\/p> ","protected":false},"excerpt":{"rendered":"<p>Le dijeron que hab\u00eda muerto a los pocos d\u00edas de nacer y en 2013 una exhumaci\u00f3n demostr\u00f3 que no estaba enterrado<\/p>\n","protected":false},"author":0,"featured_media":8414,"comment_status":"open","ping_status":"open","sticky":false,"template":"","format":"standard","meta":{"_acf_changed":false,"footnotes":""},"categories":[1],"tags":[],"class_list":["post-8413","post","type-post","status-publish","format-standard","has-post-thumbnail","hentry","category-sin-categoria"],"acf":{"ser_id":"AFDQRPWRYJD6VO47HAVFUX5B3A","ser_url":"https:\/\/cadenaser.com\/comunitat-valenciana\/2024\/09\/16\/la-historia-de-laura-una-vecina-de-benidorm-que-sigue-buscando-a-su-hijo-44-anos-despues-radio-benidorm\/"},"_links":{"self":[{"href":"https:\/\/serbenidorm.daliisolutions.com\/index.php\/wp-json\/wp\/v2\/posts\/8413","targetHints":{"allow":["GET"]}}],"collection":[{"href":"https:\/\/serbenidorm.daliisolutions.com\/index.php\/wp-json\/wp\/v2\/posts"}],"about":[{"href":"https:\/\/serbenidorm.daliisolutions.com\/index.php\/wp-json\/wp\/v2\/types\/post"}],"replies":[{"embeddable":true,"href":"https:\/\/serbenidorm.daliisolutions.com\/index.php\/wp-json\/wp\/v2\/comments?post=8413"}],"version-history":[{"count":0,"href":"https:\/\/serbenidorm.daliisolutions.com\/index.php\/wp-json\/wp\/v2\/posts\/8413\/revisions"}],"wp:featuredmedia":[{"embeddable":true,"href":"https:\/\/serbenidorm.daliisolutions.com\/index.php\/wp-json\/wp\/v2\/media\/8414"}],"wp:attachment":[{"href":"https:\/\/serbenidorm.daliisolutions.com\/index.php\/wp-json\/wp\/v2\/media?parent=8413"}],"wp:term":[{"taxonomy":"category","embeddable":true,"href":"https:\/\/serbenidorm.daliisolutions.com\/index.php\/wp-json\/wp\/v2\/categories?post=8413"},{"taxonomy":"post_tag","embeddable":true,"href":"https:\/\/serbenidorm.daliisolutions.com\/index.php\/wp-json\/wp\/v2\/tags?post=8413"}],"curies":[{"name":"wp","href":"https:\/\/api.w.org\/{rel}","templated":true}]}}