{"id":8415,"date":"2024-09-16T14:32:00","date_gmt":"2024-09-16T12:32:00","guid":{"rendered":"https:\/\/serbenidorm.daliisolutions.com\/index.php\/2024\/09\/16\/asi-son-las-nuevas-zonas-de-sombra-que-se-estan-instalando-en-benidorm\/"},"modified":"2024-09-16T14:32:00","modified_gmt":"2024-09-16T12:32:00","slug":"asi-son-las-nuevas-zonas-de-sombra-que-se-estan-instalando-en-benidorm","status":"publish","type":"post","link":"https:\/\/serbenidorm.daliisolutions.com\/index.php\/2024\/09\/16\/asi-son-las-nuevas-zonas-de-sombra-que-se-estan-instalando-en-benidorm\/","title":{"rendered":"As\u00ed son las nuevas zonas de sombra que se est\u00e1n instalando en Benidorm"},"content":{"rendered":"  <p>Benidorm<\/p>   <p>El Ayuntamiento de Benidorm ha comenzado ya a instalar m\u00e1s zonas de sombra en los parques infantiles de la ciudad y a ampliar algunas de las existentes \u00abpara mayor confort de los usuarios m\u00e1s peque\u00f1os y su bienestar cuando hacen uso de estas instalaciones\u00bb. Una actuaci\u00f3n que fue anunciada a finales del pasado mes de agosto y que ahora empieza a ser una realidad.<\/p>   <p>El concejal Jos\u00e9 Ram\u00f3n Gonz\u00e1lez de Z\u00e1rate ha explicado que \u201cera algo que los usuarios nos hab\u00edan venido reivindicando en varias ocasiones y mejorar\u00e1 las condiciones de uso de los parques, en especial las zonas de columpios en la que suelen jugar los m\u00e1s peque\u00f1os\u201d. <\/p>  <p><p>M\u00e1s informaci\u00f3n<\/p><figure><img loading=\"lazy\" decoding=\"async\" src=\"https:\/\/cadenaser.com\/resizer\/v2\/HCGFBA6QJBFLZKHWBRQOXPUEB4.jpeg?auth=d6de10abda04c2e52c903670f2131403790b56fedd3fef35cb96fa0d1f53b93e&amp;quality=70&amp;width=360&amp;height=202&amp;smart=true\" width=\"820\" height=\"621\" \/><\/figure><ul><li><a href=\"https:\/\/cadenaser.com\/comunitat-valenciana\/2024\/09\/16\/la-historia-de-laura-una-vecina-de-benidorm-que-sigue-buscando-a-su-hijo-44-anos-despues-radio-benidorm\/\"><span>La historia de Laura, una vecina de Benidorm que sigue buscando a su hijo 44 a\u00f1os despu\u00e9s<\/span><\/a><\/li><\/ul><\/p>   <p>El concejal a\u00f1ad\u00eda que \u201caunque preferimos que las zonas de sombra lo sean gracias a la vegetaci\u00f3n natural y arbolado, hay veces en las que esto no es posible y de ah\u00ed que actuemos as\u00ed\u201d. <a href=\"https:\/\/cadenaser.com\/tag\/benidorm\/a\/\" target=\"_blank\" rel=\"noopener\">La instalaci\u00f3n, aunque var\u00eda seg\u00fan los emplazamientos, consiste en unas columnas met\u00e1licas ancladas al suelo a las que van sujetas unas lonas con forma de vela encargadas de proyectar la sombra<\/a>.<\/p>   <p>Gonz\u00e1lez de Z\u00e1rate ha precisado que las labores ya se han hecho con anterioridad en varios parques \u201cy ahora estamos interviniendo en Foietes\u201d. La previsi\u00f3n, ha indicado el edil, es que las nuevas zonas de sombra est\u00e9n finalizadas \u201ca lo largo de los meses de septiembre y octubre\u201d. <\/p>   <p>La actuaci\u00f3n, seg\u00fan ha recordado el edil de Parques y Jardines, se ha hecho posible gracias a la reciente modificaci\u00f3n presupuestaria aprobada en junio para aprovechar los remanentes de tesorer\u00eda del a\u00f1o pasado, \u201cque nos ha permitido invertir en cuestiones necesarias para la ciudad, como es el caso de estas zonas de sombra en los parques infantiles\u201d.<\/p>   <p>     .c-w{         max-width:444px;         width:100%;         margin:16px auto;      background:#00755E;         border-radius:4px;         display:flex;         align-items:center;         justify-content:center;     }     .c-w a{         display:flex;         align-items:center;         justify-content:center;         padding:4px 24px;     }     .c-w img{         width:24px;         margin-right:12px;     }     .c-w p{         font:18px\/25px Poppins;         text-align:center;         color:#fff;         margin:0;     }     @media (max-width:444px){         .c-w a{             padding:4px 12px;         }         .c-w img{             width:24px;             margin-right:8px;         }         .c-w p{             font:14px\/25px Poppins;         }     }     @media (max-width:335px){         .c-w p{             font:13px\/25px Poppins;         }     }  <div class=\"c-w\">     <a href=\"https:\/\/www.whatsapp.com\/channel\/0029Va633PF9WtC4l7XUzh1e\" target=\"_blank\" rel=\"noopener\">         <img decoding=\"async\" src=\"https:\/\/cadenaser.com\/estaticos\/recursosgraficos\/responsive\/img\/ico-whatsapp.svg\" alt=\"Whatsapp\">         <p>\u00danete al <b>canal de WhatsApp<\/b> de la SER<\/p>     <\/a> <\/div><\/p> ","protected":false},"excerpt":{"rendered":"<p>Primeros trabajos en el parque de Foietes<\/p>\n","protected":false},"author":0,"featured_media":8416,"comment_status":"open","ping_status":"open","sticky":false,"template":"","format":"standard","meta":{"_acf_changed":false,"footnotes":""},"categories":[1],"tags":[],"class_list":["post-8415","post","type-post","status-publish","format-standard","has-post-thumbnail","hentry","category-sin-categoria"],"acf":{"ser_id":"TNLN3FJJ6JDJVM345MDGXXC6JE","ser_url":"https:\/\/cadenaser.com\/comunitat-valenciana\/2024\/09\/16\/asi-son-las-nuevas-zonas-de-sombra-que-se-estan-instalando-en-benidorm-radio-benidorm\/"},"_links":{"self":[{"href":"https:\/\/serbenidorm.daliisolutions.com\/index.php\/wp-json\/wp\/v2\/posts\/8415","targetHints":{"allow":["GET"]}}],"collection":[{"href":"https:\/\/serbenidorm.daliisolutions.com\/index.php\/wp-json\/wp\/v2\/posts"}],"about":[{"href":"https:\/\/serbenidorm.daliisolutions.com\/index.php\/wp-json\/wp\/v2\/types\/post"}],"replies":[{"embeddable":true,"href":"https:\/\/serbenidorm.daliisolutions.com\/index.php\/wp-json\/wp\/v2\/comments?post=8415"}],"version-history":[{"count":0,"href":"https:\/\/serbenidorm.daliisolutions.com\/index.php\/wp-json\/wp\/v2\/posts\/8415\/revisions"}],"wp:featuredmedia":[{"embeddable":true,"href":"https:\/\/serbenidorm.daliisolutions.com\/index.php\/wp-json\/wp\/v2\/media\/8416"}],"wp:attachment":[{"href":"https:\/\/serbenidorm.daliisolutions.com\/index.php\/wp-json\/wp\/v2\/media?parent=8415"}],"wp:term":[{"taxonomy":"category","embeddable":true,"href":"https:\/\/serbenidorm.daliisolutions.com\/index.php\/wp-json\/wp\/v2\/categories?post=8415"},{"taxonomy":"post_tag","embeddable":true,"href":"https:\/\/serbenidorm.daliisolutions.com\/index.php\/wp-json\/wp\/v2\/tags?post=8415"}],"curies":[{"name":"wp","href":"https:\/\/api.w.org\/{rel}","templated":true}]}}