{"id":8417,"date":"2024-09-16T14:32:01","date_gmt":"2024-09-16T12:32:01","guid":{"rendered":"https:\/\/serbenidorm.daliisolutions.com\/index.php\/2024\/09\/16\/violacion-en-benidorm-condenado-a-seis-anos-de-carcel-tras-la-rebaja-de-la-pena-por-embriaguez\/"},"modified":"2024-09-16T14:32:01","modified_gmt":"2024-09-16T12:32:01","slug":"violacion-en-benidorm-condenado-a-seis-anos-de-carcel-tras-la-rebaja-de-la-pena-por-embriaguez","status":"publish","type":"post","link":"https:\/\/serbenidorm.daliisolutions.com\/index.php\/2024\/09\/16\/violacion-en-benidorm-condenado-a-seis-anos-de-carcel-tras-la-rebaja-de-la-pena-por-embriaguez\/","title":{"rendered":"Violaci\u00f3n en Benidorm: condenado a seis a\u00f1os de c\u00e1rcel tras la rebaja de la pena por embriaguez"},"content":{"rendered":"  <p>Benidorm<\/p>   <p>Un hombre ha aceptado la pena de seis a\u00f1os de prisi\u00f3n por agredir sexualmente a una mujer a la que hab\u00eda conocido <a href=\"https:\/\/cadenaser.com\/tag\/benidorm\/a\/\" target=\"_blank\" rel=\"noopener\">en una calle de Benidorm<\/a>, junto a un amiga, a las que el acusado acord\u00f3 acompa\u00f1ar a su domicilio para consumir bebidas alcoh\u00f3licas.<\/p>   <p>Los hechos tuvieron lugar el 30 de diciembre de 2023 cuando, de acuerdo con el relato de la Fiscal\u00eda, el acusado entabl\u00f3 conversaci\u00f3n la noche de ese d\u00eda con la v\u00edctima y una amiga cuando ambas regresaban a su domicilio y todos ellos fueron al mismo a tomar unas copas.<\/p>  <p><p>M\u00e1s informaci\u00f3n<\/p><figure><img loading=\"lazy\" decoding=\"async\" src=\"https:\/\/cadenaser.com\/resizer\/v2\/TNCBXADB7BBAHMOXV3JVLBZMYE.jpg?auth=5207a8b1a4b98f264cfaf10d99e6fa1196b71672293c74a0c1f898e6035eec79&amp;quality=70&amp;width=360&amp;height=202&amp;smart=true\" width=\"820\" height=\"621\" \/><\/figure><ul><li><a href=\"https:\/\/cadenaser.com\/comunitat-valenciana\/2024\/09\/16\/asi-son-las-nuevas-zonas-de-sombra-que-se-estan-instalando-en-benidorm-radio-benidorm\/\"><span>As\u00ed son las nuevas zonas de sombra que se est\u00e1n instalando en Benidorm<\/span><\/a><\/li><\/ul><\/p>   <p>Seg\u00fan la versi\u00f3n de la acusaci\u00f3n p\u00fablica, en un momento dado, cuando el procesado se encontraba a solas con la perjudicada, se abalanz\u00f3 sobre ella y la agredi\u00f3 sexualmente.<\/p>   <p>La chica comenz\u00f3 a pedir auxilio y su amiga fue en su ayuda hasta el punto de golpear al procesado con un martillo de cabeza en la cabeza para tratar de que depusiera su actitud y se apartase de la v\u00edctima. A continuaci\u00f3n, lleg\u00f3 un compa\u00f1ero de piso al domicilio que pudo retener al acusado hasta la llegada de la Polic\u00eda, que practic\u00f3 su detenci\u00f3n.<\/p>   <p>El encausado ha asumido la autor\u00eda de los hechos tras alcanzar un acuerdo de conformidad con la Fiscal\u00eda, en el que se ha aplicado una rebaja de la pena de diez a\u00f1os solicitada inicialmente una vez considerada la atenuante de embriaguez alegada por la defensa. Al margen de los seis a\u00f1os de privaci\u00f3n de libertad, el acuerdo establece que el encausado indemnizar\u00e1 a la v\u00edctima en la cantidad de 15.000 euros por los da\u00f1os morales ocasionados, as\u00ed como otros 500 por las heridas producidas.<\/p>   <p>     .c-w{         max-width:444px;         width:100%;         margin:16px auto;      background:#00755E;         border-radius:4px;         display:flex;         align-items:center;         justify-content:center;     }     .c-w a{         display:flex;         align-items:center;         justify-content:center;         padding:4px 24px;     }     .c-w img{         width:24px;         margin-right:12px;     }     .c-w p{         font:18px\/25px Poppins;         text-align:center;         color:#fff;         margin:0;     }     @media (max-width:444px){         .c-w a{             padding:4px 12px;         }         .c-w img{             width:24px;             margin-right:8px;         }         .c-w p{             font:14px\/25px Poppins;         }     }     @media (max-width:335px){         .c-w p{             font:13px\/25px Poppins;         }     }  <div class=\"c-w\">     <a href=\"https:\/\/www.whatsapp.com\/channel\/0029Va633PF9WtC4l7XUzh1e\" target=\"_blank\" rel=\"noopener\">         <img decoding=\"async\" src=\"https:\/\/cadenaser.com\/estaticos\/recursosgraficos\/responsive\/img\/ico-whatsapp.svg\" alt=\"Whatsapp\">         <p>\u00danete al <b>canal de WhatsApp<\/b> de la SER<\/p>     <\/a> <\/div><\/p> ","protected":false},"excerpt":{"rendered":"<p>Se le ha aplicado la atenuante y ha llegado a un acuerdo con la fiscal\u00eda<\/p>\n","protected":false},"author":0,"featured_media":8418,"comment_status":"open","ping_status":"open","sticky":false,"template":"","format":"standard","meta":{"_acf_changed":false,"footnotes":""},"categories":[1],"tags":[],"class_list":["post-8417","post","type-post","status-publish","format-standard","has-post-thumbnail","hentry","category-sin-categoria"],"acf":{"ser_id":"WBSQ66EORVHTDFKSETVJDFOL6Q","ser_url":"https:\/\/cadenaser.com\/comunitat-valenciana\/2024\/09\/16\/violacion-en-benidorm-condenado-a-seis-anos-de-carcel-tras-la-rebaja-de-la-pena-por-embriaguez-radio-benidorm\/"},"_links":{"self":[{"href":"https:\/\/serbenidorm.daliisolutions.com\/index.php\/wp-json\/wp\/v2\/posts\/8417","targetHints":{"allow":["GET"]}}],"collection":[{"href":"https:\/\/serbenidorm.daliisolutions.com\/index.php\/wp-json\/wp\/v2\/posts"}],"about":[{"href":"https:\/\/serbenidorm.daliisolutions.com\/index.php\/wp-json\/wp\/v2\/types\/post"}],"replies":[{"embeddable":true,"href":"https:\/\/serbenidorm.daliisolutions.com\/index.php\/wp-json\/wp\/v2\/comments?post=8417"}],"version-history":[{"count":0,"href":"https:\/\/serbenidorm.daliisolutions.com\/index.php\/wp-json\/wp\/v2\/posts\/8417\/revisions"}],"wp:featuredmedia":[{"embeddable":true,"href":"https:\/\/serbenidorm.daliisolutions.com\/index.php\/wp-json\/wp\/v2\/media\/8418"}],"wp:attachment":[{"href":"https:\/\/serbenidorm.daliisolutions.com\/index.php\/wp-json\/wp\/v2\/media?parent=8417"}],"wp:term":[{"taxonomy":"category","embeddable":true,"href":"https:\/\/serbenidorm.daliisolutions.com\/index.php\/wp-json\/wp\/v2\/categories?post=8417"},{"taxonomy":"post_tag","embeddable":true,"href":"https:\/\/serbenidorm.daliisolutions.com\/index.php\/wp-json\/wp\/v2\/tags?post=8417"}],"curies":[{"name":"wp","href":"https:\/\/api.w.org\/{rel}","templated":true}]}}