{"id":8433,"date":"2024-09-16T18:50:31","date_gmt":"2024-09-16T16:50:31","guid":{"rendered":"https:\/\/serbenidorm.daliisolutions.com\/index.php\/2024\/09\/16\/la-historia-de-pilar-todo-benidorm-sabia-que-era-adoptada-menos-yo\/"},"modified":"2024-09-16T18:50:31","modified_gmt":"2024-09-16T16:50:31","slug":"la-historia-de-pilar-todo-benidorm-sabia-que-era-adoptada-menos-yo","status":"publish","type":"post","link":"https:\/\/serbenidorm.daliisolutions.com\/index.php\/2024\/09\/16\/la-historia-de-pilar-todo-benidorm-sabia-que-era-adoptada-menos-yo\/","title":{"rendered":"La historia de Pilar: \u00abTodo Benidorm sab\u00eda que era adoptada menos yo\u00bb"},"content":{"rendered":"  <p>Benidorm<\/p>   <p>Pilar se enter\u00f3 de que era adoptada cuando ten\u00eda 19 a\u00f1os durante una discusi\u00f3n con su pareja. La inquietud y necesidad por saber quien era le lleva a emprender una b\u00fasqueda que se prolongar\u00eda durante 33 a\u00f1os. Un proceso complejo en una \u00e9poca en la que no hab\u00eda internet y que le llev\u00f3 a organismos como la Diputaci\u00f3n de Alicante o la iglesia.<\/p>   <p>En el registro vio unos apellidos que pens\u00f3 que eran suyos y localiza en las p\u00e1ginas blancas a un hombre con los mismos que resulta ser funcionario del Hogar Provincial y no tiene ninguna relaci\u00f3n con ella. Un nuevo caso de adopci\u00f3n irregular con falsedad documental.<\/p>   <p>El siguiente hilo del que tirar fue una cita con m\u00e1s de 200 afectados para realizarse una prueba de ADN. Un \u00e1pice de esperanza que finalmente no produjo encuentros de padres e hijos biol\u00f3gicos. No fue hasta que recurri\u00f3 a un banco de ADN privado en Estados Unidos que le pone en contacto con el hijo de un primo segundo: \u00abToda la familia se pone en movimiento y consigo encontrar a mi madre\u00bb.<\/p>   <p>Una madre que en el momento del embarazo era menor de edad y fuera del embarazo. En definitiva, una situaci\u00f3n social y familiar complicada: \u00abEl dolor de una madre es grande, pero tambi\u00e9n el de un hermano\u00bb, relata emocionada: \u00abMi padre le dijo antes de morir que buscara a su hermana\u00bb. Toda la historia de Pilar se ha convertido finalmente en el libro \u00abB\u00fascame entre los olivos\u00bb.<\/p>   <p>La necesidad de un banco de datos nacional<\/p>   <p>La <a href=\"https:\/\/cadenaser.com\/tag\/comarca_la_marina_baixa\/a\/\" target=\"_blank\" rel=\"noopener\">Asociaci\u00f3n de V\u00edctimas de Beb\u00e9s Robados y Adopciones Irregulares de Alicante (AVA)<\/a> participa activamente en la b\u00fasqueda de los afectados empleando todos sus recursos reivindica, entre otras cosas, una ley estatal que recoja un banco estatal de ADN para contener los perfiles de progenitoras que buscan descendientes y adoptadas que buscan sus or\u00edgenes, como ha explicado su secretario Paco Alarc\u00f3n.<\/p>   <p>     .c-w{         max-width:444px;         width:100%;         margin:16px auto;      background:#00755E;         border-radius:4px;         display:flex;         align-items:center;         justify-content:center;     }     .c-w a{         display:flex;         align-items:center;         justify-content:center;         padding:4px 24px;     }     .c-w img{         width:24px;         margin-right:12px;     }     .c-w p{         font:18px\/25px Poppins;         text-align:center;         color:#fff;         margin:0;     }     @media (max-width:444px){         .c-w a{             padding:4px 12px;         }         .c-w img{             width:24px;             margin-right:8px;         }         .c-w p{             font:14px\/25px Poppins;         }     }     @media (max-width:335px){         .c-w p{             font:13px\/25px Poppins;         }     }  <div class=\"c-w\">     <a href=\"https:\/\/www.whatsapp.com\/channel\/0029Va633PF9WtC4l7XUzh1e\" target=\"_blank\" rel=\"noopener\">         <img decoding=\"async\" src=\"https:\/\/cadenaser.com\/estaticos\/recursosgraficos\/responsive\/img\/ico-whatsapp.svg\" alt=\"Whatsapp\">         <p>\u00danete al <b>canal de WhatsApp<\/b> de la SER<\/p>     <\/a> <\/div><\/p> ","protected":false},"excerpt":{"rendered":"<p>Consigui\u00f3 encontrar a su familia biol\u00f3gica tras 33 a\u00f1os de b\u00fasqueda y lo ha relatado en un libro<\/p>\n","protected":false},"author":0,"featured_media":8434,"comment_status":"open","ping_status":"open","sticky":false,"template":"","format":"standard","meta":{"_acf_changed":false,"footnotes":""},"categories":[1],"tags":[],"class_list":["post-8433","post","type-post","status-publish","format-standard","has-post-thumbnail","hentry","category-sin-categoria"],"acf":{"ser_id":"7T2HAEOWDJCM5MYGX2R5DM5DBM","ser_url":"https:\/\/cadenaser.com\/comunitat-valenciana\/2024\/09\/16\/la-historia-de-pilar-todo-benidorm-sabia-que-era-adoptada-menos-yo-radio-benidorm\/"},"_links":{"self":[{"href":"https:\/\/serbenidorm.daliisolutions.com\/index.php\/wp-json\/wp\/v2\/posts\/8433","targetHints":{"allow":["GET"]}}],"collection":[{"href":"https:\/\/serbenidorm.daliisolutions.com\/index.php\/wp-json\/wp\/v2\/posts"}],"about":[{"href":"https:\/\/serbenidorm.daliisolutions.com\/index.php\/wp-json\/wp\/v2\/types\/post"}],"replies":[{"embeddable":true,"href":"https:\/\/serbenidorm.daliisolutions.com\/index.php\/wp-json\/wp\/v2\/comments?post=8433"}],"version-history":[{"count":0,"href":"https:\/\/serbenidorm.daliisolutions.com\/index.php\/wp-json\/wp\/v2\/posts\/8433\/revisions"}],"wp:featuredmedia":[{"embeddable":true,"href":"https:\/\/serbenidorm.daliisolutions.com\/index.php\/wp-json\/wp\/v2\/media\/8434"}],"wp:attachment":[{"href":"https:\/\/serbenidorm.daliisolutions.com\/index.php\/wp-json\/wp\/v2\/media?parent=8433"}],"wp:term":[{"taxonomy":"category","embeddable":true,"href":"https:\/\/serbenidorm.daliisolutions.com\/index.php\/wp-json\/wp\/v2\/categories?post=8433"},{"taxonomy":"post_tag","embeddable":true,"href":"https:\/\/serbenidorm.daliisolutions.com\/index.php\/wp-json\/wp\/v2\/tags?post=8433"}],"curies":[{"name":"wp","href":"https:\/\/api.w.org\/{rel}","templated":true}]}}