{"id":8435,"date":"2024-09-16T18:50:32","date_gmt":"2024-09-16T16:50:32","guid":{"rendered":"https:\/\/serbenidorm.daliisolutions.com\/index.php\/2024\/09\/16\/preocupacion-de-los-hoteleros-de-benidorm-y-la-comunitat-valenciana-ante-la-nueva-normativa-de-control-de-viajeros\/"},"modified":"2024-09-16T18:50:32","modified_gmt":"2024-09-16T16:50:32","slug":"preocupacion-de-los-hoteleros-de-benidorm-y-la-comunitat-valenciana-ante-la-nueva-normativa-de-control-de-viajeros","status":"publish","type":"post","link":"https:\/\/serbenidorm.daliisolutions.com\/index.php\/2024\/09\/16\/preocupacion-de-los-hoteleros-de-benidorm-y-la-comunitat-valenciana-ante-la-nueva-normativa-de-control-de-viajeros\/","title":{"rendered":"Preocupaci\u00f3n de los hoteleros de Benidorm y la Comunitat Valenciana ante la nueva normativa de control de viajeros"},"content":{"rendered":"  <p>Benidorm<\/p>   <p>A solo dos semanas de la entrada en vigor de la \u00faltima pr\u00f3rroga del Real Decreto en el que se exige solicitar datos a los subsectores del sector tur\u00edstico, la Confederaci\u00f3n Espa\u00f1ola de Hoteles y Alojamientos Tur\u00edsticos (CEHAT) y todas las patronales implicadas, entre ellas Hosbec,\u00a0manifiestan su oposici\u00f3n a dicha normativa por el caos que producir\u00eda su  implementaci\u00f3n y debido a la imposibilidad, aseguran, de su cumplimiento.<br \/>  <br \/> Este Real Decreto, ha explicado Hosbec en un comunicado, se\u00f1alaba que habr\u00eda un posterior desarrollo por orden  ministerial de cu\u00e1les deber\u00edan ser los datos que se aporten por cada uno de los subsectores del turismo (alojamiento, coches de alquiler, agencias de viajes, plataformas de intermediaci\u00f3n, campings o pisos tur\u00edsticos). <\/p>  <p><p>M\u00e1s informaci\u00f3n<\/p><figure><img loading=\"lazy\" decoding=\"async\" src=\"https:\/\/cadenaser.com\/resizer\/v2\/HZC4O4JON5CEJM46OHQSGTLT4M.JPG?auth=4bbfe9392466fa6860d27229dc7632e6a1e9f87f676b8287ab4045391a7ecd95&amp;quality=70&amp;width=360&amp;height=202&amp;smart=true\" width=\"820\" height=\"621\" \/><\/figure><ul><li><a href=\"https:\/\/cadenaser.com\/comunitat-valenciana\/2024\/08\/30\/yo-tambien-soy-turista-la-campana-que-aboga-por-la-convivencia-entre-turista-y-residente-se-presenta-en-benidorm-radio-benidorm\/\"><span>\u201cYo tambi\u00e9n soy turista\u201d: La campa\u00f1a que aboga por la convivencia entre turista y residente se presenta en Benidorm<\/span><\/a><\/li><\/ul><\/p>   <p>Sin embargo los hoteleros denuncian que a fecha de hoy este desarrollo legislativo no existe <a href=\"https:\/\/cadenaser.com\/tag\/hosbec_asociacion_empresarial_hostelera_benidorm_costa_blanca_comunidad_valenciana\/a\/\" target=\"_blank\" rel=\"noopener\">\u00abpor lo que se produce una  confusi\u00f3n generalizada con respecto a qu\u00e9 informaci\u00f3n ser\u00eda exigible y a la forma de remitirla\u00bb<\/a>.<br \/>  <br \/> El sector hotelero se encontr\u00f3 con la sorpresa de que ten\u00eda que facilitar datos no oficiales y que no aparecen en ninguno de  los documentos que portan los viajeros (DNI y pasaporte) tales como forma de pago, n\u00fameros de tarjeta de cr\u00e9dito, tel\u00e9fono m\u00f3vil o domicilio real. <\/p>   <p>Tal y como CEHAT viene se\u00f1alando desde hace meses, esto hace imposible remitirlos de forma automatizada, obligando a su registro y env\u00edo de forma manual y al consiguiente aumento de errores y trabajo desproporcionado de quienes los deben remitir. Los hoteleros advierten de la \u00abp\u00e9rdida de la fiabilidad de los datos de los que actualmente disponen los Cuerpos y Fuerzas de Seguridad del Estado para prevenir los delitos y el terrorismo\u00bb.<\/p> ","protected":false},"excerpt":{"rendered":"<p>Hosbec denuncia que es imposible automatizar el proceso <\/p>\n","protected":false},"author":0,"featured_media":8436,"comment_status":"open","ping_status":"open","sticky":false,"template":"","format":"standard","meta":{"_acf_changed":false,"footnotes":""},"categories":[1],"tags":[],"class_list":["post-8435","post","type-post","status-publish","format-standard","has-post-thumbnail","hentry","category-sin-categoria"],"acf":{"ser_id":"CCNH23SPLVBFHEFSLAGU6FMBKA","ser_url":"https:\/\/cadenaser.com\/comunitat-valenciana\/2024\/09\/16\/preocupacion-de-los-hoteleros-de-benidorm-y-la-comunitat-valenciana-ante-la-nueva-normativa-de-control-de-viajeros-radio-benidorm\/"},"_links":{"self":[{"href":"https:\/\/serbenidorm.daliisolutions.com\/index.php\/wp-json\/wp\/v2\/posts\/8435","targetHints":{"allow":["GET"]}}],"collection":[{"href":"https:\/\/serbenidorm.daliisolutions.com\/index.php\/wp-json\/wp\/v2\/posts"}],"about":[{"href":"https:\/\/serbenidorm.daliisolutions.com\/index.php\/wp-json\/wp\/v2\/types\/post"}],"replies":[{"embeddable":true,"href":"https:\/\/serbenidorm.daliisolutions.com\/index.php\/wp-json\/wp\/v2\/comments?post=8435"}],"version-history":[{"count":0,"href":"https:\/\/serbenidorm.daliisolutions.com\/index.php\/wp-json\/wp\/v2\/posts\/8435\/revisions"}],"wp:featuredmedia":[{"embeddable":true,"href":"https:\/\/serbenidorm.daliisolutions.com\/index.php\/wp-json\/wp\/v2\/media\/8436"}],"wp:attachment":[{"href":"https:\/\/serbenidorm.daliisolutions.com\/index.php\/wp-json\/wp\/v2\/media?parent=8435"}],"wp:term":[{"taxonomy":"category","embeddable":true,"href":"https:\/\/serbenidorm.daliisolutions.com\/index.php\/wp-json\/wp\/v2\/categories?post=8435"},{"taxonomy":"post_tag","embeddable":true,"href":"https:\/\/serbenidorm.daliisolutions.com\/index.php\/wp-json\/wp\/v2\/tags?post=8435"}],"curies":[{"name":"wp","href":"https:\/\/api.w.org\/{rel}","templated":true}]}}