{"id":8457,"date":"2024-09-18T08:32:22","date_gmt":"2024-09-18T06:32:22","guid":{"rendered":"https:\/\/serbenidorm.daliisolutions.com\/index.php\/2024\/09\/18\/benidorm-colocara-un-drenaje-inteligente-en-el-parking-disuasorio-de-beniarda-que-recuperara-el-agua-de-lluvia\/"},"modified":"2024-09-18T08:32:22","modified_gmt":"2024-09-18T06:32:22","slug":"benidorm-colocara-un-drenaje-inteligente-en-el-parking-disuasorio-de-beniarda-que-recuperara-el-agua-de-lluvia","status":"publish","type":"post","link":"https:\/\/serbenidorm.daliisolutions.com\/index.php\/2024\/09\/18\/benidorm-colocara-un-drenaje-inteligente-en-el-parking-disuasorio-de-beniarda-que-recuperara-el-agua-de-lluvia\/","title":{"rendered":"Benidorm colocar\u00e1 un drenaje inteligente en el parking disuasorio de Beniard\u00e1 que recuperara el agua de lluvia"},"content":{"rendered":"  <p>Benidorm<\/p>   <p>Benidorm destinar\u00e1 m\u00e1s de 2 millones de euros, procedentes de una subvenci\u00f3n supramunicipal, a remodelar el parking disuasorio de la avenida Beniard\u00e0 colocando un pavimento inteligente que permitir\u00e1 recuperar el agua de lluvia en \u00e9poca de precipitaciones. El proyecto se incluye dentro del Plan de Sostenibilidad Tur\u00edstica en Destino y se financiar\u00e1 al 100% con fondos europeos.<\/p>   <p>As\u00ed lo ha adelantado el edil de Movilidad, Francis Mu\u00f1oz, en Hoy por Hoy Benidorm donde tambi\u00e9n ha desgranando los actos previstos dentro de la Semana Europea de la Movilidad que se celebra del 16 al 22 de septiembre en Benidorm.<\/p>   <p><a href=\"https:\/\/cadenaser.com\/audio\/1698412943396\/\" target=\"_blank\" rel=\"noopener\">Mu\u00f1oz <\/a>ha indicado que el Ayuntamiento ya tiene elaborado el proyecto y que est\u00e1 pendiente de recibir autorizaci\u00f3n de Ferrocarrils de la Generalitat Valenciana y de la Confederaci\u00f3n Hidrogr\u00e1fica del J\u00facar\u201c para proceder inmediatamente a licitar y adjudicar la obra y que pueda comenzar lo m\u00e1s pronto posible\u201d. Una autorizaci\u00f3n que el edil asegura que llegar\u00e1 con car\u00e1cter positivo y \u201cen no mucho tiempo\u201d.<\/p>   <p>El proyecto contempla conservar las plazas de aparcamiento en superficie ya existentes pero reordenar\u00e1 su distribuci\u00f3n para hacerla m\u00e1s eficiente y sustituir\u00e1 el pavimento de tierra por un firme de aglomerado que tendr\u00e1 un drenaje sostenible.<\/p>   <p>Este aparcamiento servir\u00e1 como puerta de entrada a esa gran masa verde que es El Moralet y forma parte del proyecto de renaturalizaci\u00f3n de este parque. \u201cTodas las zonas de estacionamiento tendr\u00e1n un drenaje sostenible que, en episodios de lluvia, permitir\u00e1 absorber toda esa agua que ir\u00e1 a parar a nuestros acu\u00edferos y no se perder\u00e1\u201d, asevera el edil quien tambi\u00e9n apunta a que el nuevo firme aportar\u00e1 mayor comodidad al usuario porque \u201cnos evitar\u00e1 seguir levantando polvo\u201d y que el proyecto contempla tambi\u00e9n la creaci\u00f3n de nuevas zonas de sombra y vegetaci\u00f3n.<\/p>   <p>     .c-w{         max-width:444px;         width:100%;         margin:16px auto;      background:#00755E;         border-radius:4px;         display:flex;         align-items:center;         justify-content:center;     }     .c-w a{         display:flex;         align-items:center;         justify-content:center;         padding:4px 24px;     }     .c-w img{         width:24px;         margin-right:12px;     }     .c-w p{         font:18px\/25px Poppins;         text-align:center;         color:#fff;         margin:0;     }     @media (max-width:444px){         .c-w a{             padding:4px 12px;         }         .c-w img{             width:24px;             margin-right:8px;         }         .c-w p{             font:14px\/25px Poppins;         }     }     @media (max-width:335px){         .c-w p{             font:13px\/25px Poppins;         }     }  <div class=\"c-w\">     <a href=\"https:\/\/www.whatsapp.com\/channel\/0029Va633PF9WtC4l7XUzh1e\" target=\"_blank\" rel=\"noopener\">         <img decoding=\"async\" src=\"https:\/\/cadenaser.com\/estaticos\/recursosgraficos\/responsive\/img\/ico-whatsapp.svg\" alt=\"Whatsapp\">         <p>\u00danete al <b>canal de WhatsApp<\/b> de la SER<\/p>     <\/a> <\/div><\/p>   <p>Por otra parte, dentro de las actividades programadas por el Ayuntamiento con motivo de la Semana Europea de la Movilidad, desde primera hora de la ma\u00f1ana, en el Hort de Col\u00f3n, en pleno centro hist\u00f3rico, se ha instalado una carpa informativa con el objetivo de dar a conocer la <a href=\"https:\/\/cadenaser.com\/comunitat-valenciana\/2024\/09\/02\/todo-sobre-la-implantacion-de-la-zona-de-bajas-emisiones-en-benidorm-y-que-vehiculos-podran-acceder-a-ella-radio-benidorm\/\" target=\"_blank\" rel=\"noopener\">Zona de Bajas Emisiones (ZBE)<\/a> y sus subzonas a vecinos y curiosos que se han acercado, a quienes se le ha entregado el material informativo editado al efecto por el Ayuntamiento.<\/p>  <p><figure><img loading=\"lazy\" decoding=\"async\" src=\"https:\/\/cadenaser.com\/resizer\/v2\/DUKZKVBRBRADJFWEDKPSBKUIKY.jpg?auth=728fa49394d540b0067d70a54ce648c71b7d55a9b0e79e7108d3fadb35178e49&amp;quality=70&amp;width=650&amp;height=365&amp;smart=true\" width=\"16\" height=\"9\" \/><\/figure><button class=\"bt-am\">Ampliar<\/button><\/p>   <p>Asimismo, en la confluencia del CEIP Serra Aitana, personal de Movilidad, con la colaboraci\u00f3n de la Polic\u00eda Local, han monitoreado el acceso peatonal a la zona a trav\u00e9s de su itinerario escolar marcado, como en el resto de barrios de Benidorm, con los caracter\u00edsticos \u2018l\u00e1pices amarillos\u2019 que tienen por objetivo facilitar el acceso de los peque\u00f1os estudiantes y sus familiares al colegio.<\/p>  <p><figure><img loading=\"lazy\" decoding=\"async\" src=\"https:\/\/cadenaser.com\/resizer\/v2\/VS5EBAWBVBD5XMB3RXIC6RMGFY.jpg?auth=b20346b62972209f49ec53a716a9990bfc491498d5d3603076ad9d5bc7b4ebdd&amp;quality=70&amp;width=650&amp;height=365&amp;smart=true\" width=\"16\" height=\"9\" \/><\/figure><button class=\"bt-am\">Ampliar<\/button><\/p>   <p>La \u00faltima de las actividades ha sido una charla sobre el transporte p\u00fablico que se ha desarrollado en el edificio municipal de El Torrej\u00f3.<\/p>   <p>Ma\u00f1ana mi\u00e9rcoles seguir\u00e1n las actividades de la SEM. La carpa informativa se trasladar\u00e1 Mercasa, al mercadillo de Foietes donde permanecer\u00e1 desde las 8.00 hasta las 13.00 horas. Tambi\u00e9n seguir\u00e1 siendo gratuito el transbordo para j\u00f3venes con tarjeta ciudadana en las l\u00edneas de transporte urbano 1,2,5,6,7,8,9,11,26 y 42.<\/p> ","protected":false},"excerpt":{"rendered":"<p>El edil de Movilidad, Francis Mu\u00f1oz, indica que el proyecto ya est\u00e1 redactado y pendiente de una autorizaci\u00f3n supramunicipal<\/p>\n","protected":false},"author":0,"featured_media":8458,"comment_status":"open","ping_status":"open","sticky":false,"template":"","format":"standard","meta":{"_acf_changed":false,"footnotes":""},"categories":[1],"tags":[],"class_list":["post-8457","post","type-post","status-publish","format-standard","has-post-thumbnail","hentry","category-sin-categoria"],"acf":{"ser_id":"YZI2NFCY5RCMFE4PW2P24E4AGM","ser_url":"https:\/\/cadenaser.com\/comunitat-valenciana\/2024\/09\/17\/benidorm-colocara-un-drenaje-inteligente-en-el-parking-disuasorio-de-beniarda-que-recuperara-el-agua-de-lluvia-radio-benidorm\/"},"_links":{"self":[{"href":"https:\/\/serbenidorm.daliisolutions.com\/index.php\/wp-json\/wp\/v2\/posts\/8457","targetHints":{"allow":["GET"]}}],"collection":[{"href":"https:\/\/serbenidorm.daliisolutions.com\/index.php\/wp-json\/wp\/v2\/posts"}],"about":[{"href":"https:\/\/serbenidorm.daliisolutions.com\/index.php\/wp-json\/wp\/v2\/types\/post"}],"replies":[{"embeddable":true,"href":"https:\/\/serbenidorm.daliisolutions.com\/index.php\/wp-json\/wp\/v2\/comments?post=8457"}],"version-history":[{"count":0,"href":"https:\/\/serbenidorm.daliisolutions.com\/index.php\/wp-json\/wp\/v2\/posts\/8457\/revisions"}],"wp:featuredmedia":[{"embeddable":true,"href":"https:\/\/serbenidorm.daliisolutions.com\/index.php\/wp-json\/wp\/v2\/media\/8458"}],"wp:attachment":[{"href":"https:\/\/serbenidorm.daliisolutions.com\/index.php\/wp-json\/wp\/v2\/media?parent=8457"}],"wp:term":[{"taxonomy":"category","embeddable":true,"href":"https:\/\/serbenidorm.daliisolutions.com\/index.php\/wp-json\/wp\/v2\/categories?post=8457"},{"taxonomy":"post_tag","embeddable":true,"href":"https:\/\/serbenidorm.daliisolutions.com\/index.php\/wp-json\/wp\/v2\/tags?post=8457"}],"curies":[{"name":"wp","href":"https:\/\/api.w.org\/{rel}","templated":true}]}}