{"id":8461,"date":"2024-09-18T08:32:27","date_gmt":"2024-09-18T06:32:27","guid":{"rendered":"https:\/\/serbenidorm.daliisolutions.com\/index.php\/2024\/09\/18\/los-empresarios-de-callosa-den-sarria-presentan-unos-descuentos-para-potenciar-el-comercio-local-en-otono\/"},"modified":"2024-09-18T08:32:27","modified_gmt":"2024-09-18T06:32:27","slug":"los-empresarios-de-callosa-den-sarria-presentan-unos-descuentos-para-potenciar-el-comercio-local-en-otono","status":"publish","type":"post","link":"https:\/\/serbenidorm.daliisolutions.com\/index.php\/2024\/09\/18\/los-empresarios-de-callosa-den-sarria-presentan-unos-descuentos-para-potenciar-el-comercio-local-en-otono\/","title":{"rendered":"Los empresarios de Callosa d\u2019En Sarri\u00e0 presentan unos descuentos para potenciar el comercio local en oto\u00f1o"},"content":{"rendered":"  <p>Callosa<\/p>   <p>El sal\u00f3n de actos de la Fundaci\u00f3n Caixa Callosa ha acogido este martes la presentaci\u00f3n oficial de la campa\u00f1a de marketing LES CUPONAES, organizada por la Asociaci\u00f3n de Empresarios de Callosa d&#8217;en Sarri\u00e0 (AES). <\/p>   <p>LES CUPONAES es una iniciativa que busca impulsar las ventas en el comercio local y fomentar la fidelizaci\u00f3n de los clientes. Bajo el lema <a href=\"https:\/\/cadenaser.com\/tag\/callosa_den_sarria\/a\/\" target=\"_blank\" rel=\"noopener\">\u201cCompra hoy y disfruta ma\u00f1ana\u201d<\/a>, se quiere incentivar a los consumidores a realizar compras en los establecimientos participantes durante los meses de octubre y noviembre, obteniendo vales que podr\u00e1n canjear en diciembre.<\/p>   <p>El funcionamiento de la campa\u00f1a es sencillo: por cada compra realizada en los comercios adheridos durante octubre y noviembre, los clientes recibir\u00e1n un CUPONAES, un vale que podr\u00e1n utilizar como descuento en diciembre en la misma tienda donde lo adquirieron. <\/p>  <p><p>M\u00e1s informaci\u00f3n<\/p><figure><img loading=\"lazy\" decoding=\"async\" src=\"https:\/\/cadenaser.com\/resizer\/v2\/JVCR3QMT6RE2BOUKJTFL25Q7MA.JPG?auth=e2dc8a1076521759169debcc657b502335190ada05156dbfd35771f4ca354693&amp;quality=70&amp;width=360&amp;height=202&amp;smart=true\" width=\"820\" height=\"621\" \/><\/figure><ul><li><a href=\"https:\/\/cadenaser.com\/comunitat-valenciana\/2024\/09\/17\/denuncian-al-portavoz-de-vox-en-la-vila-joiosa-por-romperle-la-nariz-a-un-menor-durante-un-partido-de-balonmano-radio-benidorm\/\"><span>VIDEO | Denuncian al portavoz de Vox en La Vila Joiosa por romperle la nariz a un menor durante un partido de balonmano<\/span><\/a><\/li><\/ul><\/p>   <p>La acumulaci\u00f3n de estos cupones ser\u00e1 de un euro por cada diez de compra, y podr\u00e1n canjearse al realizar una compra m\u00ednima de 20, 40, 60, 80 o 100 \u20ac, seg\u00fan determine cada establecimiento.<\/p>   <p>Adem\u00e1s, los tickets numerados servir\u00e1n para participar en el sorteo de varios lotes de Navidad, lo que a\u00f1ade un incentivo adicional para los consumidores. Hasta la fecha, los siguientes comercios han confirmado su participaci\u00f3n en la campa\u00f1a:<\/p>   <p>     .c-w{         max-width:444px;         width:100%;         margin:16px auto;      background:#00755E;         border-radius:4px;         display:flex;         align-items:center;         justify-content:center;     }     .c-w a{         display:flex;         align-items:center;         justify-content:center;         padding:4px 24px;     }     .c-w img{         width:24px;         margin-right:12px;     }     .c-w p{         font:18px\/25px Poppins;         text-align:center;         color:#fff;         margin:0;     }     @media (max-width:444px){         .c-w a{             padding:4px 12px;         }         .c-w img{             width:24px;             margin-right:8px;         }         .c-w p{             font:14px\/25px Poppins;         }     }     @media (max-width:335px){         .c-w p{             font:13px\/25px Poppins;         }     }  <div class=\"c-w\">     <a href=\"https:\/\/www.whatsapp.com\/channel\/0029Va633PF9WtC4l7XUzh1e\" target=\"_blank\" rel=\"noopener\">         <img decoding=\"async\" src=\"https:\/\/cadenaser.com\/estaticos\/recursosgraficos\/responsive\/img\/ico-whatsapp.svg\" alt=\"Whatsapp\">         <p>\u00danete al <b>canal de WhatsApp<\/b> de la SER<\/p>     <\/a> <\/div><\/p>   <p><li>Climent Joiers<\/li><li>Cl\u00ednica Veterinaria Reubel<\/li><li>El Forn de Izla<\/li><li>Euronics Electro Saval<\/li><li>Ferreter\u00eda Palacio<\/li><li>Ferreter\u00eda Vicente Montiel<\/li><li>Fresas en mi Maleta<\/li><li>General \u00d3ptica Callosa<\/li><li>Joyer\u00eda Planells<\/li><li>Karen Lazo<\/li><li>Les Costures de Cecilia<\/li><li>Tot Flors<\/li><li>Udaco Ronda<\/li><\/p>   <p>Asimismo, las empresas M\u00e1rmoles Armaig y Agust Motor participan como patrocinadores oficiales de la campa\u00f1a. El alcalde de la localidad, Andr\u00e9s Molina, ha destacado durante la presentaci\u00f3n que es el momento ideal para esta acci\u00f3n al coincidir con una \u00e9poca de menor actividad y en la que termina, exactamente el 10 de octubre, los bonos consumo. Por su parte, la responsable de la iniciativa, Mar\u00eda Jos\u00e9 Tent, ha invitado a toda la comarca a asistir al comercio local callosino.<\/p> ","protected":false},"excerpt":{"rendered":"<p>Ya hay 17 establecimientos adheridos<\/p>\n","protected":false},"author":0,"featured_media":8462,"comment_status":"open","ping_status":"open","sticky":false,"template":"","format":"standard","meta":{"_acf_changed":false,"footnotes":""},"categories":[1],"tags":[],"class_list":["post-8461","post","type-post","status-publish","format-standard","has-post-thumbnail","hentry","category-sin-categoria"],"acf":{"ser_id":"ZBKP7E2QMJGUFDXZUB25EFFNQA","ser_url":"https:\/\/cadenaser.com\/comunitat-valenciana\/2024\/09\/17\/los-empresarios-de-callosa-den-sarria-presentan-unos-descuentos-para-potenciar-el-comercio-local-en-otono-radio-benidorm\/"},"_links":{"self":[{"href":"https:\/\/serbenidorm.daliisolutions.com\/index.php\/wp-json\/wp\/v2\/posts\/8461","targetHints":{"allow":["GET"]}}],"collection":[{"href":"https:\/\/serbenidorm.daliisolutions.com\/index.php\/wp-json\/wp\/v2\/posts"}],"about":[{"href":"https:\/\/serbenidorm.daliisolutions.com\/index.php\/wp-json\/wp\/v2\/types\/post"}],"replies":[{"embeddable":true,"href":"https:\/\/serbenidorm.daliisolutions.com\/index.php\/wp-json\/wp\/v2\/comments?post=8461"}],"version-history":[{"count":0,"href":"https:\/\/serbenidorm.daliisolutions.com\/index.php\/wp-json\/wp\/v2\/posts\/8461\/revisions"}],"wp:featuredmedia":[{"embeddable":true,"href":"https:\/\/serbenidorm.daliisolutions.com\/index.php\/wp-json\/wp\/v2\/media\/8462"}],"wp:attachment":[{"href":"https:\/\/serbenidorm.daliisolutions.com\/index.php\/wp-json\/wp\/v2\/media?parent=8461"}],"wp:term":[{"taxonomy":"category","embeddable":true,"href":"https:\/\/serbenidorm.daliisolutions.com\/index.php\/wp-json\/wp\/v2\/categories?post=8461"},{"taxonomy":"post_tag","embeddable":true,"href":"https:\/\/serbenidorm.daliisolutions.com\/index.php\/wp-json\/wp\/v2\/tags?post=8461"}],"curies":[{"name":"wp","href":"https:\/\/api.w.org\/{rel}","templated":true}]}}