{"id":8463,"date":"2024-09-18T08:32:28","date_gmt":"2024-09-18T06:32:28","guid":{"rendered":"https:\/\/serbenidorm.daliisolutions.com\/index.php\/2024\/09\/18\/denuncian-al-portavoz-de-vox-en-la-vila-joiosa-por-romperle-la-nariz-a-un-menor-durante-un-partido-de-balonmano\/"},"modified":"2024-09-18T08:32:28","modified_gmt":"2024-09-18T06:32:28","slug":"denuncian-al-portavoz-de-vox-en-la-vila-joiosa-por-romperle-la-nariz-a-un-menor-durante-un-partido-de-balonmano","status":"publish","type":"post","link":"https:\/\/serbenidorm.daliisolutions.com\/index.php\/2024\/09\/18\/denuncian-al-portavoz-de-vox-en-la-vila-joiosa-por-romperle-la-nariz-a-un-menor-durante-un-partido-de-balonmano\/","title":{"rendered":"Denuncian al portavoz de Vox en La Vila Joiosa por romperle la nariz a un menor durante un partido de balonmano"},"content":{"rendered":"  <p>Benidorm<\/p>   <p>Un partido amistoso entre los equipos de <a href=\"https:\/\/cadenaser.com\/tag\/balonmano\/a\/\" target=\"_blank\" rel=\"noopener\">balonmano<\/a> de <a href=\"https:\/\/cadenaser.com\/tag\/vila_joiosa\/a\/\" target=\"_blank\" rel=\"noopener\">La Vila Joiosa<\/a> y Sant Joan disputado en el pabell\u00f3n del IES La Malladeta vilero, acab\u00f3 mostrando la peor cara del deporte cuando un jugador del equipo local, portavoz de Vox en el ayuntamiento vilero y de 35 a\u00f1os de edad, agredi\u00f3 a un rival, de s\u00f3lo 17 a\u00f1os, provoc\u00e1ndole la fractura de varios huesos de la nariz, lo que oblig\u00f3 al joven a pasar por quir\u00f3fano pocos d\u00edas despu\u00e9s.<\/p>   <p>Aunque la noticia se ha conocido ahora, cuando la familia ha hecho p\u00fablica su decisi\u00f3n de denunciar a David Moreno, todo sucedi\u00f3 el pasado d\u00eda 6 de septiembre. Fue entonces cuando, durante los primeros minutos del partido y durante un lance aparentemente normal del choque, se observa como el ahora denunciado trata, hasta en dos ocasiones previas, alcanzar a su rival, primero con una patada y, despu\u00e9s, con un codazo; antes de ese pu\u00f1etazo que result\u00f3 en la fractura de varios huesos de la nariz.<\/p>   <p><div id=\"video_1726563254229\"><img loading=\"lazy\" decoding=\"async\" src=\"https:\/\/cadenaser.com\/resizer\/v2\/https%3A%2F%2Fsdmedia.playser.cadenaser.com%2Fmcv%2Fplayser%2Fmultimedia%2F20240917%2F990940_085445_still.0000001.jpg?auth=e7e4efafdbd0190a887c145a2c54dbb4128c5b040e07bf1be6368045fbfbcb3c&amp;quality=70&amp;width=655&amp;height=368&amp;smart=true\" width=\"16\" height=\"9\" \/><\/div><\/p>   <p>Toni Cort\u00e9s, padre del jugador agredido, ha explicado a <a href=\"https:\/\/cadenaser.com\/radio-benidorm\/\" target=\"_blank\" rel=\"noopener\">Radio Benidorm-SER<\/a> que antes de que se produjera esa jugada no se hab\u00eda dado ning\u00fan tipo de provocaci\u00f3n previa por parte de su hijo que, asegura, \u201chab\u00eda salido un minuto antes desde el banquillo. S\u00f3lo hab\u00edan hecho un ataque y esa era la primera defensa que hac\u00eda el chiquillo contra esa persona\u201d.<\/p>   <p>Cort\u00e9s, vinculado desde hace d\u00e9cadas al balonmano, considera que en esa jugada \u201cno hay nada que no sea balonmano. Le gana la posici\u00f3n dos veces y creo que es el sentimiento de impotencia al ver que un chiquillo le gana la posici\u00f3n\u201d.<\/p>   <p>En relaci\u00f3n a esos dos intentos previos por parte de David Moreno de alcanzar a su rival, Cort\u00e9s explica que \u201ccuando veo que le lanza la patada, me acerco a pie de pista, sin meterme en ella, para pedirle que se tranquilizara. Cuando le pega el pu\u00f1etazo, el chiquillo va al bal\u00f3n; ni siquiera va a enfrentarse a \u00e9l y \u00e9l aprovecha para impactarle en la cara\u201d.<\/p>   <p>     .c-w{         max-width:444px;         width:100%;         margin:16px auto;      background:#00755E;         border-radius:4px;         display:flex;         align-items:center;         justify-content:center;     }     .c-w a{         display:flex;         align-items:center;         justify-content:center;         padding:4px 24px;     }     .c-w img{         width:24px;         margin-right:12px;     }     .c-w p{         font:18px\/25px Poppins;         text-align:center;         color:#fff;         margin:0;     }     @media (max-width:444px){         .c-w a{             padding:4px 12px;         }         .c-w img{             width:24px;             margin-right:8px;         }         .c-w p{             font:14px\/25px Poppins;         }     }     @media (max-width:335px){         .c-w p{             font:13px\/25px Poppins;         }     }  <div class=\"c-w\">     <a href=\"https:\/\/www.whatsapp.com\/channel\/0029Va633PF9WtC4l7XUzh1e\" target=\"_blank\" rel=\"noopener\">         <img decoding=\"async\" src=\"https:\/\/cadenaser.com\/estaticos\/recursosgraficos\/responsive\/img\/ico-whatsapp.svg\" alt=\"Whatsapp\">         <p>\u00danete al <b>canal de WhatsApp<\/b> de la SER<\/p>     <\/a> <\/div><\/p>   <p>Tras ese episodio que, de haberse quedado ah\u00ed, podr\u00eda considerarse un lance de partido que se calent\u00f3 en exceso, el portavoz de Vox en La Vila Joiosa, lejos de calmarse, continu\u00f3 con su actitud desafiante, en esta ocasi\u00f3n, hacia la familia de su rival.<\/p>   <p>En concreto, seg\u00fan explica Toni Cort\u00e9s, Moreno \u201camenaz\u00f3 de muerte\u201d a su hermano y t\u00edo del agredido cuando este le pidi\u00f3 explicaciones por lo sucedido. \u201cMi hermano se va hacia \u00e9l, pero la diferencia es que, en lugar de darle un pu\u00f1etazo en la cara, le da un empuj\u00f3n\u201d. De hecho, Cort\u00e9s trata de entender la intensidad del partido y a\u00f1ade que \u201cen un rifirrafe de este tipo, puedes dar un empuj\u00f3n o puedes ponerte borde. Pero cuando tiras un pu\u00f1etazo a la cara, vas a hacer da\u00f1o\u201d y lamenta \u201cel exceso de violencia con el que \u00e9l trata de hacer da\u00f1o a un chiquillo de 17 a\u00f1os\u201d.<\/p>   <p>Todo esto tuvo su continuidad poco despu\u00e9s cuando Moreno \u201cfue a buscar a mi hermano a la grada y a decirle que le iba a hundir la vida y un mont\u00f3n de cosas m\u00e1s\u201d.<\/p>   <p><a href=\"https:\/\/cadenaser.com\/radio-benidorm\/ser-deportivos-benidorm\/\" target=\"_blank\" rel=\"noopener\">Toni Cort\u00e9s ha confirmado a la Cadena SER<\/a> que la familia ya ha presentado la correspondiente denuncia en el juzgado con la que buscan que \u201cesa persona no juegue m\u00e1s para que no pueda hacerle esto a nadie m\u00e1s. A m\u00ed me gusta mucho el balonmano, al que he jugado 20 a\u00f1os, y me parece que estas acciones ensucian a un deporte de contacto, pero no violento\u201d.<\/p>   <p>Por fortuna, el jugador agredido, menor de edad, se encuentra \u201cbastante bien. La semana pasada estuvo bastante fastidiado porque le operaron, pero ahora tiene la nariz deshinchada y ya hace vida normal\u201d. La mejor noticia, en todo caso, es que, como afirma su padre, este episodio no va a provocar que se desenga\u00f1e del balonmano. \u201cNo va ser tan f\u00e1cil, est\u00e1 muy enganchado\u201d.<\/p>   <p>Toni Cort\u00e9s ha asegurado que desde el d\u00eda del partido ni \u00e9l ni nadie de su familia ha tenido contacto con David Moreno o gente de su entorno, pero \u201ctanto el entrenador del equipo de La Vila Joiosa como varios jugadores han estado preguntando al entrenador y se han preocupado por el estado de mi hijo. Les tengo que agradecer porque se han portado muy bien tambi\u00e9n en ese momento\u201d.<\/p>   <p>La Cadena SER ha querido conocer la versi\u00f3n de David Moreno sobre este accidente sin que, por el momento, el portavoz de Vox en el ayuntamiento de La Vila Joiosa haya querido hacer declaraciones a este medio.<\/p> ","protected":false},"excerpt":{"rendered":"<p>Seg\u00fan la familia del agredido, David Moreno tambi\u00e9n habr\u00eda amenazado de muerte a un t\u00edo del jugador<\/p>\n","protected":false},"author":0,"featured_media":8464,"comment_status":"open","ping_status":"open","sticky":false,"template":"","format":"standard","meta":{"_acf_changed":false,"footnotes":""},"categories":[1],"tags":[],"class_list":["post-8463","post","type-post","status-publish","format-standard","has-post-thumbnail","hentry","category-sin-categoria"],"acf":{"ser_id":"PFLMMNPS7ZDWXIT4WI63USSQSA","ser_url":"https:\/\/cadenaser.com\/comunitat-valenciana\/2024\/09\/17\/denuncian-al-portavoz-de-vox-en-la-vila-joiosa-por-romperle-la-nariz-a-un-menor-durante-un-partido-de-balonmano-radio-benidorm\/"},"_links":{"self":[{"href":"https:\/\/serbenidorm.daliisolutions.com\/index.php\/wp-json\/wp\/v2\/posts\/8463","targetHints":{"allow":["GET"]}}],"collection":[{"href":"https:\/\/serbenidorm.daliisolutions.com\/index.php\/wp-json\/wp\/v2\/posts"}],"about":[{"href":"https:\/\/serbenidorm.daliisolutions.com\/index.php\/wp-json\/wp\/v2\/types\/post"}],"replies":[{"embeddable":true,"href":"https:\/\/serbenidorm.daliisolutions.com\/index.php\/wp-json\/wp\/v2\/comments?post=8463"}],"version-history":[{"count":0,"href":"https:\/\/serbenidorm.daliisolutions.com\/index.php\/wp-json\/wp\/v2\/posts\/8463\/revisions"}],"wp:featuredmedia":[{"embeddable":true,"href":"https:\/\/serbenidorm.daliisolutions.com\/index.php\/wp-json\/wp\/v2\/media\/8464"}],"wp:attachment":[{"href":"https:\/\/serbenidorm.daliisolutions.com\/index.php\/wp-json\/wp\/v2\/media?parent=8463"}],"wp:term":[{"taxonomy":"category","embeddable":true,"href":"https:\/\/serbenidorm.daliisolutions.com\/index.php\/wp-json\/wp\/v2\/categories?post=8463"},{"taxonomy":"post_tag","embeddable":true,"href":"https:\/\/serbenidorm.daliisolutions.com\/index.php\/wp-json\/wp\/v2\/tags?post=8463"}],"curies":[{"name":"wp","href":"https:\/\/api.w.org\/{rel}","templated":true}]}}