{"id":8465,"date":"2024-09-18T08:32:28","date_gmt":"2024-09-18T06:32:28","guid":{"rendered":"https:\/\/serbenidorm.daliisolutions.com\/index.php\/2024\/09\/18\/optimismo-moderado-en-la-barra-libre-tras-el-debut-liguero-del-balonmano-benidorm\/"},"modified":"2024-09-18T08:32:28","modified_gmt":"2024-09-18T06:32:28","slug":"optimismo-moderado-en-la-barra-libre-tras-el-debut-liguero-del-balonmano-benidorm","status":"publish","type":"post","link":"https:\/\/serbenidorm.daliisolutions.com\/index.php\/2024\/09\/18\/optimismo-moderado-en-la-barra-libre-tras-el-debut-liguero-del-balonmano-benidorm\/","title":{"rendered":"Optimismo moderado en \u2018La barra libre\u2019 tras el debut liguero del Balonmano Benidorm"},"content":{"rendered":"  <p>Benidorm<\/p>   <p>Tras <a href=\"https:\/\/cadenaser.com\/comunitat-valenciana\/2024\/09\/15\/el-servigroup-benidorm-vence-y-convence-en-su-debut-liguero-radio-benidorm\/\" target=\"_blank\" rel=\"noopener\">la victoria conseguida el pasado domingo por 33-28 por parte del Servigroup Benidorm en la primera jornada de la Liga Asobal disputada en el Palau d\u2019Esports l\u2019Illa de Benidorm ante el Guadalajara<\/a>, llegaba el momento en <a href=\"https:\/\/cadenaser.com\/radio-benidorm\/ser-deportivos-benidorm\/\" target=\"_blank\" rel=\"noopener\">SER Deportivos Marina Baixa<\/a> de recuperar la tertulia semanal dedicada a analizar la marcha del principal equipo de la ciudad.<\/p>   <p>Esta temporada, \u2018La barra libre\u2019 sigue contando con la presencia de sus contertulios habituales con Vicente Fuster, Pedro Mu\u00f1oz, Josan Piqueres y Juan Barroso; pero, adem\u00e1s, incorpora a dos expertos m\u00e1s en las figuras del que hasta hace temporada y media fuera el capit\u00e1n del equipo benidormense, Carlos Grau; y del que fue el segundo entrenador del conjunto durante sus diez primeros a\u00f1os en la <a href=\"https:\/\/cadenaser.com\/tag\/liga_asobal\/a\/\" target=\"_blank\" rel=\"noopener\">Liga Asobal<\/a>: Pedro Mu\u00f1oz.<\/p>  <p><p>M\u00e1s informaci\u00f3n<\/p><figure><img loading=\"lazy\" decoding=\"async\" src=\"https:\/\/cadenaser.com\/resizer\/v2\/EMLXSOZ2LVCYLBPIAF3CUW4KWU.jpeg?auth=6913970bad1998f95d04120b9b36c1c863376723620673aeeea897298e794071&amp;quality=70&amp;width=360&amp;height=202&amp;smart=true\" width=\"820\" height=\"621\" \/><\/figure><ul><li><a href=\"https:\/\/cadenaser.com\/comunitat-valenciana\/2024\/08\/08\/todos-los-partidos-horarios-y-resultados-del-balonmano-servigroup-benidorm-radio-benidorm\/\"><span>Todos los partidos, horarios y resultados del Balonmano Servigroup Benidorm<\/span><\/a><\/li><\/ul><\/p>   <p>Todos ellos se han mostrado moderadamente optimistas tras ese debut liguero en el que el <a href=\"https:\/\/cadenaser.com\/tag\/club_balonmano_benidorm\/a\/\" target=\"_blank\" rel=\"noopener\">Servigroup Benidorm<\/a> no s\u00f3lo consigui\u00f3 sumar sus dos primeros puntos, sino que lo hizo, adem\u00e1s, dando una muy buena imagen.<\/p>   <p>Sobre todo ello y sobre las consecuencias que a largo plazo pueden tener las lesiones de algunos de los hombres importantes de la plantilla en el rendimiento del equipo del Palau d\u2019Esports, se habl\u00f3 en esta entrega de la tertulia deportiva de Radio Benidorm.<\/p>   <p>Adem\u00e1s, en el tramo final del programa tambi\u00e9n se trat\u00f3 de avanzar qu\u00e9 es lo que podr\u00eda suceder <a href=\"https:\/\/cadenaser.com\/comunitat-valenciana\/2024\/08\/08\/todos-los-partidos-horarios-y-resultados-del-balonmano-servigroup-benidorm-radio-benidorm\/\" target=\"_blank\" rel=\"noopener\">el pr\u00f3ximo viernes (20:00 horas) con motivo de la visita que el Servigroup Benidorm rendir\u00e1 a un Granollers<\/a> que debutar\u00e1 como local tras caer en la cancha del Cuenca.<\/p>   <p>     .c-w{         max-width:444px;         width:100%;         margin:16px auto;      background:#00755E;         border-radius:4px;         display:flex;         align-items:center;         justify-content:center;     }     .c-w a{         display:flex;         align-items:center;         justify-content:center;         padding:4px 24px;     }     .c-w img{         width:24px;         margin-right:12px;     }     .c-w p{         font:18px\/25px Poppins;         text-align:center;         color:#fff;         margin:0;     }     @media (max-width:444px){         .c-w a{             padding:4px 12px;         }         .c-w img{             width:24px;             margin-right:8px;         }         .c-w p{             font:14px\/25px Poppins;         }     }     @media (max-width:335px){         .c-w p{             font:13px\/25px Poppins;         }     }  <div class=\"c-w\">     <a href=\"https:\/\/www.whatsapp.com\/channel\/0029Va633PF9WtC4l7XUzh1e\" target=\"_blank\" rel=\"noopener\">         <img decoding=\"async\" src=\"https:\/\/cadenaser.com\/estaticos\/recursosgraficos\/responsive\/img\/ico-whatsapp.svg\" alt=\"Whatsapp\">         <p>\u00danete al <b>canal de WhatsApp<\/b> de la SER<\/p>     <\/a> <\/div><\/p> ","protected":false},"excerpt":{"rendered":"<p>Pedro Mu\u00f1oz y Carlos Grau se suman esta temporada al panel de expertos de SER Deportivos<\/p>\n","protected":false},"author":0,"featured_media":8466,"comment_status":"open","ping_status":"open","sticky":false,"template":"","format":"standard","meta":{"_acf_changed":false,"footnotes":""},"categories":[16],"tags":[],"class_list":["post-8465","post","type-post","status-publish","format-standard","has-post-thumbnail","hentry","category-deportes"],"acf":{"ser_id":"UL4J3PNA2VFTRHNJNWD3MFCLSE","ser_url":"https:\/\/cadenaser.com\/comunitat-valenciana\/2024\/09\/17\/optimismo-moderado-en-la-barra-libre-tras-el-debut-liguero-del-balonmano-benidorm-radio-benidorm\/"},"_links":{"self":[{"href":"https:\/\/serbenidorm.daliisolutions.com\/index.php\/wp-json\/wp\/v2\/posts\/8465","targetHints":{"allow":["GET"]}}],"collection":[{"href":"https:\/\/serbenidorm.daliisolutions.com\/index.php\/wp-json\/wp\/v2\/posts"}],"about":[{"href":"https:\/\/serbenidorm.daliisolutions.com\/index.php\/wp-json\/wp\/v2\/types\/post"}],"replies":[{"embeddable":true,"href":"https:\/\/serbenidorm.daliisolutions.com\/index.php\/wp-json\/wp\/v2\/comments?post=8465"}],"version-history":[{"count":0,"href":"https:\/\/serbenidorm.daliisolutions.com\/index.php\/wp-json\/wp\/v2\/posts\/8465\/revisions"}],"wp:featuredmedia":[{"embeddable":true,"href":"https:\/\/serbenidorm.daliisolutions.com\/index.php\/wp-json\/wp\/v2\/media\/8466"}],"wp:attachment":[{"href":"https:\/\/serbenidorm.daliisolutions.com\/index.php\/wp-json\/wp\/v2\/media?parent=8465"}],"wp:term":[{"taxonomy":"category","embeddable":true,"href":"https:\/\/serbenidorm.daliisolutions.com\/index.php\/wp-json\/wp\/v2\/categories?post=8465"},{"taxonomy":"post_tag","embeddable":true,"href":"https:\/\/serbenidorm.daliisolutions.com\/index.php\/wp-json\/wp\/v2\/tags?post=8465"}],"curies":[{"name":"wp","href":"https:\/\/api.w.org\/{rel}","templated":true}]}}