{"id":8508,"date":"2024-09-18T20:21:03","date_gmt":"2024-09-18T18:21:03","guid":{"rendered":"https:\/\/serbenidorm.daliisolutions.com\/index.php\/2024\/09\/18\/un-policia-de-benidorm-salva-la-vida-de-un-nino-por-segunda-vez-este-ano\/"},"modified":"2024-09-18T20:21:03","modified_gmt":"2024-09-18T18:21:03","slug":"un-policia-de-benidorm-salva-la-vida-de-un-nino-por-segunda-vez-este-ano","status":"publish","type":"post","link":"https:\/\/serbenidorm.daliisolutions.com\/index.php\/2024\/09\/18\/un-policia-de-benidorm-salva-la-vida-de-un-nino-por-segunda-vez-este-ano\/","title":{"rendered":"Un polic\u00eda de Benidorm salva la vida de un ni\u00f1o por segunda vez este a\u00f1o"},"content":{"rendered":"  <p>Benidorm<\/p>   <p>Una nueva \u00abs\u00faper amiga\u00bb, as\u00ed ha definido la Polic\u00eda Local de Benidorm a la ni\u00f1a de cuatro a\u00f1os a la que el oficial Luisma Rosell\u00f3 salvaba este lunes la vida cuando sal\u00eda del colegio. La menor, que iba acompa\u00f1a de su madre y otras dos mujeres, se hab\u00eda atragantado con una gominola.<\/p>   <p>Cuando ya casi no pod\u00eda respirar, como han relatado los testigos, aparec\u00eda de nuevo <a href=\"https:\/\/cadenaser.com\/comunitat-valenciana\/2024\/01\/06\/un-policia-fuera-de-servicio-salva-en-benidorm-a-un-nino-que-se-atraganto-con-un-caramelo-en-la-cabalgata-de-reyes-radio-benidorm\/\" target=\"_blank\" rel=\"noopener\">este polic\u00eda que ya hab\u00eda rescatado a un beb\u00e9 durante la cabalgata de los Reyes Magos de la capital tur\u00edstica<\/a> el pasado mes de enero. En este caso volvi\u00f3 a tirar de la socorrida maniobra de Heimlich para ayudar a la peque\u00f1a y que no se asfixiara.<\/p>   <p>Rosell\u00f3 se encontraba patrullando el centro de la ciudad cuando le llegaba el aviso de la central. La distancia hasta la calle Urano era corta aunque dif\u00edcil de transitar con el veh\u00edculo as\u00ed que se baj\u00f3 del coche y se dirigi\u00f3 al lugar a la carrera, como ha explicado a <a href=\"https:\/\/cadenaser.com\/tag\/benidorm\/a\/\" target=\"_blank\" rel=\"noopener\">Radio Benidorm<\/a>.<\/p>   <p>\u00abValor\u00e9 su cuerpo r\u00e1pido, me agach\u00e9 poni\u00e9ndomela al pecho, le puse los brazos entre el t\u00f3rax y el abdomen presionando tres veces hasta que tir\u00f3 una parte; todav\u00eda respiraba con dificultades, pero no quise apretarle m\u00e1s as\u00ed que nos dirigimos al centro de salud con la madre\u00bb, ha relatado.<\/p>   <p>El suceso ha ocurrido adem\u00e1s en una zona muy pr\u00f3xima a la que tuvo lugar la anterior acci\u00f3n heroica de este oficial con m\u00e1s de 30 a\u00f1os de experiencia; entonces \u00e9l estaba fuera de servicio y tampoco dud\u00f3 en intervenir cuando escuch\u00f3 gritos y observ\u00f3 a una multitud que rodeaba a un hombre intentando sacar algo de la boca a un ni\u00f1o de tan solo dos a\u00f1os.<\/p>   <p>     .c-w{         max-width:444px;         width:100%;         margin:16px auto;      background:#00755E;         border-radius:4px;         display:flex;         align-items:center;         justify-content:center;     }     .c-w a{         display:flex;         align-items:center;         justify-content:center;         padding:4px 24px;     }     .c-w img{         width:24px;         margin-right:12px;     }     .c-w p{         font:18px\/25px Poppins;         text-align:center;         color:#fff;         margin:0;     }     @media (max-width:444px){         .c-w a{             padding:4px 12px;         }         .c-w img{             width:24px;             margin-right:8px;         }         .c-w p{             font:14px\/25px Poppins;         }     }     @media (max-width:335px){         .c-w p{             font:13px\/25px Poppins;         }     }  <div class=\"c-w\">     <a href=\"https:\/\/www.whatsapp.com\/channel\/0029Va633PF9WtC4l7XUzh1e\" target=\"_blank\" rel=\"noopener\">         <img decoding=\"async\" src=\"https:\/\/cadenaser.com\/estaticos\/recursosgraficos\/responsive\/img\/ico-whatsapp.svg\" alt=\"Whatsapp\">         <p>\u00danete al <b>canal de WhatsApp<\/b> de la SER<\/p>     <\/a> <\/div><\/p>   <p>\u00abVomit\u00f3 el caramelo y las babas encima de m\u00ed. Fue una bendici\u00f3n que hiciera eso\u00bb, cont\u00f3 entonces igualmente emocionado. El peque\u00f1o y sus padres eran turistas extranjeros: \u00abCuando esta familia oiga Benidorm se acordar\u00e1 de este momento y de que les ayudamos\u00bb.<\/p>  <p><p class=\"tit\"><span>Luisma Rosell\u00f3, el polic\u00eda de Benidorm que rescat\u00f3 a un ni\u00f1o atragantado con un caramelo en la cabalgata de Reyes, en La Ventana de la Marina Baixa<\/span><\/p> <p class=\"emb\"><iframe loading=\"lazy\" src=\"https:\/\/cadenaser.com\/embed\/audio\/460\/1704737661190\/\" width=\"100%\" height=\"360\" frameborder=\"0\" allowfullscreen><\/iframe><\/p><\/p>   <p>\u00bfC\u00f3mo se hace la maniobra de Heimlich?<\/p>   <p>El paciente suele estar agitado y nervioso, hay que intentar tranquilizarlo. Para hacer la maniobra hay que colocarse por detr\u00e1s del pacientes, le abrazamos, colocamos una de las manos en forma de pu\u00f1o a la altura de la parte baja del estern\u00f3n, con la otra mano abrazamos ese pu\u00f1o y empujamos con todas nuestras fuerzas de forma brusca hacia arriba y hacia dentro del paciente, que tiene que estar inclinado levemente hacia delante. El paciente tiene que expulsar ese aire residual de los pulmones y as\u00ed poder expulsar el cuerpo extra\u00f1o<\/p> ","protected":false},"excerpt":{"rendered":"<p>Luisma Rosell\u00f3 vuelve a practicar la maniobra de Heimlich a una ni\u00f1a de cuatro a\u00f1os cuando sal\u00eda del colegio<\/p>\n","protected":false},"author":0,"featured_media":8509,"comment_status":"open","ping_status":"open","sticky":false,"template":"","format":"standard","meta":{"_acf_changed":false,"footnotes":""},"categories":[1],"tags":[],"class_list":["post-8508","post","type-post","status-publish","format-standard","has-post-thumbnail","hentry","category-sin-categoria"],"acf":{"ser_id":"ZY4W3PBEG5AXFFE2FQUQOJ6MAU","ser_url":"https:\/\/cadenaser.com\/comunitat-valenciana\/2024\/09\/18\/un-policia-de-benidorm-salva-la-vida-de-un-nino-por-segunda-vez-este-ano-radio-benidorm\/"},"_links":{"self":[{"href":"https:\/\/serbenidorm.daliisolutions.com\/index.php\/wp-json\/wp\/v2\/posts\/8508","targetHints":{"allow":["GET"]}}],"collection":[{"href":"https:\/\/serbenidorm.daliisolutions.com\/index.php\/wp-json\/wp\/v2\/posts"}],"about":[{"href":"https:\/\/serbenidorm.daliisolutions.com\/index.php\/wp-json\/wp\/v2\/types\/post"}],"replies":[{"embeddable":true,"href":"https:\/\/serbenidorm.daliisolutions.com\/index.php\/wp-json\/wp\/v2\/comments?post=8508"}],"version-history":[{"count":0,"href":"https:\/\/serbenidorm.daliisolutions.com\/index.php\/wp-json\/wp\/v2\/posts\/8508\/revisions"}],"wp:featuredmedia":[{"embeddable":true,"href":"https:\/\/serbenidorm.daliisolutions.com\/index.php\/wp-json\/wp\/v2\/media\/8509"}],"wp:attachment":[{"href":"https:\/\/serbenidorm.daliisolutions.com\/index.php\/wp-json\/wp\/v2\/media?parent=8508"}],"wp:term":[{"taxonomy":"category","embeddable":true,"href":"https:\/\/serbenidorm.daliisolutions.com\/index.php\/wp-json\/wp\/v2\/categories?post=8508"},{"taxonomy":"post_tag","embeddable":true,"href":"https:\/\/serbenidorm.daliisolutions.com\/index.php\/wp-json\/wp\/v2\/tags?post=8508"}],"curies":[{"name":"wp","href":"https:\/\/api.w.org\/{rel}","templated":true}]}}