{"id":8510,"date":"2024-09-18T20:21:04","date_gmt":"2024-09-18T18:21:04","guid":{"rendered":"https:\/\/serbenidorm.daliisolutions.com\/index.php\/2024\/09\/18\/asi-es-benidorm-la-cancion-de-amor-de-locos-de-atar-a-su-tierra\/"},"modified":"2024-09-18T20:21:04","modified_gmt":"2024-09-18T18:21:04","slug":"asi-es-benidorm-la-cancion-de-amor-de-locos-de-atar-a-su-tierra","status":"publish","type":"post","link":"https:\/\/serbenidorm.daliisolutions.com\/index.php\/2024\/09\/18\/asi-es-benidorm-la-cancion-de-amor-de-locos-de-atar-a-su-tierra\/","title":{"rendered":"As\u00ed es \u00abBenidorm\u00bb, la canci\u00f3n de amor de Locos de Atar a su tierra"},"content":{"rendered":"  <p>Benidorm<\/p>   <p>Locos de Atar ha publicado en la medianoche del martes al mi\u00e9rcoles en todas las plataformas uno de sus temas m\u00e1s buscados, una canci\u00f3n de amor a su tierra que no necesita m\u00e1s nombre que \u00abBenidorm\u00bb.<\/p>   <p>Con el estilo pop que caracteriza a esta banda local que gira por todo el territorio nacional, el tema recuerda el pasado pesquero del pueblo que se convirti\u00f3 en ciudad con la luz, el mar y la voz como hilos conductores.<\/p>   <p><div class=\"oembed youtube\"><iframe loading=\"lazy\" width=\"453\" height=\"340\" src=\"https:\/\/www.youtube.com\/embed\/dxrQeOhAG8g?feature=oembed\" frameborder=\"0\" allow=\"accelerometer; autoplay; clipboard-write; encrypted-media; gyroscope; picture-in-picture; web-share\" allowfullscreen title=\"Locos de Atar - Benidorm (Videoclip Oficial)\"><\/iframe><\/div><\/p>   <p>Una canci\u00f3n que ya se est\u00e1 compartiendo por toda la capital tur\u00edstica recibiendo el aplauso de vecinos y turistas y que promete quedarse en la memoria de todos, especialmente de los m\u00e1s peque\u00f1os, con el concurso en el que cada colegio va a elaborar y grabar su propio videoclip. El premio para el mejor video ser\u00e1 un espect\u00e1culo musical y un lote de libros.<\/p>  <p><p>M\u00e1s informaci\u00f3n<\/p><figure><img loading=\"lazy\" decoding=\"async\" src=\"https:\/\/cadenaser.com\/resizer\/v2\/NSEPFO3S5FAQVEQW4GIC7DRDFQ.jpg?auth=8aaf4eafd88bfd93e3d3f533e86e3cc382852616d63a2b6d8c5856df872cc776&amp;quality=70&amp;width=360&amp;height=202&amp;smart=true\" width=\"820\" height=\"621\" \/><\/figure><ul><li><a href=\"https:\/\/cadenaser.com\/2022\/03\/18\/locos-de-atar-un-sueno-seria-tocar-en-el-wizink-center-2\/\"><span>Locos de Atar: \u201cUn sue\u00f1o ser\u00eda tocar en el WiZink Center\u201d<\/span><\/a><\/li><\/ul><\/p>   <p>El vocalista y autor, Juanmi Vall\u00e9s, ha contado a <a href=\"https:\/\/cadenaser.com\/tag\/benidorm\/a\/\" target=\"_blank\" rel=\"noopener\">Radio Benidorm<\/a> que llevaba \u00abpersigui\u00e9ndola\u00bb mucho tiempo: \u00abQuer\u00eda hacer algo que estuviera a la altura, soy un apasionado de mi tierra y al final lo he conseguido\u00bb. \u00abBenidorm\u00bb se suma ahora a otros temas centrales del grupo como \u00abQue tiemble tu mundo\u00bb, \u00abSonrisas\u00bb o \u00abInstantes\u00bb.<\/p>   <p>Letra completa<\/p>   <p>Hay una tierra ba\u00f1ada de magia<\/p>   <p>     .c-w{         max-width:444px;         width:100%;         margin:16px auto;      background:#00755E;         border-radius:4px;         display:flex;         align-items:center;         justify-content:center;     }     .c-w a{         display:flex;         align-items:center;         justify-content:center;         padding:4px 24px;     }     .c-w img{         width:24px;         margin-right:12px;     }     .c-w p{         font:18px\/25px Poppins;         text-align:center;         color:#fff;         margin:0;     }     @media (max-width:444px){         .c-w a{             padding:4px 12px;         }         .c-w img{             width:24px;             margin-right:8px;         }         .c-w p{             font:14px\/25px Poppins;         }     }     @media (max-width:335px){         .c-w p{             font:13px\/25px Poppins;         }     }  <div class=\"c-w\">     <a href=\"https:\/\/www.whatsapp.com\/channel\/0029Va633PF9WtC4l7XUzh1e\" target=\"_blank\" rel=\"noopener\">         <img decoding=\"async\" src=\"https:\/\/cadenaser.com\/estaticos\/recursosgraficos\/responsive\/img\/ico-whatsapp.svg\" alt=\"Whatsapp\">         <p>\u00danete al <b>canal de WhatsApp<\/b> de la SER<\/p>     <\/a> <\/div><\/p>   <p>por la belleza del mar<\/p>   <p>con ra\u00edces de pueblo pesquero<\/p>   <p>que no dej\u00f3 de so\u00f1ar<\/p>   <p>Hoy tus calles susurran historias<\/p>   <p>de alegr\u00eda y libertad<\/p>   <p>Sus personas de antes y ahora<\/p>   <p>que la hicieron brillar<\/p>   <p>DONDE YO NAC\u00cd<\/p>   <p>DONDE QUIERO ESTAR<\/p>   <p>CUANDO SE APAGUE MI VOZ<\/p>   <p>DONDE DESCUBR\u00cd<\/p>   <p>MI PRIMER AMOR<\/p>   <p>MI QUERIDA BENIDORM<\/p>   <p>Desde Serra Gelada al Tossal<\/p>   <p>tus playas dibujaron<\/p>   <p>tres hermanas que se dan la mano<\/p>   <p>Sonr\u00eden al mediterr\u00e1neo<\/p>   <p>Sonr\u00eden al mediterr\u00e1neo<\/p>   <p>Hoy tu isla presume de madre<\/p>   <p>pues te ha visto crecer<\/p>   <p>siendo luz, hogar y abrazo<\/p>   <p>de quien te quiso querer<\/p>   <p>DONDE YO NAC\u00cd<\/p>   <p>DONDE QUIERO ESTAR<\/p>   <p>CUANDO SE APAGUE MI VOZ<\/p>   <p>DONDE DESCUBR\u00cd<\/p>   <p>MI PRIMER AMOR<\/p>   <p>MI PRECIOSA BENIDORM<\/p>   <p>Resplandor del Alba<\/p>   <p>para verla llegar<\/p>   <p>Estrella de los mares<\/p>   <p>has hallado tu lugar<\/p>   <p>Suenan las campanas<\/p>   <p>Ella en su manto azul<\/p>   <p>llena de esperanza<\/p>   <p>a mi tierra<\/p>   <p>DONDE YO NAC\u00cd<\/p>   <p>DONDE QUIERO ESTAR<\/p>   <p>CUANDO SE APAGUE MI VOZ<\/p>   <p>DONDE DESCUBR\u00cd<\/p>   <p>MI PRIMER AMOR<\/p>   <p>MI QUERIDA BENIDORM<\/p>   <p>BENIDORM, BENIDORM,<\/p>   <p>BENIDORM<\/p>   <p>Mi primer amor<\/p>   <p>Donde yo nac\u00ed<\/p>   <p>Donde quiero estar<\/p>   <p>Cuando se apague mi voz<\/p> ","protected":false},"excerpt":{"rendered":"<p>Los colegios de la ciudad participar\u00e1n para hacer el mejor videoclip del tema<\/p>\n","protected":false},"author":0,"featured_media":8511,"comment_status":"open","ping_status":"open","sticky":false,"template":"","format":"standard","meta":{"_acf_changed":false,"footnotes":""},"categories":[1],"tags":[],"class_list":["post-8510","post","type-post","status-publish","format-standard","has-post-thumbnail","hentry","category-sin-categoria"],"acf":{"ser_id":"2QC3ODGFHNFSNL5W2PGJVDGEZE","ser_url":"https:\/\/cadenaser.com\/comunitat-valenciana\/2024\/09\/18\/asi-es-benidorm-la-cancion-de-amor-de-locos-de-atar-a-su-tierra-radio-benidorm\/"},"_links":{"self":[{"href":"https:\/\/serbenidorm.daliisolutions.com\/index.php\/wp-json\/wp\/v2\/posts\/8510","targetHints":{"allow":["GET"]}}],"collection":[{"href":"https:\/\/serbenidorm.daliisolutions.com\/index.php\/wp-json\/wp\/v2\/posts"}],"about":[{"href":"https:\/\/serbenidorm.daliisolutions.com\/index.php\/wp-json\/wp\/v2\/types\/post"}],"replies":[{"embeddable":true,"href":"https:\/\/serbenidorm.daliisolutions.com\/index.php\/wp-json\/wp\/v2\/comments?post=8510"}],"version-history":[{"count":0,"href":"https:\/\/serbenidorm.daliisolutions.com\/index.php\/wp-json\/wp\/v2\/posts\/8510\/revisions"}],"wp:featuredmedia":[{"embeddable":true,"href":"https:\/\/serbenidorm.daliisolutions.com\/index.php\/wp-json\/wp\/v2\/media\/8511"}],"wp:attachment":[{"href":"https:\/\/serbenidorm.daliisolutions.com\/index.php\/wp-json\/wp\/v2\/media?parent=8510"}],"wp:term":[{"taxonomy":"category","embeddable":true,"href":"https:\/\/serbenidorm.daliisolutions.com\/index.php\/wp-json\/wp\/v2\/categories?post=8510"},{"taxonomy":"post_tag","embeddable":true,"href":"https:\/\/serbenidorm.daliisolutions.com\/index.php\/wp-json\/wp\/v2\/tags?post=8510"}],"curies":[{"name":"wp","href":"https:\/\/api.w.org\/{rel}","templated":true}]}}