{"id":8512,"date":"2024-09-18T20:21:04","date_gmt":"2024-09-18T18:21:04","guid":{"rendered":"https:\/\/serbenidorm.daliisolutions.com\/index.php\/2024\/09\/18\/david-selles-y-fede-fuster-vuelven-a-competir-este-fin-de-semana-en-benidorm\/"},"modified":"2024-09-18T20:21:04","modified_gmt":"2024-09-18T18:21:04","slug":"david-selles-y-fede-fuster-vuelven-a-competir-este-fin-de-semana-en-benidorm","status":"publish","type":"post","link":"https:\/\/serbenidorm.daliisolutions.com\/index.php\/2024\/09\/18\/david-selles-y-fede-fuster-vuelven-a-competir-este-fin-de-semana-en-benidorm\/","title":{"rendered":"David Sell\u00e9s y Fede Fuster vuelven a competir este fin de semana en Benidorm"},"content":{"rendered":"  <p>Benidorm<\/p>   <p>La bah\u00eda de Benidorm acoger\u00e1 el pr\u00f3ximo fin de semana el Campeonato de Espa\u00f1a de motos acu\u00e1ticas, una disciplina deportiva en la que la ciudad tuvo en el pasado a algunos de los mejores deportistas del mundo con Fede Fuster y, sobre todo, David Sell\u00e9s.<\/p>   <p>Ahora, la capital tur\u00edstica de la Costa Blanca volver\u00e1 a vibrar con uno de los deportes acu\u00e1ticos m\u00e1s espectaculares y con el regreso a la competici\u00f3n, aunque sea de manera anecd\u00f3tica, de esos dos hist\u00f3ricos atletas.<\/p>   <p>Este mi\u00e9rcoles, Fede Fuster ha sido, junto al presidente de la Federaci\u00f3n Valenciana de Moton\u00e1utica, Julio L\u00f3pez, uno de los invitados de <a href=\"https:\/\/cadenaser.com\/radio-benidorm\/ser-deportivos-benidorm\/\">SER Deportivos Marina Baixa<\/a> en una edici\u00f3n en la que ambos han desgranado el programa de carreras y los detalles de este regreso de las motos de agua a Benidorm.<\/p> ","protected":false},"excerpt":{"rendered":"<p>Las dos leyendas de las motos de agua formar\u00e1n en el Campeonato de Espa\u00f1a que se disputa en la capital tur\u00edstica<\/p>\n","protected":false},"author":0,"featured_media":8513,"comment_status":"open","ping_status":"open","sticky":false,"template":"","format":"standard","meta":{"_acf_changed":false,"footnotes":""},"categories":[16],"tags":[],"class_list":["post-8512","post","type-post","status-publish","format-standard","has-post-thumbnail","hentry","category-deportes"],"acf":{"ser_id":"W36CISY42VG2HIRLD4MAFM3S5M","ser_url":"https:\/\/cadenaser.com\/comunitat-valenciana\/2024\/09\/18\/david-selles-y-fede-fuster-vuelven-a-competir-este-fin-de-semana-en-benidorm-radio-benidorm\/"},"_links":{"self":[{"href":"https:\/\/serbenidorm.daliisolutions.com\/index.php\/wp-json\/wp\/v2\/posts\/8512","targetHints":{"allow":["GET"]}}],"collection":[{"href":"https:\/\/serbenidorm.daliisolutions.com\/index.php\/wp-json\/wp\/v2\/posts"}],"about":[{"href":"https:\/\/serbenidorm.daliisolutions.com\/index.php\/wp-json\/wp\/v2\/types\/post"}],"replies":[{"embeddable":true,"href":"https:\/\/serbenidorm.daliisolutions.com\/index.php\/wp-json\/wp\/v2\/comments?post=8512"}],"version-history":[{"count":0,"href":"https:\/\/serbenidorm.daliisolutions.com\/index.php\/wp-json\/wp\/v2\/posts\/8512\/revisions"}],"wp:featuredmedia":[{"embeddable":true,"href":"https:\/\/serbenidorm.daliisolutions.com\/index.php\/wp-json\/wp\/v2\/media\/8513"}],"wp:attachment":[{"href":"https:\/\/serbenidorm.daliisolutions.com\/index.php\/wp-json\/wp\/v2\/media?parent=8512"}],"wp:term":[{"taxonomy":"category","embeddable":true,"href":"https:\/\/serbenidorm.daliisolutions.com\/index.php\/wp-json\/wp\/v2\/categories?post=8512"},{"taxonomy":"post_tag","embeddable":true,"href":"https:\/\/serbenidorm.daliisolutions.com\/index.php\/wp-json\/wp\/v2\/tags?post=8512"}],"curies":[{"name":"wp","href":"https:\/\/api.w.org\/{rel}","templated":true}]}}