{"id":853,"date":"2023-12-22T14:59:17","date_gmt":"2023-12-22T13:59:17","guid":{"rendered":"https:\/\/serbenidorm.daliisolutions.com\/index.php\/2023\/12\/22\/el-gordo-un-recuerdo-de-benidorm-que-miguel-reparte-desde-la-playa-de-poniente\/"},"modified":"2023-12-22T14:59:17","modified_gmt":"2023-12-22T13:59:17","slug":"el-gordo-un-recuerdo-de-benidorm-que-miguel-reparte-desde-la-playa-de-poniente","status":"publish","type":"post","link":"https:\/\/serbenidorm.daliisolutions.com\/index.php\/2023\/12\/22\/el-gordo-un-recuerdo-de-benidorm-que-miguel-reparte-desde-la-playa-de-poniente\/","title":{"rendered":"El Gordo, un \u2018recuerdo de Benidorm\u2019 que Miguel reparte desde la playa de Poniente"},"content":{"rendered":"  <p>Benidorm<\/p>   <p>El Gordo m\u00e1s tard\u00edo de la historia del sorteo de la Loter\u00eda de Navidad, que ha reca\u00eddo en el n\u00famero 88.008, <a href=\"https:\/\/cadenaser.com\/tag\/benidorm\/a\/\" target=\"_blank\" rel=\"noopener\">ha dejado un \u2018pellizco\u2019 en Benidorm<\/a>. Ha sido un primer premio, adem\u00e1s de tard\u00edo, muy repartido.<\/p>   <p>Emocionad\u00edsimo, Miguel, propietario de \u2018Benidorm playa\u2019, una administraci\u00f3n mixta que vende loter\u00eda y prensa diaria, ha asegurado que \u201cno me acuerdo de cu\u00e1ndo los vend\u00ed porque aqu\u00ed llevamos vendiendo Loter\u00eda de Navidad desde el mes de julio\u201d.<\/p>   <p><p>M\u00e1s informaci\u00f3n<\/p><figure><img decoding=\"async\" src=\"https:\/\/cadenaser.com\/resizer\/9vWvog6Xu58aXBBEKubFkPX4j7g=\/650x366\/filters:quality(70)\/cloudfront-eu-central-1.images.arcpublishing.com\/prisaradio\/VBBKJ7562BB2HC35QL6RXQ7VBI.jpeg\" loading=\"lazy\" width=\"828\" height=\"621\" \/><\/figure><ul><li><a href=\"https:\/\/cadenaser.com\/comunitat-valenciana\/2023\/12\/22\/un-establecimiento-de-benidorm-da-un-quinto-premio-del-sorteo-de-navidad-tras-sufrir-un-robo-la-noche-antes-radio-benidorm\/\">Va a celebrar un premio de la Loter\u00eda de Navidad y descubre en el momento que le han robado<\/a><\/li><\/ul><\/p>   <p>Lo que s\u00ed es seguro es que ninguno de los tres d\u00e9cimos se han quedado en Benidorm ya que por el negocio no se ha dejado caer ning\u00fan vecino y tampoco \u201cme ha llamado nadie. Mis clientes de Benidorm suelen jugar n\u00fameros fijos, que terminan en 15 y 69\u201d.<\/p>   <p>Ese 88.008 estaba incluido en un paquete que, explica Miguel, vende a modo de suvenir de la ciudad. \u201cSiempre vendo lotes de diez n\u00fameros en los que pone \u2018recuerdo de Benidorm\u2019. Por lo tanto, puede estar en cualquier parte de Espa\u00f1a\u2026 o del extranjero\u201d porque en este establecimiento a pie de la playa de Poniente \u201ctengo clientes hasta en Australia y en Suiza\u201d. Unos de los \u2018sospechosos\u2019 nuevos millonarios podr\u00edan estar, incluso, en las ant\u00edpodas de nuestro pa\u00eds ya que \u201cun grupo de la Casa de S\u00eddney, en Australia, se lleva siempre un n\u00famero\u201d.<\/p>   <p>Loter\u00eda viajera<\/p>   <p>Y pese a no haber sido sin\u00f3nimo de suerte local, Miguel reconoce estar \u201ccontent\u00edsimo\u201d. En resumen, como sentencia el propietario de la administraci\u00f3n, \u201cesto es Benidorm. Somos la capital del turismo mundial\u201d. Seguramente, no hay mejor demostraci\u00f3n de que esa actividad es, como se defiende tantas veces desde el sector \u2018la industria de la felicidad\u2019.<\/p>   <p>Miguel, que es de La Vila Joiosa, explica que este es \u201cel segundo gordo que doy y hoy, adem\u00e1s, he dado un quinto premio, del que he vendido un d\u00e9cimo\u201d.<\/p>   <p>Esta ha sido, para Miguel, la mejor manera de redondear un 2023 en el que \u201che vendido mucha m\u00e1s loter\u00eda que otros a\u00f1os. Benidorm ha estado como nunca y hemos vendido a nivel de 2018, el mejor a\u00f1o despu\u00e9s de la pandemia\u201d.<\/p> ","protected":false},"excerpt":{"rendered":"<p>Tres d\u00e9cimos del 88.008 han viajado a alg\u00fan punto de Espa\u00f1a o, incluso, podr\u00edan haber llegado a Australia<\/p>\n","protected":false},"author":0,"featured_media":854,"comment_status":"open","ping_status":"open","sticky":false,"template":"","format":"standard","meta":{"_acf_changed":false,"footnotes":""},"categories":[1],"tags":[],"class_list":["post-853","post","type-post","status-publish","format-standard","has-post-thumbnail","hentry","category-sin-categoria"],"acf":{"ser_id":"OQ323EA3YBEFDLVSSVNKEOSU7A","ser_url":"https:\/\/cadenaser.com\/comunitat-valenciana\/2023\/12\/22\/el-gordo-un-recuerdo-de-benidorm-que-miguel-reparte-desde-la-playa-de-poniente-radio-benidorm\/"},"_links":{"self":[{"href":"https:\/\/serbenidorm.daliisolutions.com\/index.php\/wp-json\/wp\/v2\/posts\/853","targetHints":{"allow":["GET"]}}],"collection":[{"href":"https:\/\/serbenidorm.daliisolutions.com\/index.php\/wp-json\/wp\/v2\/posts"}],"about":[{"href":"https:\/\/serbenidorm.daliisolutions.com\/index.php\/wp-json\/wp\/v2\/types\/post"}],"replies":[{"embeddable":true,"href":"https:\/\/serbenidorm.daliisolutions.com\/index.php\/wp-json\/wp\/v2\/comments?post=853"}],"version-history":[{"count":0,"href":"https:\/\/serbenidorm.daliisolutions.com\/index.php\/wp-json\/wp\/v2\/posts\/853\/revisions"}],"wp:featuredmedia":[{"embeddable":true,"href":"https:\/\/serbenidorm.daliisolutions.com\/index.php\/wp-json\/wp\/v2\/media\/854"}],"wp:attachment":[{"href":"https:\/\/serbenidorm.daliisolutions.com\/index.php\/wp-json\/wp\/v2\/media?parent=853"}],"wp:term":[{"taxonomy":"category","embeddable":true,"href":"https:\/\/serbenidorm.daliisolutions.com\/index.php\/wp-json\/wp\/v2\/categories?post=853"},{"taxonomy":"post_tag","embeddable":true,"href":"https:\/\/serbenidorm.daliisolutions.com\/index.php\/wp-json\/wp\/v2\/tags?post=853"}],"curies":[{"name":"wp","href":"https:\/\/api.w.org\/{rel}","templated":true}]}}