{"id":8547,"date":"2024-09-19T19:08:21","date_gmt":"2024-09-19T17:08:21","guid":{"rendered":"https:\/\/serbenidorm.daliisolutions.com\/index.php\/2024\/09\/19\/vox-no-apoyara-en-la-vila-joiosa-el-manifiesto-contra-la-violencia-en-el-deporte\/"},"modified":"2024-09-19T19:08:21","modified_gmt":"2024-09-19T17:08:21","slug":"vox-no-apoyara-en-la-vila-joiosa-el-manifiesto-contra-la-violencia-en-el-deporte","status":"publish","type":"post","link":"https:\/\/serbenidorm.daliisolutions.com\/index.php\/2024\/09\/19\/vox-no-apoyara-en-la-vila-joiosa-el-manifiesto-contra-la-violencia-en-el-deporte\/","title":{"rendered":"Vox no apoyar\u00e1 en La Vila Joiosa el manifiesto contra la violencia en el deporte"},"content":{"rendered":"  <p>La Vila Joiosa<\/p>   <p>El pleno de septiembre en La Vila Joiosa no se ha escapado a la <a href=\"https:\/\/cadenaser.com\/comunitat-valenciana\/2024\/09\/17\/denuncian-al-portavoz-de-vox-en-la-vila-joiosa-por-romperle-la-nariz-a-un-menor-durante-un-partido-de-balonmano-radio-benidorm\/\" target=\"_blank\" rel=\"noopener\">presunta agresi\u00f3n del portavoz de Vox en el Ayuntamiento<\/a> a un menor de edad en el trascurso de un partido de balonmano en el que ambos compet\u00edan.<\/p>   <p>David Moreno ha manifestado a la corporaci\u00f3n su intenci\u00f3n de guardar silencio al estar el asunto judicializado y el resto de grupos, que han afeado al concejal su actitud, llevar\u00e1n a la pr\u00f3xima sesi\u00f3n un manifiesto contra la violencia en el deporte del que el partido de ultraderecha se desmarca.<\/p>   <p>El PSOE ha planteado ese manifiesto y, aunque asegura respetar la presunci\u00f3n de inocencia, su portavoz Andreu Verd\u00fa ha manifestado que \u201csi el concejal fuera condenado por agresi\u00f3n no podr\u00eda seguir representando a La Vila<b> <\/b>en el sal\u00f3n de plenos\u201d.<\/p>  <p><p class=\"tit\"><span>Hora 14 Benidorm (19\/09\/2024)<\/span><\/p> <p class=\"emb\"><iframe loading=\"lazy\" src=\"https:\/\/cadenaser.com\/embed\/audio\/460\/cadenaser_benidorm_hora14benidorm_20240919_141700_143000\/\" width=\"100%\" height=\"360\" frameborder=\"0\" allowfullscreen><\/iframe><\/p><\/p>   <p>Piden m\u00e1s guardias civiles<\/p>   <p>Dentro del orden del d\u00eda se ha aprobado la solicitud al Ministerio del Interior de un aumento de las plazas de guardias civiles y durante el punto la oposici\u00f3n ha aprovechado para pedir tambi\u00e9n que se solicite de nuevo la presencia de la Polic\u00eda Nacional en la ciudad y que se aumente la plantilla de la Polic\u00eda Local.<\/p>   <p>Adem\u00e1s el gobierno local ha informado de que la Generalitat devolver\u00e1 m\u00e1s de un mill\u00f3n de euros que el Ayuntamiento invirti\u00f3 en la construcci\u00f3n del nuevo colegio Doctor \u00c1lvaro Esquerdo.<\/p>   <p>     .c-w{         max-width:444px;         width:100%;         margin:16px auto;      background:#00755E;         border-radius:4px;         display:flex;         align-items:center;         justify-content:center;     }     .c-w a{         display:flex;         align-items:center;         justify-content:center;         padding:4px 24px;     }     .c-w img{         width:24px;         margin-right:12px;     }     .c-w p{         font:18px\/25px Poppins;         text-align:center;         color:#fff;         margin:0;     }     @media (max-width:444px){         .c-w a{             padding:4px 12px;         }         .c-w img{             width:24px;             margin-right:8px;         }         .c-w p{             font:14px\/25px Poppins;         }     }     @media (max-width:335px){         .c-w p{             font:13px\/25px Poppins;         }     }  <div class=\"c-w\">     <a href=\"https:\/\/www.whatsapp.com\/channel\/0029Va633PF9WtC4l7XUzh1e\" target=\"_blank\" rel=\"noopener\">         <img decoding=\"async\" src=\"https:\/\/cadenaser.com\/estaticos\/recursosgraficos\/responsive\/img\/ico-whatsapp.svg\" alt=\"Whatsapp\">         <p>\u00danete al <b>canal de WhatsApp<\/b> de la SER<\/p>     <\/a> <\/div><\/p> ","protected":false},"excerpt":{"rendered":"<p>Tras la denuncia a su portavoz por agredir a un menor durante un partido<\/p>\n","protected":false},"author":0,"featured_media":8548,"comment_status":"open","ping_status":"open","sticky":false,"template":"","format":"standard","meta":{"_acf_changed":false,"footnotes":""},"categories":[1],"tags":[],"class_list":["post-8547","post","type-post","status-publish","format-standard","has-post-thumbnail","hentry","category-sin-categoria"],"acf":{"ser_id":"FYR3IJNJ6RDDLGKUTT46VBFPXU","ser_url":"https:\/\/cadenaser.com\/comunitat-valenciana\/2024\/09\/19\/vox-no-apoyara-en-la-vila-joiosa-el-manifiesto-contra-la-violencia-en-el-deporte-radio-benidorm\/"},"_links":{"self":[{"href":"https:\/\/serbenidorm.daliisolutions.com\/index.php\/wp-json\/wp\/v2\/posts\/8547","targetHints":{"allow":["GET"]}}],"collection":[{"href":"https:\/\/serbenidorm.daliisolutions.com\/index.php\/wp-json\/wp\/v2\/posts"}],"about":[{"href":"https:\/\/serbenidorm.daliisolutions.com\/index.php\/wp-json\/wp\/v2\/types\/post"}],"replies":[{"embeddable":true,"href":"https:\/\/serbenidorm.daliisolutions.com\/index.php\/wp-json\/wp\/v2\/comments?post=8547"}],"version-history":[{"count":0,"href":"https:\/\/serbenidorm.daliisolutions.com\/index.php\/wp-json\/wp\/v2\/posts\/8547\/revisions"}],"wp:featuredmedia":[{"embeddable":true,"href":"https:\/\/serbenidorm.daliisolutions.com\/index.php\/wp-json\/wp\/v2\/media\/8548"}],"wp:attachment":[{"href":"https:\/\/serbenidorm.daliisolutions.com\/index.php\/wp-json\/wp\/v2\/media?parent=8547"}],"wp:term":[{"taxonomy":"category","embeddable":true,"href":"https:\/\/serbenidorm.daliisolutions.com\/index.php\/wp-json\/wp\/v2\/categories?post=8547"},{"taxonomy":"post_tag","embeddable":true,"href":"https:\/\/serbenidorm.daliisolutions.com\/index.php\/wp-json\/wp\/v2\/tags?post=8547"}],"curies":[{"name":"wp","href":"https:\/\/api.w.org\/{rel}","templated":true}]}}