{"id":8549,"date":"2024-09-19T19:08:22","date_gmt":"2024-09-19T17:08:22","guid":{"rendered":"https:\/\/serbenidorm.daliisolutions.com\/index.php\/2024\/09\/19\/consulta-aqui-toda-la-programacion-de-la-nueva-temporada-del-auditori-de-la-nucia\/"},"modified":"2024-09-19T19:08:22","modified_gmt":"2024-09-19T17:08:22","slug":"consulta-aqui-toda-la-programacion-de-la-nueva-temporada-del-auditori-de-la-nucia","status":"publish","type":"post","link":"https:\/\/serbenidorm.daliisolutions.com\/index.php\/2024\/09\/19\/consulta-aqui-toda-la-programacion-de-la-nueva-temporada-del-auditori-de-la-nucia\/","title":{"rendered":"Consulta aqu\u00ed toda la programaci\u00f3n de la nueva temporada del Auditori de La Nuc\u00eda"},"content":{"rendered":"  <p>La Nuc\u00eda<\/p>   <p>El cantante Mikel Erentxun ser\u00e1 uno de los protagonistas junto con a Celtas Cortos, Ara Malikian, Revolver o el flamenco de Diego El Cigala de la nueva programaci\u00f3n 2024-2025 de l\u2019Auditori de La Nuc\u00eda. As\u00ed lo ha destacado el concejal de Cultura de La Nuc\u00eda, Pedro Lloret, en Hoy por Hoy Benidorm quien tambi\u00e9n ha informado que la programaci\u00f3n arranca este mismo fin de semana. \u00abEl s\u00e1bado 21 de septiembre tendremos la producci\u00f3n \u201cRoad to Hell\u201d, basado en las canciones de AC\/DC\u00bb ha se\u00f1alado.<\/p>   <p>Lloret tambi\u00e9n ha destacado la actuaci\u00f3n del humorista \u00c1ngel Mart\u00edn y de los desternillantes Clownic (tr\u00edo creado por Tricicle). A nivel teatral volver\u00e1 a l\u2019Auditori el mejor teatro nacional con Jos\u00e9 Sacrist\u00e1n y la obra \u201cLa Colecci\u00f3n\u201d. Tambi\u00e9n habr\u00e1 espacio para la \u00f3pera con \u201cMadama Butterfly\u201d y la zarzuela con \u201cLa Verbena de la Paloma\u201d.  La programaci\u00f3n tendr\u00e1 tributos como el \u201cHomenaje a Mar\u00eda Dolores Pradera\u201d por Nuria Ferg\u00f3, \u201cDe la Piquer a Navarro\u201d por Diana Navarro, \u201cThe Great Songs of Dire Straits\u201d, \u201cThe Best of Soul\u201d.<\/p>  <p><figure><img loading=\"lazy\" decoding=\"async\" src=\"https:\/\/cadenaser.com\/resizer\/v2\/XXFUADGSNNEUBLN5EFHDQZPINI.jpg?auth=0dd42af6872d4049343e6b9fd86d45155ed97677c8de6743a91ebb978a7970b3&amp;quality=70&amp;width=650&amp;height=780&amp;smart=true\" width=\"5\" height=\"6\" \/><\/figure><button class=\"bt-am\">Ampliar<\/button><\/p>   <p>41 actuaciones: 44% gratuitas<\/p>   <p>La nueva programaci\u00f3n l\u2019Auditori de La Nuc\u00eda para esta temporada 2024-2025, con 41 actuaciones programadas, desde septiembre de 2024 hasta julio de 2025, de las cuales el 44% son gratuitas o solidarias. \u00abPara hacer llegar la cultura a toda la sociedad, objetivo de la Concejal\u00eda de Cultura y el Ayuntamiento de La Nuc\u00eda\u00bb, a\u00f1ade el edil.<\/p>   <p>M\u00fasica de gran nivel<\/p>   <p>El cantante Mikel Erentxun har\u00e1 una parada en La Nuc\u00eda el 26 de octubre dentro de la gira de su nuevo disco Septiembre. Una oportunidad \u00fanica para ver a uno de los referentes del pop espa\u00f1ol, primero con el m\u00edtico grupo Duncan Dhu y despu\u00e9s en solitario. El p\u00fablico de l\u2019Auditori disfrutar\u00e1 de Celtas Cortos en formato sinf\u00f3nico estrenando \u201cSolos ante el peligro\u201d el s\u00e1bado 11 de enero. La m\u00edtica banda Revolver, capitaneada por Carlos Go\u00f1i, presentar\u00e1 en La Nuc\u00eda su decimotercer disco \u201cPlaylist\u201d dentro su gira 2025, el 9 de marzo.<\/p>   <p>Ara Malikian y Diego El Cigala \u201cvuelven\u201d<\/p>   <p>Tras su lleno absoluto del pasado a\u00f1o vuelve el flamenco y el cante jondo del prestigioso cantaor Diego El Cigala, el 22 de marzo a l\u2019Auditori de La Nuc\u00eda. El prestigioso violinista Ara Malikian retornar\u00e1 al escenario nuciero (17 de noviembre), tras agotar las entradas en sus dos \u00faltimas visitas (2022 y 2023).<\/p>   <p>     .c-w{         max-width:444px;         width:100%;         margin:16px auto;      background:#00755E;         border-radius:4px;         display:flex;         align-items:center;         justify-content:center;     }     .c-w a{         display:flex;         align-items:center;         justify-content:center;         padding:4px 24px;     }     .c-w img{         width:24px;         margin-right:12px;     }     .c-w p{         font:18px\/25px Poppins;         text-align:center;         color:#fff;         margin:0;     }     @media (max-width:444px){         .c-w a{             padding:4px 12px;         }         .c-w img{             width:24px;             margin-right:8px;         }         .c-w p{             font:14px\/25px Poppins;         }     }     @media (max-width:335px){         .c-w p{             font:13px\/25px Poppins;         }     }  <div class=\"c-w\">     <a href=\"https:\/\/www.whatsapp.com\/channel\/0029Va633PF9WtC4l7XUzh1e\" target=\"_blank\" rel=\"noopener\">         <img decoding=\"async\" src=\"https:\/\/cadenaser.com\/estaticos\/recursosgraficos\/responsive\/img\/ico-whatsapp.svg\" alt=\"Whatsapp\">         <p>\u00danete al <b>canal de WhatsApp<\/b> de la SER<\/p>     <\/a> <\/div><\/p>   <p>Dentro de su gira de \u201c30 Aniversario\u201d Elefantes retornar\u00e1n a l\u2019Auditori de La Nuc\u00eda (17 de mayo), donde iniciaron este tour.<\/p>   <p> Rock, Soul y Gospel<\/p>   <p>Este s\u00e1bado 21 de septiembre el espect\u00e1culo \u201cRoad To Hell\u201d, basado en canciones de AC\/DC, abre esta programaci\u00f3n de l\u2019Auditori de La Nuc\u00eda. Ser\u00e1 el estreno de esta producci\u00f3n musical que despu\u00e9s girar\u00e1 por toda Espa\u00f1a. Habr\u00e1 m\u00e1s tributos rockeros como \u201cThe Great Song of Dire Straits\u201d y espacio para otros tipos de m\u00fasica como con las actuaciones \u201cGospel Factory\u201d (15 de diciembre), \u201cThe Best of Soul\u201d (25 de enero) o \u201cSaturday Night Disco\u201d (31 de mayo)<\/p>   <p>Mejor Teatro Nacional con Jos\u00e9 Sacrist\u00e1n<\/p>   <p>El Mejor teatro nacional vuelve a l\u2019Auditori de La Nuc\u00eda con el legendario actor Jos\u00e9 Sacrist\u00e1n con la obra \u201cLa Colecci\u00f3n\u201d (24 de mayo), que gira por los mejores teatros de Espa\u00f1a tras un gran \u00e9xito en Madrid.<\/p>   <p>Zarzuela, \u00d3pera, danza y homenajes<\/p>   <p>En esta programaci\u00f3n vuelve la \u00f3pera con \u201cMadama Butterfly\u201d de Puccini el s\u00e1bado 5 de abril y tambi\u00e9n la zarzuela con \u201cLa Verbena de la Paloma\u201d (10 de mayo). Tambi\u00e9n habr\u00e1 espacio para el \u201cHomenaje a Mar\u00eda Pradera\u201d (18 de octubre) protagonizado por la cantante Nuria Ferg\u00f3 y para \u201cDe la Piquer a la Navarro\u201d con coplas del siglo XX en el Siglo XXI con la voz de Diana Navarro.  Habr\u00e1 m\u00e1s l\u00edrica con \u201cMar\u00eda Callas Sfogato\u201d el 9 de febrero y espacio para la Danza con \u201cQuimera\u201d de A3 Danza el 5 de diciembre. <\/p>   <p>Humor con \u00c1ngel Mart\u00edn y Clownic <\/p>   <p>El humor tendr\u00e1 su protagonismo en esta programaci\u00f3n con la actuaci\u00f3n del prestigioso humorista \u00c1ngel Mart\u00edn el 1 de marzo en l\u2019Auditori. Las risas tambi\u00e9n estar\u00e1n presentes con Clownic, que presentan su espect\u00e1culo \u201cHotel Flamingo\u201d el 1 de febrero.<\/p>   <p>M\u00fasica Cl\u00e1sica y de banda<\/p>   <p>Como siempre la m\u00fasica de banda tendr\u00e1 su espacio en esta programaci\u00f3n de l\u2019Auditori con los conciertos de la Uni\u00f3 Musical de La Nuc\u00eda, por 9 d\u2019octubre, \u201cSanta Cecilia\u201d (1 de diciembre), \u201cNadal\u201d (20 de diciembre), \u201cPrimavera\u201d (15 de marzo), con direcci\u00f3n de Ram\u00f3n Lorente. As\u00ed como la Coral y Banda Jove.<\/p>   <p>El \u201cConcierto de Fin de A\u00f1o\u201d contar\u00e1 con la actuaci\u00f3n de la Orquesta de J\u00f3venes de la Provincia de Alicante. <\/p>   <p>Festival de Cortos y Cantajuego <\/p>   <p>El XI Festival de Cortos de La Nuc\u00eda donde se proyectar\u00e1n los mejores cortos del panorama nacional, ser\u00e1 el 30 y 31 de octubre. Para el p\u00fablico infantil llega a l\u2019Auditori el CantaJuego \u201cMegahits\u201d (29 de marzo). <\/p>   <p>Entradas a la venta<\/p>   <p>Las entradas para las actuaciones de la nueva programaci\u00f3n de l\u2019Auditori de La Nuc\u00eda est\u00e1n a la venta a trav\u00e9s de dos plataformas, unas est\u00e1n a la venta en el portal <a href=\"http:\/\/entradas.com\" rel=\"nofollow noopener\" target=\"_blank\">entradas.com<\/a> y otras a trav\u00e9s del portal Instanticket, tel\u00e9fono: 902 444 300 y en las taquillas del propio Auditori.<\/p>   <p>Muchas de las actuaciones tienen descuentos en las entradas para menores de 16 a\u00f1os, Carnet Jove, jubilados y pensionistas y grupos de m\u00e1s de 20 personas.<\/p> ","protected":false},"excerpt":{"rendered":"<p>Mikel Erentxum, Celtas Cortos, Ara Malikian, Revolver, Diego el Cigala, \u00c1ngel Martin o Jos\u00e9 Sacrist\u00e1n forman parte del cartel<\/p>\n","protected":false},"author":0,"featured_media":8550,"comment_status":"open","ping_status":"open","sticky":false,"template":"","format":"standard","meta":{"_acf_changed":false,"footnotes":""},"categories":[1],"tags":[],"class_list":["post-8549","post","type-post","status-publish","format-standard","has-post-thumbnail","hentry","category-sin-categoria"],"acf":{"ser_id":"MEJFIVXBK5BWBEC5YCOARCSXSY","ser_url":"https:\/\/cadenaser.com\/comunitat-valenciana\/2024\/09\/19\/consulta-aqui-toda-la-programacion-de-la-nueva-temporada-del-auditori-de-la-nucia-radio-benidorm\/"},"_links":{"self":[{"href":"https:\/\/serbenidorm.daliisolutions.com\/index.php\/wp-json\/wp\/v2\/posts\/8549","targetHints":{"allow":["GET"]}}],"collection":[{"href":"https:\/\/serbenidorm.daliisolutions.com\/index.php\/wp-json\/wp\/v2\/posts"}],"about":[{"href":"https:\/\/serbenidorm.daliisolutions.com\/index.php\/wp-json\/wp\/v2\/types\/post"}],"replies":[{"embeddable":true,"href":"https:\/\/serbenidorm.daliisolutions.com\/index.php\/wp-json\/wp\/v2\/comments?post=8549"}],"version-history":[{"count":0,"href":"https:\/\/serbenidorm.daliisolutions.com\/index.php\/wp-json\/wp\/v2\/posts\/8549\/revisions"}],"wp:featuredmedia":[{"embeddable":true,"href":"https:\/\/serbenidorm.daliisolutions.com\/index.php\/wp-json\/wp\/v2\/media\/8550"}],"wp:attachment":[{"href":"https:\/\/serbenidorm.daliisolutions.com\/index.php\/wp-json\/wp\/v2\/media?parent=8549"}],"wp:term":[{"taxonomy":"category","embeddable":true,"href":"https:\/\/serbenidorm.daliisolutions.com\/index.php\/wp-json\/wp\/v2\/categories?post=8549"},{"taxonomy":"post_tag","embeddable":true,"href":"https:\/\/serbenidorm.daliisolutions.com\/index.php\/wp-json\/wp\/v2\/tags?post=8549"}],"curies":[{"name":"wp","href":"https:\/\/api.w.org\/{rel}","templated":true}]}}