{"id":8551,"date":"2024-09-19T19:08:26","date_gmt":"2024-09-19T17:08:26","guid":{"rendered":"https:\/\/serbenidorm.daliisolutions.com\/index.php\/2024\/09\/19\/un-museo-una-bolera-y-tres-empresarios-estos-seran-los-reconocimientos-de-benidorm-en-el-dia-del-turismo\/"},"modified":"2024-09-19T19:08:26","modified_gmt":"2024-09-19T17:08:26","slug":"un-museo-una-bolera-y-tres-empresarios-estos-seran-los-reconocimientos-de-benidorm-en-el-dia-del-turismo","status":"publish","type":"post","link":"https:\/\/serbenidorm.daliisolutions.com\/index.php\/2024\/09\/19\/un-museo-una-bolera-y-tres-empresarios-estos-seran-los-reconocimientos-de-benidorm-en-el-dia-del-turismo\/","title":{"rendered":"Un museo, una bolera y tres empresarios: estos ser\u00e1n los reconocimientos de Benidorm en el D\u00eda del Turismo"},"content":{"rendered":"  <p>Benidorm<\/p>   <p>El Ayuntamiento de Benidorm distinguir\u00e1 al Museo Nacional del Prado con el Premio de Turismo \u2018Ciutat de Benidorm\u2019 en la categor\u00eda internacional por ser \u00abel mayor atractivo cultural de nuestro pa\u00eds y por su enorme proyecci\u00f3n dentro y fuera de nuestras fronteras\u00bb.<\/p>   <p>Igualmente, <a href=\"https:\/\/cadenaser.com\/tag\/benidorm\/a\/\" target=\"_blank\" rel=\"noopener\">el empresario hotelero Jos\u00e9 Mar\u00eda Caball\u00e9 recibir\u00e1 la \u2018Menci\u00f3n Especial\u2019 de estos premios; mientras que el hostelero Jos\u00e9 Luis Yzuel, el empresario Miguel \u00c1ngel Sotillos y la empresa Bowling Benidorm<\/a>, ser\u00e1n reconocidos en las categor\u00edas nacional, auton\u00f3mica y local, respectivamente.<\/p>  <p><p>M\u00e1s informaci\u00f3n<\/p><figure><img loading=\"lazy\" decoding=\"async\" src=\"https:\/\/cadenaser.com\/resizer\/v2\/4HOZQFKJH2LK6A333CH2GBL2SM.jpg?auth=4f784862541e8687bb8bd4c46712290aac3cd224ad29b076db5e9981ecf27a3a&amp;quality=70&amp;width=360&amp;height=202&amp;smart=true\" width=\"820\" height=\"621\" \/><\/figure><ul><li><a href=\"https:\/\/cadenaser.com\/comunitat-valenciana\/2024\/09\/18\/un-policia-de-benidorm-salva-la-vida-de-un-nino-por-segunda-vez-este-ano-radio-benidorm\/\"><span>Un polic\u00eda de Benidorm salva la vida de un ni\u00f1o por segunda vez este a\u00f1o<\/span><\/a><\/li><\/ul><\/p>   <p>As\u00ed lo ha acordado la Junta de Portavoces, a propuesta del alcalde de la ciudad, Toni P\u00e9rez, quien ha trasladado p\u00fablicamente la felicitaci\u00f3n a todos los premiados en esta edici\u00f3n.<\/p>   <p>Como es habitual, estos galardones se entregar\u00e1n en un acto institucional que tendr\u00e1 lugar el pr\u00f3ximo viernes, 27 de septiembre, coincidiendo con la celebraci\u00f3n del D\u00eda Mundial del Turismo, un d\u00eda que el consistorio benidormense aprovecha para rendir homenaje a personas e instituciones que, de una forma u otra, tienen una destacada relevancia en la principal industria local.<\/p>   <p>Junto a la entrega de este galard\u00f3n, tambi\u00e9n el mismo 27 de septiembre, Benidorm y El Prado estrechar\u00e1n a\u00fan m\u00e1s sus lazos gracias a la exposici\u00f3n \u2018El Prado en las Calles\u2019, promovida por el Museo Nacional y la Fundaci\u00f3n Iberdrola, y que estrena en la ciudad su recorrido por la Comunitat Valenciana.<\/p>   <p>     .c-w{         max-width:444px;         width:100%;         margin:16px auto;      background:#00755E;         border-radius:4px;         display:flex;         align-items:center;         justify-content:center;     }     .c-w a{         display:flex;         align-items:center;         justify-content:center;         padding:4px 24px;     }     .c-w img{         width:24px;         margin-right:12px;     }     .c-w p{         font:18px\/25px Poppins;         text-align:center;         color:#fff;         margin:0;     }     @media (max-width:444px){         .c-w a{             padding:4px 12px;         }         .c-w img{             width:24px;             margin-right:8px;         }         .c-w p{             font:14px\/25px Poppins;         }     }     @media (max-width:335px){         .c-w p{             font:13px\/25px Poppins;         }     }  <div class=\"c-w\">     <a href=\"https:\/\/www.whatsapp.com\/channel\/0029Va633PF9WtC4l7XUzh1e\" target=\"_blank\" rel=\"noopener\">         <img decoding=\"async\" src=\"https:\/\/cadenaser.com\/estaticos\/recursosgraficos\/responsive\/img\/ico-whatsapp.svg\" alt=\"Whatsapp\">         <p>\u00danete al <b>canal de WhatsApp<\/b> de la SER<\/p>     <\/a> <\/div><\/p> ","protected":false},"excerpt":{"rendered":"<p>Una parte del Museo del Prado de Madrid llegar\u00e1 a Benidorm con la exposici\u00f3n \u2018El Prado en las Calles\u2019<\/p>\n","protected":false},"author":0,"featured_media":8552,"comment_status":"open","ping_status":"open","sticky":false,"template":"","format":"standard","meta":{"_acf_changed":false,"footnotes":""},"categories":[1],"tags":[],"class_list":["post-8551","post","type-post","status-publish","format-standard","has-post-thumbnail","hentry","category-sin-categoria"],"acf":{"ser_id":"CX2L3AYIBBBDXE25UVSDMAKZJY","ser_url":"https:\/\/cadenaser.com\/comunitat-valenciana\/2024\/09\/19\/un-museo-una-bolera-y-tres-empresarios-estos-seran-los-reconocimientos-de-benidorm-en-el-dia-del-turismo-radio-benidorm\/"},"_links":{"self":[{"href":"https:\/\/serbenidorm.daliisolutions.com\/index.php\/wp-json\/wp\/v2\/posts\/8551","targetHints":{"allow":["GET"]}}],"collection":[{"href":"https:\/\/serbenidorm.daliisolutions.com\/index.php\/wp-json\/wp\/v2\/posts"}],"about":[{"href":"https:\/\/serbenidorm.daliisolutions.com\/index.php\/wp-json\/wp\/v2\/types\/post"}],"replies":[{"embeddable":true,"href":"https:\/\/serbenidorm.daliisolutions.com\/index.php\/wp-json\/wp\/v2\/comments?post=8551"}],"version-history":[{"count":0,"href":"https:\/\/serbenidorm.daliisolutions.com\/index.php\/wp-json\/wp\/v2\/posts\/8551\/revisions"}],"wp:featuredmedia":[{"embeddable":true,"href":"https:\/\/serbenidorm.daliisolutions.com\/index.php\/wp-json\/wp\/v2\/media\/8552"}],"wp:attachment":[{"href":"https:\/\/serbenidorm.daliisolutions.com\/index.php\/wp-json\/wp\/v2\/media?parent=8551"}],"wp:term":[{"taxonomy":"category","embeddable":true,"href":"https:\/\/serbenidorm.daliisolutions.com\/index.php\/wp-json\/wp\/v2\/categories?post=8551"},{"taxonomy":"post_tag","embeddable":true,"href":"https:\/\/serbenidorm.daliisolutions.com\/index.php\/wp-json\/wp\/v2\/tags?post=8551"}],"curies":[{"name":"wp","href":"https:\/\/api.w.org\/{rel}","templated":true}]}}