{"id":8553,"date":"2024-09-19T19:08:26","date_gmt":"2024-09-19T17:08:26","guid":{"rendered":"https:\/\/serbenidorm.daliisolutions.com\/index.php\/2024\/09\/19\/el-club-voleibol-playas-de-benidorm-luchara-por-todo-esta-temporada\/"},"modified":"2024-09-19T19:08:26","modified_gmt":"2024-09-19T17:08:26","slug":"el-club-voleibol-playas-de-benidorm-luchara-por-todo-esta-temporada","status":"publish","type":"post","link":"https:\/\/serbenidorm.daliisolutions.com\/index.php\/2024\/09\/19\/el-club-voleibol-playas-de-benidorm-luchara-por-todo-esta-temporada\/","title":{"rendered":"El Club Voleibol Playas de Benidorm luchar\u00e1 por todo esta temporada"},"content":{"rendered":"  <p>Benidorm<\/p>   <p>El primer fin de semana del pr\u00f3ximo mes de octubre arrancar\u00e1 una nueva e ilusionante temporada para los dos equipos de Supeliga 2 del Club Voleibol Playas de Benidorm, que vuelven a ser se\u00f1alados por todos como dos de los grandes aspirantes a <a href=\"https:\/\/cadenaser.com\/comunitat-valenciana\/2024\/09\/02\/todos-los-partidos-horarios-y-resultados-del-voleibol-radio-benidorm\/\" target=\"_blank\" rel=\"noopener\">estar peleando por los puestos de ascenso al final del curso que ahora arranca<\/a>.<\/p>   <p>De hecho, el equipo masculino ya <a href=\"https:\/\/cadenaser.com\/comunitat-valenciana\/2024\/09\/15\/debut-inmaculado-para-el-servigroup-voleibol-benidorm-radio-benidorm\/\" target=\"_blank\" rel=\"noopener\">ha dado una primera muestra de su potencial imponi\u00e9ndose, en los cuartos de final de la Copa Comunitat, al Paterna-Liceo<\/a>, un triunfo que ha permitido a los de Adriano Lamb poder disputar <a href=\"https:\/\/cadenaser.com\/comunitat-valenciana\/2024\/09\/19\/el-voleibol-vuelve-al-raul-mesa-con-la-semifinal-de-la-copa-comunitat-radio-benidorm\/\" target=\"_blank\" rel=\"noopener\">el pr\u00f3ximo domingo (12:30 horas) su primer partido oficial del a\u00f1o en el Ra\u00fal Mesa<\/a>. Ser\u00e1 el que les mida al Villena-Petrer en la semifinal de la competici\u00f3n auton\u00f3mica.<\/p>  <p><p>M\u00e1s informaci\u00f3n<\/p><figure><img loading=\"lazy\" decoding=\"async\" src=\"https:\/\/cadenaser.com\/resizer\/v2\/7TPHZLTOPNEVRHBDISODCMNOQU.jpg?auth=5734c3cd152c91a7dbdce0318636f67f00d0b49024eaa0729a8836509cc536cb&amp;quality=70&amp;width=360&amp;height=202&amp;smart=true\" width=\"820\" height=\"621\" \/><\/figure><ul><li><a href=\"https:\/\/cadenaser.com\/comunitat-valenciana\/2024\/09\/02\/todos-los-partidos-horarios-y-resultados-del-voleibol-radio-benidorm\/\"><span>Todos los partidos, horarios y resultados del voleibol<\/span><\/a><\/li><\/ul><\/p>   <p>Las chicas, por su parte, har\u00e1n su debut en competici\u00f3n oficial el pr\u00f3ximo domingo, tambi\u00e9n con motivo de la semifinal de la Copa Comunitat, actuando como visitantes en la cancha del Paterna-Liceo, que la pasada semana ape\u00f3 de la pelea por el t\u00edtulo al Medsur-Finestrat.<\/p>   <p>Antes de afrontar todos esos retos y, sobre todo, el inicio de la competici\u00f3n liguera, el coordinador del <a href=\"https:\/\/cadenaser.com\/tag\/club_voleibol_playas_benidorm\/a\/\" target=\"_blank\" rel=\"noopener\">Club Voleibol Playas de Benidorm<\/a>, Ram\u00f3n Gonz\u00e1lez, pas\u00f3 por los estudios de Radio Benidorm-SER acompa\u00f1ado de la entrenadora y la capitana del Servigroup Benidorm femenino, Noelia Santacreu y Mar\u00eda Soldevila; as\u00ed como de sus hom\u00f3logos en el cuadro masculino, Adriano Lamb y Sergio Ram\u00edrez para analizar, en SER Deportivos Marina Baixa, los grandes objetivos de la entidad en esta temporada 2024-2025.<\/p> ","protected":false},"excerpt":{"rendered":"<p>Los responsables de la entidad del Ra\u00fal Mesa desgranaron sus objetivos para esta campa\u00f1a en SER Deportivos Marina Baixa<\/p>\n","protected":false},"author":0,"featured_media":8554,"comment_status":"open","ping_status":"open","sticky":false,"template":"","format":"standard","meta":{"_acf_changed":false,"footnotes":""},"categories":[16],"tags":[],"class_list":["post-8553","post","type-post","status-publish","format-standard","has-post-thumbnail","hentry","category-deportes"],"acf":{"ser_id":"I7XI34HURBHSXIBX5OCLFKTBDE","ser_url":"https:\/\/cadenaser.com\/comunitat-valenciana\/2024\/09\/19\/el-club-voleibol-playas-de-benidorm-luchara-por-todo-esta-temporada-radio-benidorm\/"},"_links":{"self":[{"href":"https:\/\/serbenidorm.daliisolutions.com\/index.php\/wp-json\/wp\/v2\/posts\/8553","targetHints":{"allow":["GET"]}}],"collection":[{"href":"https:\/\/serbenidorm.daliisolutions.com\/index.php\/wp-json\/wp\/v2\/posts"}],"about":[{"href":"https:\/\/serbenidorm.daliisolutions.com\/index.php\/wp-json\/wp\/v2\/types\/post"}],"replies":[{"embeddable":true,"href":"https:\/\/serbenidorm.daliisolutions.com\/index.php\/wp-json\/wp\/v2\/comments?post=8553"}],"version-history":[{"count":0,"href":"https:\/\/serbenidorm.daliisolutions.com\/index.php\/wp-json\/wp\/v2\/posts\/8553\/revisions"}],"wp:featuredmedia":[{"embeddable":true,"href":"https:\/\/serbenidorm.daliisolutions.com\/index.php\/wp-json\/wp\/v2\/media\/8554"}],"wp:attachment":[{"href":"https:\/\/serbenidorm.daliisolutions.com\/index.php\/wp-json\/wp\/v2\/media?parent=8553"}],"wp:term":[{"taxonomy":"category","embeddable":true,"href":"https:\/\/serbenidorm.daliisolutions.com\/index.php\/wp-json\/wp\/v2\/categories?post=8553"},{"taxonomy":"post_tag","embeddable":true,"href":"https:\/\/serbenidorm.daliisolutions.com\/index.php\/wp-json\/wp\/v2\/tags?post=8553"}],"curies":[{"name":"wp","href":"https:\/\/api.w.org\/{rel}","templated":true}]}}